{"id":54356,"date":"2021-10-21T02:13:07","date_gmt":"2021-10-21T07:13:07","guid":{"rendered":"https:\/\/www.porlalibreedomex.com\/?p=54356"},"modified":"2021-10-22T02:13:48","modified_gmt":"2021-10-22T07:13:48","slug":"anuncia-secretaria-del-trabajo-dos-ferias-de-empleo-en-nezahualcoyotl","status":"publish","type":"post","link":"https:\/\/www.porlalibreedomex.com\/?p=54356","title":{"rendered":"ANUNCIA SECRETARIA DEL TRABAJO DOS FERIAS DE EMPLEO EN NEZAHUALC\u00d3YOTL"},"content":{"rendered":"<ul>\n<li><em><strong>Asiste a la entrega de reconocimientos a personal de la salud, cient\u00edficos y servidores p\u00fablicos que se han dedicado a salvaguardar la vida de la poblaci\u00f3n ante la pandemia por COVID-19.<\/strong><\/em><\/li>\n<li><em><strong>Ofrece trabajar de manera conjunta con el Ayuntamiento para\u00a0 buscadores de trabajo se coloquen y coadyuven en la reactivaci\u00f3n econ\u00f3mica.<\/strong><\/em><\/li>\n<\/ul>\n<p>&nbsp;<\/p>\n<p><strong>Nezahualc\u00f3yotl, Estado de M\u00e9xico, 21 de octubre de 2021.<\/strong> La Secretaria del Trabajo, Martha Hilda Gonz\u00e1lez Calder\u00f3n, dio a conocer que para impulsar la reactivaci\u00f3n econ\u00f3mica se llevar\u00e1n a cabo dos ferias de empleo en Nezahualc\u00f3yotl, una virtual y una de manera presencial.<\/p>\n<p>En el marco de la entrega de reconocimientos a personal de la salud, cient\u00edficos y servidores p\u00fablicos de los tres \u00f3rdenes de gobierno, que durante a\u00f1o y medio se han dedicado a procurar la salud y salvaguardar las vidas de todos los habitantes ante la pandemia de COVID-19, la funcionaria estatal dijo que ahora hay que generar oportunidades para la recuperaci\u00f3n de las fuentes de trabajo.<\/p>\n<p>Al acudir con la representaci\u00f3n del Gobernador Alfredo Del Mazo Maza, en la regi\u00f3n XI, Gonz\u00e1lez Calder\u00f3n dijo que para el 26 de octubre est\u00e1 programada una feria virtual y en el mes de noviembre se tiene contemplada una presencial.<\/p>\n<p><a href=\"https:\/\/www.porlalibreedomex.com\/wp-content\/uploads\/2021\/10\/Anuncian-dos-ferias-de-Empleo-para-Ciudad-Nezahualcoyotl.-Una-virtual-y-otra-presencial.-2021-10-21.jpeg\"><img loading=\"lazy\" decoding=\"async\" class=\"aligncenter size-full wp-image-54358\" src=\"https:\/\/www.porlalibreedomex.com\/wp-content\/uploads\/2021\/10\/Anuncian-dos-ferias-de-Empleo-para-Ciudad-Nezahualcoyotl.-Una-virtual-y-otra-presencial.-2021-10-21.jpeg\" alt=\"\" width=\"1100\" height=\"733\" srcset=\"https:\/\/www.porlalibreedomex.com\/wp-content\/uploads\/2021\/10\/Anuncian-dos-ferias-de-Empleo-para-Ciudad-Nezahualcoyotl.-Una-virtual-y-otra-presencial.-2021-10-21.jpeg 1100w, https:\/\/www.porlalibreedomex.com\/wp-content\/uploads\/2021\/10\/Anuncian-dos-ferias-de-Empleo-para-Ciudad-Nezahualcoyotl.-Una-virtual-y-otra-presencial.-2021-10-21-300x200.jpeg 300w, https:\/\/www.porlalibreedomex.com\/wp-content\/uploads\/2021\/10\/Anuncian-dos-ferias-de-Empleo-para-Ciudad-Nezahualcoyotl.-Una-virtual-y-otra-presencial.-2021-10-21-1024x682.jpeg 1024w, https:\/\/www.porlalibreedomex.com\/wp-content\/uploads\/2021\/10\/Anuncian-dos-ferias-de-Empleo-para-Ciudad-Nezahualcoyotl.-Una-virtual-y-otra-presencial.-2021-10-21-768x512.jpeg 768w\" sizes=\"auto, (max-width: 1100px) 100vw, 1100px\" \/><\/a><\/p>\n<p>Mencion\u00f3 que la Secretar\u00eda del Trabajo est\u00e1 de la mano del Gobierno municipal, pues <strong>es muy importante hacer a un lado las diferencias pol\u00edticas cuando la salud y la vida est\u00e1n de por medio.<\/strong><\/p>\n<p>Resalt\u00f3 el reconocimiento que las autoridades municipales hacen al personal que estuvo haci\u00e9ndole frente a la pandemia, acci\u00f3n que debe replicarse en todo el Estado de M\u00e9xico.<\/p>\n<p>\u201cMe da mucho gusto c\u00f3mo la ciencia se combina con la administraci\u00f3n municipal para impulsar pol\u00edticas p\u00fablicas en beneficio de los habitantes de Nezahualc\u00f3yotl\u201d, concluy\u00f3.<\/p>\n<p>Por su parte, el presidente municipal, Juan Hugo de la Rosa Garc\u00eda, reconoci\u00f3 al personal de la salud y servidores p\u00fablicos de los tres \u00f3rdenes de gobierno que durante a\u00f1o y medio se han dedicado a proteger la salud y la vida de los habitantes de esta ciudad ante la pandemia.<\/p>\n<p>Agradeci\u00f3 a cient\u00edficos y acad\u00e9micos, polic\u00eda municipal, Guardia Nacional, as\u00ed como al personal de los tres \u00f3rdenes de gobierno su valiosa participaci\u00f3n en las Jornadas de Vacunaci\u00f3n, donde m\u00e1s de 700 mil vecinos acudieron a aplicarse mill\u00f3n y medio de vacunas contra COVID-19, as\u00ed como a todos aquellos que han puesto su granito de arena para salir adelante de esta pandemia.<\/p>\n<p>En su oportunidad, el Coordinador General de Protecci\u00f3n Civil y Gesti\u00f3n Integral del Riesgo, Samuel Guti\u00e9rrez Mac\u00edas Calder\u00f3n, destac\u00f3 que el color verde del sem\u00e1foro epidemiol\u00f3gico, es gracias a la participaci\u00f3n de todos los mexiquenses.<\/p>\n<p>Finalmente, el jefe de la Jurisdicci\u00f3n Sanitaria de Nezahualc\u00f3yotl, Francisco Javier Portillo Ponce, dijo que cuando se unen voluntades en busca de un mismo objetivo, se logra llegar a la meta y en el caso de las jornadas de vacunaci\u00f3n este municipio puso el ejemplo.<\/p>\n","protected":false},"excerpt":{"rendered":"<p>Asiste a la entrega de reconocimientos a personal de la salud, cient\u00edficos y servidores p\u00fablicos que se han dedicado a salvaguardar la vida de la poblaci\u00f3n ante la pandemia por COVID-19. Ofrece trabajar de manera conjunta con el Ayuntamiento para\u00a0 buscadores de trabajo se coloquen y coadyuven en la reactivaci\u00f3n econ\u00f3mica. &nbsp; Nezahualc\u00f3yotl, Estado de [&hellip;]<\/p>\n","protected":false},"author":3,"featured_media":54357,"comment_status":"open","ping_status":"open","sticky":false,"template":"","format":"standard","meta":{"footnotes":""},"categories":[9146,16],"tags":[24948,24947,3043,17486],"class_list":{"0":"post-54356","1":"post","2":"type-post","3":"status-publish","4":"format-standard","5":"has-post-thumbnail","7":"category-economia","8":"category-foto","9":"tag-colocar-a-buscadores-de-empleo","10":"tag-ferias-de-empleo-para-nezahualcoyotl","11":"tag-martha-hilda-gonzalez-calderon","12":"tag-reactivacion-economica"},"wps_subtitle":"","_links":{"self":[{"href":"https:\/\/www.porlalibreedomex.com\/index.php?rest_route=\/wp\/v2\/posts\/54356","targetHints":{"allow":["GET"]}}],"collection":[{"href":"https:\/\/www.porlalibreedomex.com\/index.php?rest_route=\/wp\/v2\/posts"}],"about":[{"href":"https:\/\/www.porlalibreedomex.com\/index.php?rest_route=\/wp\/v2\/types\/post"}],"author":[{"embeddable":true,"href":"https:\/\/www.porlalibreedomex.com\/index.php?rest_route=\/wp\/v2\/users\/3"}],"replies":[{"embeddable":true,"href":"https:\/\/www.porlalibreedomex.com\/index.php?rest_route=%2Fwp%2Fv2%2Fcomments&post=54356"}],"version-history":[{"count":1,"href":"https:\/\/www.porlalibreedomex.com\/index.php?rest_route=\/wp\/v2\/posts\/54356\/revisions"}],"predecessor-version":[{"id":54359,"href":"https:\/\/www.porlalibreedomex.com\/index.php?rest_route=\/wp\/v2\/posts\/54356\/revisions\/54359"}],"wp:featuredmedia":[{"embeddable":true,"href":"https:\/\/www.porlalibreedomex.com\/index.php?rest_route=\/wp\/v2\/media\/54357"}],"wp:attachment":[{"href":"https:\/\/www.porlalibreedomex.com\/index.php?rest_route=%2Fwp%2Fv2%2Fmedia&parent=54356"}],"wp:term":[{"taxonomy":"category","embeddable":true,"href":"https:\/\/www.porlalibreedomex.com\/index.php?rest_route=%2Fwp%2Fv2%2Fcategories&post=54356"},{"taxonomy":"post_tag","embeddable":true,"href":"https:\/\/www.porlalibreedomex.com\/index.php?rest_route=%2Fwp%2Fv2%2Ftags&post=54356"}],"curies":[{"name":"wp","href":"https:\/\/api.w.org\/{rel}","templated":true}]}}