{"id":54344,"date":"2021-10-21T01:29:06","date_gmt":"2021-10-21T06:29:06","guid":{"rendered":"https:\/\/www.porlalibreedomex.com\/?p=54344"},"modified":"2021-10-22T01:33:46","modified_gmt":"2021-10-22T06:33:46","slug":"reconocen-trabajo-de-escritoras-mexiquenses","status":"publish","type":"post","link":"https:\/\/www.porlalibreedomex.com\/?p=54344","title":{"rendered":"RECONOCEN TRABAJO DE ESCRITORAS MEXIQUENSES"},"content":{"rendered":"<p>&nbsp;<\/p>\n<ul>\n<li><em><strong>Declara Maricruz Castro que el D\u00eda de la Escritora se trata de conmemorar la existencia, el pasado, el presente y lo que nos espera.<\/strong><\/em><\/li>\n<li><em><strong>Es necesario el reconocimiento de la escritura como un oficio\u00a0 importante para la sociedad.<\/strong><\/em><\/li>\n<\/ul>\n<p>&nbsp;<\/p>\n<p><strong>Toluca, Estado de M\u00e9xico, 21 de octubre de 2021.<\/strong> Con motivo del D\u00eda de las Escritoras en M\u00e9xico, la Secretar\u00eda de Cultura y Turismo difunde la labor de las mujeres que han dedicado su vida a escribir y tocar con sus libros a las personas y transformar a la sociedad.<\/p>\n<p>Esta iniciativa se concret\u00f3 en 2016, gracias a la Biblioteca Nacional de Espa\u00f1a, a la Federaci\u00f3n Espa\u00f1ola de Mujeres Directivas, Ejecutivas, Profesionales y Empresarias y a la Asociaci\u00f3n Cl\u00e1sicas y Modernas con la intenci\u00f3n de reivindicar la labor y el legado de las escritoras.<\/p>\n<p>La escritora Maricruz Castro Ricalde, Doctora en Letras Modernas, profesora e investigadora, con una amplia trayectoria e importante producci\u00f3n editorial, comparti\u00f3 el verdadero sentido de esta fecha<a href=\"https:\/\/www.porlalibreedomex.com\/wp-content\/uploads\/2021\/10\/Dia-de-las-Mujeres-Escritoras-en-Mexico.jpeg\"><img loading=\"lazy\" decoding=\"async\" class=\"aligncenter size-full wp-image-54345\" src=\"https:\/\/www.porlalibreedomex.com\/wp-content\/uploads\/2021\/10\/Dia-de-las-Mujeres-Escritoras-en-Mexico.jpeg\" alt=\"\" width=\"825\" height=\"1100\" srcset=\"https:\/\/www.porlalibreedomex.com\/wp-content\/uploads\/2021\/10\/Dia-de-las-Mujeres-Escritoras-en-Mexico.jpeg 825w, https:\/\/www.porlalibreedomex.com\/wp-content\/uploads\/2021\/10\/Dia-de-las-Mujeres-Escritoras-en-Mexico-225x300.jpeg 225w, https:\/\/www.porlalibreedomex.com\/wp-content\/uploads\/2021\/10\/Dia-de-las-Mujeres-Escritoras-en-Mexico-768x1024.jpeg 768w\" sizes=\"auto, (max-width: 825px) 100vw, 825px\" \/><\/a><\/p>\n<p>&nbsp;<\/p>\n<p>\u201cQuiero recalcar, subrayar, cu\u00e1l es la relevancia de que exista este d\u00eda porque se trata del conjunto de acciones afirmativas, es decir, lo que no se nombra, no se ve, aunque exista y cuando se habla del D\u00eda de la Escritora, se trata m\u00e1s bien de conmemorar la existencia, el pasado, el presente y lo que nos espera.<\/p>\n<p>\u201cTodas las personas y espec\u00edficamente en el caso de las mujeres, que se deciden por la escritura, no solamente como una vocaci\u00f3n sino como una profesi\u00f3n, se ven involucradas en toda una serie de enfrentamientos, conflictos y problem\u00e1ticas\u201d, extern\u00f3.<\/p>\n<p>Para Castro Ricalde, \u201cvale la pena reflexionar porque querer ser escritora y que al mismo tiempo la escritura sea una forma de subsistencia material, es una manera de reconocer que la escritura es un oficio necesario para la sociedad\u201d.<a href=\"https:\/\/www.porlalibreedomex.com\/wp-content\/uploads\/2021\/10\/La-escritora-Maricruz-Castro-Ricaldeen-la-charla-con-motivo-del-Dia-de-las-Mujeres-Escritoras-en-Mexico.-2021-10-21.jpeg\"><img loading=\"lazy\" decoding=\"async\" class=\"alignright size-medium wp-image-54347\" src=\"https:\/\/www.porlalibreedomex.com\/wp-content\/uploads\/2021\/10\/La-escritora-Maricruz-Castro-Ricaldeen-la-charla-con-motivo-del-Dia-de-las-Mujeres-Escritoras-en-Mexico.-2021-10-21-225x300.jpeg\" alt=\"\" width=\"225\" height=\"300\" srcset=\"https:\/\/www.porlalibreedomex.com\/wp-content\/uploads\/2021\/10\/La-escritora-Maricruz-Castro-Ricaldeen-la-charla-con-motivo-del-Dia-de-las-Mujeres-Escritoras-en-Mexico.-2021-10-21-225x300.jpeg 225w, https:\/\/www.porlalibreedomex.com\/wp-content\/uploads\/2021\/10\/La-escritora-Maricruz-Castro-Ricaldeen-la-charla-con-motivo-del-Dia-de-las-Mujeres-Escritoras-en-Mexico.-2021-10-21-768x1024.jpeg 768w, https:\/\/www.porlalibreedomex.com\/wp-content\/uploads\/2021\/10\/La-escritora-Maricruz-Castro-Ricaldeen-la-charla-con-motivo-del-Dia-de-las-Mujeres-Escritoras-en-Mexico.-2021-10-21.jpeg 825w\" sizes=\"auto, (max-width: 225px) 100vw, 225px\" \/><\/a><\/p>\n<p>En cuanto a los motivos de satisfacci\u00f3n para Maricruz, dijo, \u201cson las redes de soporte; es muy importante resaltar que tenemos que luchar con estos estereotipos de que las mujeres no pueden trabajar entre s\u00ed, no pueden ser solidarias entre s\u00ed, el peor enemigo de una mujer es la misma mujer, etc. Y una de las grandes satisfacciones es ir por la vida tratando de hacer redes, formar parte de redes, y sentir que tenemos esas otras afinidades.<\/p>\n<p>\u201cLa situaci\u00f3n de la mujer ha podido cambiar con el tiempo; sin embargo, sigo planteando el hecho de la gran dificultad de combinar la vida personal con la vida profesional que implica dedicarse a escribir. La gran dificultad de parejas que entiendan este sentido de equidad es algo que permanece y que se ha movido muy poco\u201d, dijo.<\/p>\n<p>Afirm\u00f3 que cada vez hay m\u00e1s personas que buscan expresamente leer a plumas con nombre y apellido de mujer y la invitaci\u00f3n es a que nuestro p\u00fablico masculino tambi\u00e9n busque con esa avidez la escritura de las mujeres.<\/p>\n<p>\u201cLa escritura es un trabajo, es una formaci\u00f3n, y en esta formaci\u00f3n est\u00e1 la lectura; me parece que es muy importante leer a nuestras compa\u00f1eras, leer a nuestras colegas, leer a otras mujeres. Ello nos marca rumbos, nos da pistas por donde seguir\u201d, concluy\u00f3.<\/p>\n<p>El Estado de M\u00e9xico cuenta con un importante legado literario de mujeres mexiquenses como Sor Juana In\u00e9s de la Cruz, Laura M\u00e9ndez de Cuenca, Mercedes Carrasco, Olga Arias, Elia Alvarado, Carmen Rosenzweig, Irma Tapia y Emma Mauricia Moreno, por mencionar s\u00f3lo algunas.<\/p>\n","protected":false},"excerpt":{"rendered":"<p>&nbsp; Declara Maricruz Castro que el D\u00eda de la Escritora se trata de conmemorar la existencia, el pasado, el presente y lo que nos espera. Es necesario el reconocimiento de la escritura como un oficio\u00a0 importante para la sociedad. &nbsp; Toluca, Estado de M\u00e9xico, 21 de octubre de 2021. Con motivo del D\u00eda de las [&hellip;]<\/p>\n","protected":false},"author":3,"featured_media":54346,"comment_status":"open","ping_status":"open","sticky":false,"template":"","format":"standard","meta":{"footnotes":""},"categories":[9873,9157,16],"tags":[24943,24944],"class_list":{"0":"post-54344","1":"post","2":"type-post","3":"status-publish","4":"format-standard","5":"has-post-thumbnail","7":"category-cultura","8":"category-edomex","9":"category-foto","10":"tag-dia-de-las-escritoras-en-mexico","11":"tag-escritora-maricruz-castro-ricalde"},"wps_subtitle":"","_links":{"self":[{"href":"https:\/\/www.porlalibreedomex.com\/index.php?rest_route=\/wp\/v2\/posts\/54344","targetHints":{"allow":["GET"]}}],"collection":[{"href":"https:\/\/www.porlalibreedomex.com\/index.php?rest_route=\/wp\/v2\/posts"}],"about":[{"href":"https:\/\/www.porlalibreedomex.com\/index.php?rest_route=\/wp\/v2\/types\/post"}],"author":[{"embeddable":true,"href":"https:\/\/www.porlalibreedomex.com\/index.php?rest_route=\/wp\/v2\/users\/3"}],"replies":[{"embeddable":true,"href":"https:\/\/www.porlalibreedomex.com\/index.php?rest_route=%2Fwp%2Fv2%2Fcomments&post=54344"}],"version-history":[{"count":3,"href":"https:\/\/www.porlalibreedomex.com\/index.php?rest_route=\/wp\/v2\/posts\/54344\/revisions"}],"predecessor-version":[{"id":54350,"href":"https:\/\/www.porlalibreedomex.com\/index.php?rest_route=\/wp\/v2\/posts\/54344\/revisions\/54350"}],"wp:featuredmedia":[{"embeddable":true,"href":"https:\/\/www.porlalibreedomex.com\/index.php?rest_route=\/wp\/v2\/media\/54346"}],"wp:attachment":[{"href":"https:\/\/www.porlalibreedomex.com\/index.php?rest_route=%2Fwp%2Fv2%2Fmedia&parent=54344"}],"wp:term":[{"taxonomy":"category","embeddable":true,"href":"https:\/\/www.porlalibreedomex.com\/index.php?rest_route=%2Fwp%2Fv2%2Fcategories&post=54344"},{"taxonomy":"post_tag","embeddable":true,"href":"https:\/\/www.porlalibreedomex.com\/index.php?rest_route=%2Fwp%2Fv2%2Ftags&post=54344"}],"curies":[{"name":"wp","href":"https:\/\/api.w.org\/{rel}","templated":true}]}}