{"id":54339,"date":"2021-10-21T01:11:12","date_gmt":"2021-10-21T06:11:12","guid":{"rendered":"https:\/\/www.porlalibreedomex.com\/?p=54339"},"modified":"2021-10-22T01:12:42","modified_gmt":"2021-10-22T06:12:42","slug":"paris-mozart-orchestra-compartio-musica-y-conocimientos-en-la-uaem","status":"publish","type":"post","link":"https:\/\/www.porlalibreedomex.com\/?p=54339","title":{"rendered":"PARIS MOZART ORCHESTRA COMPARTI\u00d3 M\u00daSICA Y CONOCIMIENTOS EN LA UAEM"},"content":{"rendered":"<ul>\n<li><em><strong> Mediante dos clases magistrales a estudiantes de la Licenciatura en M\u00fasica de la Escuela de Artes Esc\u00e9nicas de la UAEM e integrantes de la OSJUAEM.<\/strong><\/em><\/li>\n<\/ul>\n<p>&nbsp;<\/p>\n<p><strong>Toluca, M\u00e9x; 21 de octubre de 2021.<\/strong> La Paris Mozart Orchestra se present\u00f3 ante la comunidad de la Universidad Aut\u00f3noma del Estado de M\u00e9xico (UAEM) con un concierto de gala y dos clases magistrales, como parte de la gira que realiza por nuestro pa\u00eds.<br \/>\nPor la ma\u00f1ana estudiantes de la Licenciatura en M\u00fasica de la Escuela de Artes Esc\u00e9nicas de la Universidad Aut\u00f3noma del Estado de M\u00e9xico (UAEM) e integrantes de la Orquesta Sinf\u00f3nica Juvenil de esta casa de estudios (OSJUAEM) recibieron dos clases magistrales impartidas por los m\u00fasicos \u00c9ric Lacrouts, primer viol\u00edn, y Maria Mosconi, viola, de esta orquesta.<\/p>\n<p><a href=\"https:\/\/www.porlalibreedomex.com\/wp-content\/uploads\/2021\/10\/Una-clase-magistral-a-los-musicos-de-la-UAEM-para-compartir-tecnicas-de-ritmo-y-ejecucion-del-instrumento..jpeg\"><img loading=\"lazy\" decoding=\"async\" class=\"aligncenter size-full wp-image-54342\" src=\"https:\/\/www.porlalibreedomex.com\/wp-content\/uploads\/2021\/10\/Una-clase-magistral-a-los-musicos-de-la-UAEM-para-compartir-tecnicas-de-ritmo-y-ejecucion-del-instrumento..jpeg\" alt=\"\" width=\"1280\" height=\"853\" srcset=\"https:\/\/www.porlalibreedomex.com\/wp-content\/uploads\/2021\/10\/Una-clase-magistral-a-los-musicos-de-la-UAEM-para-compartir-tecnicas-de-ritmo-y-ejecucion-del-instrumento..jpeg 1280w, https:\/\/www.porlalibreedomex.com\/wp-content\/uploads\/2021\/10\/Una-clase-magistral-a-los-musicos-de-la-UAEM-para-compartir-tecnicas-de-ritmo-y-ejecucion-del-instrumento.-300x200.jpeg 300w, https:\/\/www.porlalibreedomex.com\/wp-content\/uploads\/2021\/10\/Una-clase-magistral-a-los-musicos-de-la-UAEM-para-compartir-tecnicas-de-ritmo-y-ejecucion-del-instrumento.-1024x682.jpeg 1024w, https:\/\/www.porlalibreedomex.com\/wp-content\/uploads\/2021\/10\/Una-clase-magistral-a-los-musicos-de-la-UAEM-para-compartir-tecnicas-de-ritmo-y-ejecucion-del-instrumento.-768x512.jpeg 768w\" sizes=\"auto, (max-width: 1280px) 100vw, 1280px\" \/><\/a><br \/>\n<strong>El encuentro se llev\u00f3 a cabo en el Museo Universitario \u201cLeopoldo Flores\u201d, donde los m\u00fasicos con reconocimiento internacional compartieron sus conocimientos en cuanto a t\u00e9cnica y ritmo, al tocar un instrumento con los universitarios.<\/strong><br \/>\nAl respecto, la secretaria de Difusi\u00f3n Cultural de la UAEM, Mar\u00eda de las Mercedes Portilla Luja, dio la bienvenida a los integrantes de la Paris Mozart Orchestra y calific\u00f3 las dos clases magistrales como una oportunidad de formaci\u00f3n para los universitarios y una plataforma para mostrar el talento de la comunidad de la M\u00e1xima Casa de Estudios mexiquense.<br \/>\nPortilla Luja detall\u00f3 que las clases magistrales son resultado de la vinculaci\u00f3n que la UAEM ha logrado con diferentes instancias como las embajadas, entre ellas, la francesa, lo que permiti\u00f3 que los integrantes de la Orquesta, adem\u00e1s de otorgar un concierto en el Aula Magna del Edificio de Rector\u00eda, tuvieran un acercamiento con los estudiantes.<\/p>\n<p><a href=\"https:\/\/www.porlalibreedomex.com\/wp-content\/uploads\/2021\/10\/Musicos-de-lsa-Paris-Mozart-Orchestra-ofrecieron-una-clase-magistral-a-elementos-de-la-Orquesta-Sinfonica-Juvenil-de-la-UAEM..jpeg\"><img loading=\"lazy\" decoding=\"async\" class=\"aligncenter size-full wp-image-54341\" src=\"https:\/\/www.porlalibreedomex.com\/wp-content\/uploads\/2021\/10\/Musicos-de-lsa-Paris-Mozart-Orchestra-ofrecieron-una-clase-magistral-a-elementos-de-la-Orquesta-Sinfonica-Juvenil-de-la-UAEM..jpeg\" alt=\"\" width=\"1280\" height=\"853\" srcset=\"https:\/\/www.porlalibreedomex.com\/wp-content\/uploads\/2021\/10\/Musicos-de-lsa-Paris-Mozart-Orchestra-ofrecieron-una-clase-magistral-a-elementos-de-la-Orquesta-Sinfonica-Juvenil-de-la-UAEM..jpeg 1280w, https:\/\/www.porlalibreedomex.com\/wp-content\/uploads\/2021\/10\/Musicos-de-lsa-Paris-Mozart-Orchestra-ofrecieron-una-clase-magistral-a-elementos-de-la-Orquesta-Sinfonica-Juvenil-de-la-UAEM.-300x200.jpeg 300w, https:\/\/www.porlalibreedomex.com\/wp-content\/uploads\/2021\/10\/Musicos-de-lsa-Paris-Mozart-Orchestra-ofrecieron-una-clase-magistral-a-elementos-de-la-Orquesta-Sinfonica-Juvenil-de-la-UAEM.-1024x682.jpeg 1024w, https:\/\/www.porlalibreedomex.com\/wp-content\/uploads\/2021\/10\/Musicos-de-lsa-Paris-Mozart-Orchestra-ofrecieron-una-clase-magistral-a-elementos-de-la-Orquesta-Sinfonica-Juvenil-de-la-UAEM.-768x512.jpeg 768w\" sizes=\"auto, (max-width: 1280px) 100vw, 1280px\" \/><\/a><br \/>\nLos estudiantes que recibieron directamente las clases magistrales fueron Jes\u00fas \u00c1ngel Barraza Hidalgo, de la OSJUAEM, as\u00ed como Mar\u00eda Fernanda Osorio V\u00e1zquez, Omar Alejandro Vilchis Castej\u00f3n, Pedro Armando Pallares Jaimes y Jazm\u00edn Ortega Ortiz, de la Licenciatura en M\u00fasica; adem\u00e1s, asistieron otros alumnas y alumnos de esta carrera.<br \/>\nM\u00e1s tarde, el Aula Magna \u201cLic. Adolfo L\u00f3pez Mateos\u201d del Edificio de Rector\u00eda fue sede del concierto que la Paris Mozart Orchestra brind\u00f3 a la comunidad universitaria en el que la agrupaci\u00f3n francesa interpret\u00f3 obras de maestros como Wolfgang Amadeus Mozart y Ludwig van Beethoven.<br \/>\n<strong>Al concierto acudieron el rector de la UAEM, Carlos Eduardo Barrera D\u00edaz, integrantes del gabinete universitario, autoridades del gobierno estatal, del ayuntamiento de Toluca, de la Alianza Francesa de Toluca y comunidad universitaria en general.<\/strong><\/p>\n","protected":false},"excerpt":{"rendered":"<p>Mediante dos clases magistrales a estudiantes de la Licenciatura en M\u00fasica de la Escuela de Artes Esc\u00e9nicas de la UAEM e integrantes de la OSJUAEM. &nbsp; Toluca, M\u00e9x; 21 de octubre de 2021. La Paris Mozart Orchestra se present\u00f3 ante la comunidad de la Universidad Aut\u00f3noma del Estado de M\u00e9xico (UAEM) con un concierto de [&hellip;]<\/p>\n","protected":false},"author":3,"featured_media":54340,"comment_status":"open","ping_status":"open","sticky":false,"template":"","format":"standard","meta":{"footnotes":""},"categories":[9873,9157,16],"tags":[24941,24942,24940],"class_list":{"0":"post-54339","1":"post","2":"type-post","3":"status-publish","4":"format-standard","5":"has-post-thumbnail","7":"category-cultura","8":"category-edomex","9":"category-foto","10":"tag-concierto-en-el-aula-magna","11":"tag-el-rector-asiste-a-concierto","12":"tag-paris-mozart-orchestra-en-la-uaem"},"wps_subtitle":"La Paris Mozart Orchestra ejecut\u00f3 un concierto en el Aula Magna del Edificio de Rector\u00eda.","_links":{"self":[{"href":"https:\/\/www.porlalibreedomex.com\/index.php?rest_route=\/wp\/v2\/posts\/54339","targetHints":{"allow":["GET"]}}],"collection":[{"href":"https:\/\/www.porlalibreedomex.com\/index.php?rest_route=\/wp\/v2\/posts"}],"about":[{"href":"https:\/\/www.porlalibreedomex.com\/index.php?rest_route=\/wp\/v2\/types\/post"}],"author":[{"embeddable":true,"href":"https:\/\/www.porlalibreedomex.com\/index.php?rest_route=\/wp\/v2\/users\/3"}],"replies":[{"embeddable":true,"href":"https:\/\/www.porlalibreedomex.com\/index.php?rest_route=%2Fwp%2Fv2%2Fcomments&post=54339"}],"version-history":[{"count":1,"href":"https:\/\/www.porlalibreedomex.com\/index.php?rest_route=\/wp\/v2\/posts\/54339\/revisions"}],"predecessor-version":[{"id":54343,"href":"https:\/\/www.porlalibreedomex.com\/index.php?rest_route=\/wp\/v2\/posts\/54339\/revisions\/54343"}],"wp:featuredmedia":[{"embeddable":true,"href":"https:\/\/www.porlalibreedomex.com\/index.php?rest_route=\/wp\/v2\/media\/54340"}],"wp:attachment":[{"href":"https:\/\/www.porlalibreedomex.com\/index.php?rest_route=%2Fwp%2Fv2%2Fmedia&parent=54339"}],"wp:term":[{"taxonomy":"category","embeddable":true,"href":"https:\/\/www.porlalibreedomex.com\/index.php?rest_route=%2Fwp%2Fv2%2Fcategories&post=54339"},{"taxonomy":"post_tag","embeddable":true,"href":"https:\/\/www.porlalibreedomex.com\/index.php?rest_route=%2Fwp%2Fv2%2Ftags&post=54339"}],"curies":[{"name":"wp","href":"https:\/\/api.w.org\/{rel}","templated":true}]}}