{"id":54322,"date":"2021-10-20T02:52:04","date_gmt":"2021-10-20T07:52:04","guid":{"rendered":"https:\/\/www.porlalibreedomex.com\/?p=54322"},"modified":"2021-10-21T02:53:53","modified_gmt":"2021-10-21T07:53:53","slug":"el-pt-del-estado-de-mexico-anuncia-movilizaciones-en-apoyo-a-la-contra-reforma-energetica","status":"publish","type":"post","link":"https:\/\/www.porlalibreedomex.com\/?p=54322","title":{"rendered":"El PT del Estado de M\u00e9xico anuncia movilizaciones en apoyo a la (contra) reforma energ\u00e9tica\u00a0"},"content":{"rendered":"<div class=\"nH V8djrc byY\">\n<div class=\"nH\">\n<div class=\"ha\">\n<div id=\":28\" class=\"pG\" role=\"img\" data-tooltip-contained=\"true\" data-tooltip-align=\"b,l\" data-tooltip-delay=\"1500\" aria-label=\"Mensaje importante porque se te ha enviado directamente\">\n<div class=\"pH a9q\" tabindex=\"0\"><\/div>\n<div class=\"bnj \"><\/div>\n<\/div>\n<\/div>\n<\/div>\n<\/div>\n<div class=\"nH aHU\">\n<div class=\"nH hx\">\n<div class=\"nH\" role=\"list\">\n<div class=\"h7 ie nH oy8Mbf\" tabindex=\"-1\" role=\"listitem\">\n<div class=\"Bk\">\n<div class=\"G3 G2\">\n<div id=\":1q\">\n<div class=\"adn ads\" data-message-id=\"#msg-f:1714188987439846861\" data-legacy-message-id=\"17ca05cd4a3d15cd\">\n<div class=\"gs\">\n<div class=\"\">\n<div id=\":2w\" tabindex=\"-1\"><\/div>\n<div id=\":5p\" class=\"ii gt\">\n<div id=\":5q\" class=\"a3s aiL \">\n<p><strong>Bettina Falc\u00f3n Valerdi \/\u00a0<\/strong><\/p>\n<p><strong>Toluca, Estado de M\u00e9xico, 20 de octubre de 2021.-<\/strong> La Comisi\u00f3n Ejecutiva Estatal del Partido del Trabajo (PT), acord\u00f3 una serie de estrategias \u201cEn defensa de la Reforma Energ\u00e9tica\u201d, propuesta por el presidente de la Rep\u00fablica, Andr\u00e9s Manuel L\u00f3pez Obrador.<br \/>\nEn conferencia de prensa el l\u00edder de ese partido en la entidad, Norberto Morales Poblete, dio a conocer los detalles del acuerdo, mismos que se centran en una serie de movilizaciones ciudadanas en los distintos municipios donde el PT tiene presencia.<br \/>\nLas motivaciones que sustentan esta estrategia van desde recuperar la rector\u00eda del Estado\u00a0 en la conducci\u00f3n del sistema el\u00e9ctrico nacional en beneficio del pueblo de M\u00e9xico, hasta encaminar al pa\u00eds a lograr la autosuficiencia energ\u00e9tica, precios estables, abastecimiento permanente a los 46.2 millones de consumidores donde est\u00e1n incluidos los 43 millones de usuarios dom\u00e9sticos.<\/p>\n<\/div>\n<div class=\"a3s aiL \"><a href=\"https:\/\/www.porlalibreedomex.com\/wp-content\/uploads\/2021\/10\/La-dirigencia-del-Partido-del-Trabajo-en-el-Estado-de-Mexico-anuncio-que-hara-movilizaciones-en-favor-de-la-propuesta-de-Reforma-Energetica-de-AMLO..jpg\"><img loading=\"lazy\" decoding=\"async\" class=\"aligncenter size-full wp-image-54323\" src=\"https:\/\/www.porlalibreedomex.com\/wp-content\/uploads\/2021\/10\/La-dirigencia-del-Partido-del-Trabajo-en-el-Estado-de-Mexico-anuncio-que-hara-movilizaciones-en-favor-de-la-propuesta-de-Reforma-Energetica-de-AMLO..jpg\" alt=\"\" width=\"1100\" height=\"592\" srcset=\"https:\/\/www.porlalibreedomex.com\/wp-content\/uploads\/2021\/10\/La-dirigencia-del-Partido-del-Trabajo-en-el-Estado-de-Mexico-anuncio-que-hara-movilizaciones-en-favor-de-la-propuesta-de-Reforma-Energetica-de-AMLO..jpg 1100w, https:\/\/www.porlalibreedomex.com\/wp-content\/uploads\/2021\/10\/La-dirigencia-del-Partido-del-Trabajo-en-el-Estado-de-Mexico-anuncio-que-hara-movilizaciones-en-favor-de-la-propuesta-de-Reforma-Energetica-de-AMLO.-300x161.jpg 300w, https:\/\/www.porlalibreedomex.com\/wp-content\/uploads\/2021\/10\/La-dirigencia-del-Partido-del-Trabajo-en-el-Estado-de-Mexico-anuncio-que-hara-movilizaciones-en-favor-de-la-propuesta-de-Reforma-Energetica-de-AMLO.-1024x551.jpg 1024w, https:\/\/www.porlalibreedomex.com\/wp-content\/uploads\/2021\/10\/La-dirigencia-del-Partido-del-Trabajo-en-el-Estado-de-Mexico-anuncio-que-hara-movilizaciones-en-favor-de-la-propuesta-de-Reforma-Energetica-de-AMLO.-768x413.jpg 768w\" sizes=\"auto, (max-width: 1100px) 100vw, 1100px\" \/><\/a><br \/>\nPor ello durante la discusi\u00f3n de esta iniciativa en el seno del Congreso de la Uni\u00f3n, el PT realizar\u00e1 la difusi\u00f3n informada del contenido de esta propuesta y promover\u00e1 movilizaciones y asambleas entre la ciudadan\u00eda para que se manifiesten p\u00fablicamente en favor de dicha reforma.<br \/>\nMorales Poblete hizo un llamado a los millones de mexicanos que quieren la transformaci\u00f3n del pa\u00eds mediante la eliminaci\u00f3n de la corrupci\u00f3n de los gobiernos neoliberales, ya que esta iniciativa tiene como prop\u00f3sito terminar con el saqueo que llevan a cabo empresas privadas nacionales y extranjeras desde que fue aprobada la reforma energ\u00e9tica propuesta en el sexenio anterior y aprobada en 2013.<br \/>\nCon base en el contenido de la reforma de AMLO, el l\u00edder petista explic\u00f3 que se busca que la Comisi\u00f3n Federal de Electricidad (CFE), genere al menos 54% de la energ\u00eda que requiere el pa\u00eds, y que el sector privado aporte el 46% de lo que el pa\u00eds requiere.<br \/>\nAsimismo asegur\u00f3 que en parte alguna del mundo, la privatizaci\u00f3n del sector el\u00e9ctrico ha funcionado de forma eficiente, y destac\u00f3 que actualmente la CFE produce el 55% de las energ\u00edas limpias con una eficiencia mayor a la obtenida con las empresas privadas.<\/div>\n<\/div>\n<\/div>\n<\/div>\n<\/div>\n<\/div>\n<\/div>\n<\/div>\n<\/div>\n<\/div>\n<\/div>\n<\/div>\n","protected":false},"excerpt":{"rendered":"<p>Bettina Falc\u00f3n Valerdi \/\u00a0 Toluca, Estado de M\u00e9xico, 20 de octubre de 2021.- La Comisi\u00f3n Ejecutiva Estatal del Partido del Trabajo (PT), acord\u00f3 una serie de estrategias \u201cEn defensa de la Reforma Energ\u00e9tica\u201d, propuesta por el presidente de la Rep\u00fablica, Andr\u00e9s Manuel L\u00f3pez Obrador. En conferencia de prensa el l\u00edder de ese partido en la [&hellip;]<\/p>\n","protected":false},"author":3,"featured_media":54323,"comment_status":"open","ping_status":"open","sticky":false,"template":"","format":"standard","meta":{"footnotes":""},"categories":[16,9145],"tags":[24934,24933],"class_list":{"0":"post-54322","1":"post","2":"type-post","3":"status-publish","4":"format-standard","5":"has-post-thumbnail","7":"category-foto","8":"category-general","9":"tag-contra-reforma-energetica","10":"tag-anuncia-movilizaciones-el-pt"},"wps_subtitle":"","_links":{"self":[{"href":"https:\/\/www.porlalibreedomex.com\/index.php?rest_route=\/wp\/v2\/posts\/54322","targetHints":{"allow":["GET"]}}],"collection":[{"href":"https:\/\/www.porlalibreedomex.com\/index.php?rest_route=\/wp\/v2\/posts"}],"about":[{"href":"https:\/\/www.porlalibreedomex.com\/index.php?rest_route=\/wp\/v2\/types\/post"}],"author":[{"embeddable":true,"href":"https:\/\/www.porlalibreedomex.com\/index.php?rest_route=\/wp\/v2\/users\/3"}],"replies":[{"embeddable":true,"href":"https:\/\/www.porlalibreedomex.com\/index.php?rest_route=%2Fwp%2Fv2%2Fcomments&post=54322"}],"version-history":[{"count":2,"href":"https:\/\/www.porlalibreedomex.com\/index.php?rest_route=\/wp\/v2\/posts\/54322\/revisions"}],"predecessor-version":[{"id":54326,"href":"https:\/\/www.porlalibreedomex.com\/index.php?rest_route=\/wp\/v2\/posts\/54322\/revisions\/54326"}],"wp:featuredmedia":[{"embeddable":true,"href":"https:\/\/www.porlalibreedomex.com\/index.php?rest_route=\/wp\/v2\/media\/54323"}],"wp:attachment":[{"href":"https:\/\/www.porlalibreedomex.com\/index.php?rest_route=%2Fwp%2Fv2%2Fmedia&parent=54322"}],"wp:term":[{"taxonomy":"category","embeddable":true,"href":"https:\/\/www.porlalibreedomex.com\/index.php?rest_route=%2Fwp%2Fv2%2Fcategories&post=54322"},{"taxonomy":"post_tag","embeddable":true,"href":"https:\/\/www.porlalibreedomex.com\/index.php?rest_route=%2Fwp%2Fv2%2Ftags&post=54322"}],"curies":[{"name":"wp","href":"https:\/\/api.w.org\/{rel}","templated":true}]}}