{"id":54309,"date":"2021-10-20T02:02:14","date_gmt":"2021-10-20T07:02:14","guid":{"rendered":"https:\/\/www.porlalibreedomex.com\/?p=54309"},"modified":"2021-10-21T02:12:12","modified_gmt":"2021-10-21T07:12:12","slug":"acercan-al-publico-mexiquense-musica-del-clarinete-de-adrian-velazquez","status":"publish","type":"post","link":"https:\/\/www.porlalibreedomex.com\/?p=54309","title":{"rendered":"ACERCAN AL P\u00daBLICO MEXIQUENSE M\u00daSICA DEL CLARINETE DE ADRI\u00c1N VEL\u00c1ZQUEZ"},"content":{"rendered":"<ul>\n<li><em><strong>Realizan presentaci\u00f3n en la Sala de Conciertos \u201cLaszlo Frater\u201d, ubicada en el interior del Conservatorio de M\u00fasica del Estado de M\u00e9xico.<\/strong><\/em><\/li>\n<li><em><strong>La cita es el pr\u00f3ximo domingo 24 de octubre a las 12:30 horas.<\/strong><\/em><\/li>\n<\/ul>\n<p>&nbsp;<\/p>\n<p><strong>Toluca, Estado de M\u00e9xico, 20 de octubre de 2021.<\/strong> La m\u00fasica es un conjunto de sonidos que transmite emociones, tambi\u00e9n representa ideas y pensamientos, as\u00ed como la pasi\u00f3n de quienes interpretan cada instrumento, por ello y con el objetivo de difundir y ofrecer estas experiencias, el Conservatorio de M\u00fasica del Estado de M\u00e9xico (COMEM), acerca a grandes m\u00fasicos al p\u00fablico mexiquense.<\/p>\n<p>As\u00ed, ofrecer\u00e1 un concierto a cargo del clarinetista Adri\u00e1n Vel\u00e1zquez, instrumentista originario de Santa Catarina del Monte, Texcoco, Estado de M\u00e9xico, quien inici\u00f3 su carrera musical al lado de su padre, Ascencio Vel\u00e1zquez, a la edad de ocho a\u00f1os.<\/p>\n<p>Posteriormente ingres\u00f3 al Conservatorio Nacional de M\u00fasica en donde tom\u00f3 clases con los maestros Marino Calva, Joel David Katz y Gregorio Hern\u00e1ndez.<\/p>\n<p>A lo largo de su trayectoria musical ha asistido a cursos para clarinete con grandes artistas en Estados Unidos y Europa, as\u00ed como a todos los cursos para clarinete organizados en la Ciudad de M\u00e9xico desde 1994.<\/p>\n<p>Por su inquebrantable esfuerzo ha recibido diversas distinciones y premios importantes como el Premio Mozart, en 1997 y el Premio Brahms, en 1998, entre otros.<\/p>\n<p><a href=\"https:\/\/www.porlalibreedomex.com\/wp-content\/uploads\/2021\/10\/La-cita-para-el-Concierto-de-Clarinete-es-el-proximo-domingo..jpeg\"><img loading=\"lazy\" decoding=\"async\" class=\"aligncenter size-full wp-image-54312\" src=\"https:\/\/www.porlalibreedomex.com\/wp-content\/uploads\/2021\/10\/La-cita-para-el-Concierto-de-Clarinete-es-el-proximo-domingo..jpeg\" alt=\"\" width=\"704\" height=\"960\" srcset=\"https:\/\/www.porlalibreedomex.com\/wp-content\/uploads\/2021\/10\/La-cita-para-el-Concierto-de-Clarinete-es-el-proximo-domingo..jpeg 704w, https:\/\/www.porlalibreedomex.com\/wp-content\/uploads\/2021\/10\/La-cita-para-el-Concierto-de-Clarinete-es-el-proximo-domingo.-220x300.jpeg 220w\" sizes=\"auto, (max-width: 704px) 100vw, 704px\" \/><\/a><\/p>\n<p>Compartiendo su experiencia y su gusto en la interpretaci\u00f3n de este instrumento y en un ambiente ameno, se llevar\u00e1 a cabo este concierto que contar\u00e1 con un programa variado y atractivo.<\/p>\n<p>Esta presentaci\u00f3n se realizar\u00e1 en la Sala de Conciertos \u201cLaszlo Frater\u201d, y se podr\u00e1n escuchar obras de compositores como el suizo Heinrich Sutermeister, el italiano Luigi Bassi, el brit\u00e1nico Malcoml Arnold y del pianista alem\u00e1n Ludwing van Beethoven.<\/p>\n<p>La entrada es gratuita y s\u00f3lo deben seguir los protocolos sanitarios para garantizar la seguridad del p\u00fablico y de los ejecutantes, requisito indispensable portar de manera correcta el cubrebocas al ingresar a la Sala y durante su permanencia.<\/p>\n<p>La cita es el pr\u00f3ximo domingo 24 de octubre a las 12:30 horas, en la Sala de Conciertos \u201cLaszlo Frater\u201d, en el COMEM, ubicado en el Centro Cultural Mexiquense, Jes\u00fas Reyes Heroles #302, Delegaci\u00f3n San Buenaventura, Toluca, Estado de M\u00e9xico.<\/p>\n","protected":false},"excerpt":{"rendered":"<p>Realizan presentaci\u00f3n en la Sala de Conciertos \u201cLaszlo Frater\u201d, ubicada en el interior del Conservatorio de M\u00fasica del Estado de M\u00e9xico. La cita es el pr\u00f3ximo domingo 24 de octubre a las 12:30 horas. &nbsp; Toluca, Estado de M\u00e9xico, 20 de octubre de 2021. La m\u00fasica es un conjunto de sonidos que transmite emociones, tambi\u00e9n [&hellip;]<\/p>\n","protected":false},"author":3,"featured_media":54311,"comment_status":"open","ping_status":"open","sticky":false,"template":"","format":"standard","meta":{"footnotes":""},"categories":[9873,9157,16,9147],"tags":[24929,24928,15347,24930],"class_list":{"0":"post-54309","1":"post","2":"type-post","3":"status-publish","4":"format-standard","5":"has-post-thumbnail","7":"category-cultura","8":"category-edomex","9":"category-foto","10":"category-turismo","11":"tag-clarinete-de-adrian-velazquez","12":"tag-concierto-de-clarinete","13":"tag-conservatorio-de-musica-edomex","14":"tag-sala-de-conciertos-laszlo-frater"},"wps_subtitle":"","_links":{"self":[{"href":"https:\/\/www.porlalibreedomex.com\/index.php?rest_route=\/wp\/v2\/posts\/54309","targetHints":{"allow":["GET"]}}],"collection":[{"href":"https:\/\/www.porlalibreedomex.com\/index.php?rest_route=\/wp\/v2\/posts"}],"about":[{"href":"https:\/\/www.porlalibreedomex.com\/index.php?rest_route=\/wp\/v2\/types\/post"}],"author":[{"embeddable":true,"href":"https:\/\/www.porlalibreedomex.com\/index.php?rest_route=\/wp\/v2\/users\/3"}],"replies":[{"embeddable":true,"href":"https:\/\/www.porlalibreedomex.com\/index.php?rest_route=%2Fwp%2Fv2%2Fcomments&post=54309"}],"version-history":[{"count":3,"href":"https:\/\/www.porlalibreedomex.com\/index.php?rest_route=\/wp\/v2\/posts\/54309\/revisions"}],"predecessor-version":[{"id":54314,"href":"https:\/\/www.porlalibreedomex.com\/index.php?rest_route=\/wp\/v2\/posts\/54309\/revisions\/54314"}],"wp:featuredmedia":[{"embeddable":true,"href":"https:\/\/www.porlalibreedomex.com\/index.php?rest_route=\/wp\/v2\/media\/54311"}],"wp:attachment":[{"href":"https:\/\/www.porlalibreedomex.com\/index.php?rest_route=%2Fwp%2Fv2%2Fmedia&parent=54309"}],"wp:term":[{"taxonomy":"category","embeddable":true,"href":"https:\/\/www.porlalibreedomex.com\/index.php?rest_route=%2Fwp%2Fv2%2Fcategories&post=54309"},{"taxonomy":"post_tag","embeddable":true,"href":"https:\/\/www.porlalibreedomex.com\/index.php?rest_route=%2Fwp%2Fv2%2Ftags&post=54309"}],"curies":[{"name":"wp","href":"https:\/\/api.w.org\/{rel}","templated":true}]}}