{"id":54304,"date":"2021-10-20T01:42:58","date_gmt":"2021-10-20T06:42:58","guid":{"rendered":"https:\/\/www.porlalibreedomex.com\/?p=54304"},"modified":"2021-10-21T01:44:02","modified_gmt":"2021-10-21T06:44:02","slug":"recorren-tres-catrinas-el-centro-cultural-mexiquense-en-toluca","status":"publish","type":"post","link":"https:\/\/www.porlalibreedomex.com\/?p=54304","title":{"rendered":"RECORREN TRES \u00abCATRINAS\u00bb EL CENTRO CULTURAL MEXIQUENSE EN TOLUCA"},"content":{"rendered":"<p>&nbsp;<\/p>\n<ul>\n<li><em><strong>Invitan a visitar el altar que el Museo Hacienda La Pila dedica a Gerardo Murillo, \u00abDr. Atl\u00bb.<\/strong><\/em><\/li>\n<li><em><strong>Es una actividad apta para toda la familia, en horario vespertino.<\/strong><\/em><\/li>\n<\/ul>\n<p>&nbsp;<\/p>\n<p><strong>Toluca, Estado de M\u00e9xico, 20 de octubre de 2021.<\/strong> Con motivo del D\u00eda de Muertos, la Secretar\u00eda de Cultura y Turismo del Estado de M\u00e9xico ha preparado una actividad para la comunidad en general, que tendr\u00e1 lugar en el Centro Cultural Mexiquense, en Toluca.<\/p>\n<p>\u201cInvitamos a todos a que vengan a conocer lo que ser\u00e1n las catrinas mexiquenses, como hemos titulado a estos recorridos teatralizados, que se van a poder disfrutar desde el \u00e1gora del Museo de Antropolog\u00eda, caminando por nuestra explanada del Centro Cultural, hasta llegar al Patio de las Palomas del Museo Hacienda La Pila\u201d, refiri\u00f3 Thelma Morales, Directora del Museo Hacienda La Pila.<\/p>\n<p>De corte hist\u00f3rico, como lo coment\u00f3 la Directora, \u201cestas tres catrinas dar\u00e1n a conocer sus leyendas o historias, dependiendo de su \u00e9poca, como es el caso de la Prehisp\u00e1nica, la Colonia y la actualidad.<\/p>\n<p><a href=\"https:\/\/www.porlalibreedomex.com\/wp-content\/uploads\/2021\/10\/En-el-Museo-Hacienda-La-Pila-en-el-Centro-Cultural-Mexiquense-se-estara-exhibiendo-el-altar-dedicado-al-artista-Gerardo-Murillo-Dr.-Atl.jpeg\"><img loading=\"lazy\" decoding=\"async\" class=\"aligncenter size-large wp-image-54306\" src=\"https:\/\/www.porlalibreedomex.com\/wp-content\/uploads\/2021\/10\/En-el-Museo-Hacienda-La-Pila-en-el-Centro-Cultural-Mexiquense-se-estara-exhibiendo-el-altar-dedicado-al-artista-Gerardo-Murillo-Dr.-Atl-1024x418.jpeg\" alt=\"\" width=\"800\" height=\"327\" srcset=\"https:\/\/www.porlalibreedomex.com\/wp-content\/uploads\/2021\/10\/En-el-Museo-Hacienda-La-Pila-en-el-Centro-Cultural-Mexiquense-se-estara-exhibiendo-el-altar-dedicado-al-artista-Gerardo-Murillo-Dr.-Atl-1024x418.jpeg 1024w, https:\/\/www.porlalibreedomex.com\/wp-content\/uploads\/2021\/10\/En-el-Museo-Hacienda-La-Pila-en-el-Centro-Cultural-Mexiquense-se-estara-exhibiendo-el-altar-dedicado-al-artista-Gerardo-Murillo-Dr.-Atl-300x123.jpeg 300w, https:\/\/www.porlalibreedomex.com\/wp-content\/uploads\/2021\/10\/En-el-Museo-Hacienda-La-Pila-en-el-Centro-Cultural-Mexiquense-se-estara-exhibiendo-el-altar-dedicado-al-artista-Gerardo-Murillo-Dr.-Atl-768x314.jpeg 768w, https:\/\/www.porlalibreedomex.com\/wp-content\/uploads\/2021\/10\/En-el-Museo-Hacienda-La-Pila-en-el-Centro-Cultural-Mexiquense-se-estara-exhibiendo-el-altar-dedicado-al-artista-Gerardo-Murillo-Dr.-Atl.jpeg 1280w\" sizes=\"auto, (max-width: 800px) 100vw, 800px\" \/><\/a><\/p>\n<p>\u201cMitla, Trina y Do\u00f1a Luisa ser\u00e1n las catrinas personificadas por el actor Jorge Galv\u00e1n y estar\u00e1n acompa\u00f1adas por un ambiente especial generado por el acompa\u00f1amiento de la m\u00fasica, los bailarines, los arreglos florales, los cantos propios de estas festividades, todo ello a la luz de las velas\u201d, detall\u00f3.<\/p>\n<p>Estos recorridos tendr\u00e1n lugar durante dos fines de semana, del 22 al 24 y del 29 al 31 de octubre. En el caso de los d\u00edas viernes y s\u00e1bado, habr\u00e1 dos funciones, a las 16:30 y 17:45 horas y el domingo una sola funci\u00f3n a las 12:30 horas.<\/p>\n<p>Esta iniciativa se extiende justo en D\u00eda de Muertos, del 1 al 3 de noviembre con los mismos horarios y dos funciones, a las 16:30 horas y 17:45 horas.<\/p>\n<p><a href=\"https:\/\/www.porlalibreedomex.com\/wp-content\/uploads\/2021\/10\/En-el-Centro-Cultural-Mexiquense-tambien-hay-presentaciones-de-Danza-ademas-de-la-actuacion-de-las-Catrinas.-20-10-2021.jpeg\"><img loading=\"lazy\" decoding=\"async\" class=\"aligncenter size-full wp-image-54307\" src=\"https:\/\/www.porlalibreedomex.com\/wp-content\/uploads\/2021\/10\/En-el-Centro-Cultural-Mexiquense-tambien-hay-presentaciones-de-Danza-ademas-de-la-actuacion-de-las-Catrinas.-20-10-2021.jpeg\" alt=\"\" width=\"1280\" height=\"960\" srcset=\"https:\/\/www.porlalibreedomex.com\/wp-content\/uploads\/2021\/10\/En-el-Centro-Cultural-Mexiquense-tambien-hay-presentaciones-de-Danza-ademas-de-la-actuacion-de-las-Catrinas.-20-10-2021.jpeg 1280w, https:\/\/www.porlalibreedomex.com\/wp-content\/uploads\/2021\/10\/En-el-Centro-Cultural-Mexiquense-tambien-hay-presentaciones-de-Danza-ademas-de-la-actuacion-de-las-Catrinas.-20-10-2021-300x225.jpeg 300w, https:\/\/www.porlalibreedomex.com\/wp-content\/uploads\/2021\/10\/En-el-Centro-Cultural-Mexiquense-tambien-hay-presentaciones-de-Danza-ademas-de-la-actuacion-de-las-Catrinas.-20-10-2021-1024x768.jpeg 1024w, https:\/\/www.porlalibreedomex.com\/wp-content\/uploads\/2021\/10\/En-el-Centro-Cultural-Mexiquense-tambien-hay-presentaciones-de-Danza-ademas-de-la-actuacion-de-las-Catrinas.-20-10-2021-768x576.jpeg 768w\" sizes=\"auto, (max-width: 1280px) 100vw, 1280px\" \/><\/a><\/p>\n<p>\u201cEn el Museo Hacienda La Pila se estar\u00e1 exhibiendo el altar dedicado al artista Gerardo Murillo \u201cDr. Atl\u201d, porque este a\u00f1o conmemoramos los cien a\u00f1os del primer cat\u00e1logo de arte popular, que fue precisamente realizado por \u00e9l, considerado uno de los primeros coleccionistas de arte popular en M\u00e9xico y quien revaloriz\u00f3, despu\u00e9s de la Revoluci\u00f3n mexicana, el orgullo que nos dan los artistas de grupos originarios de nuestro pa\u00eds\u201d, concluy\u00f3 Thelma Morales.<\/p>\n","protected":false},"excerpt":{"rendered":"<p>&nbsp; Invitan a visitar el altar que el Museo Hacienda La Pila dedica a Gerardo Murillo, \u00abDr. Atl\u00bb. Es una actividad apta para toda la familia, en horario vespertino. &nbsp; Toluca, Estado de M\u00e9xico, 20 de octubre de 2021. Con motivo del D\u00eda de Muertos, la Secretar\u00eda de Cultura y Turismo del Estado de M\u00e9xico [&hellip;]<\/p>\n","protected":false},"author":3,"featured_media":54305,"comment_status":"open","ping_status":"open","sticky":false,"template":"","format":"standard","meta":{"footnotes":""},"categories":[9873,9157,16],"tags":[24927,24926,24924,19882,24925],"class_list":{"0":"post-54304","1":"post","2":"type-post","3":"status-publish","4":"format-standard","5":"has-post-thumbnail","7":"category-cultura","8":"category-edomex","9":"category-foto","10":"tag-altar-del-doctor-atl","11":"tag-catrinas-en-el-cultural-mexiquense","12":"tag-mitla-trina-y-dona-luisa","13":"tag-secretaria-de-cultura-y-turismo","14":"tag-tradiciones-de-dias-de-muertos"},"wps_subtitle":"Ser\u00e1n recorridos musicalizados durante los dos \u00faltimos fines de semana de octubre, y del 1 al 3 de noviembre.","_links":{"self":[{"href":"https:\/\/www.porlalibreedomex.com\/index.php?rest_route=\/wp\/v2\/posts\/54304","targetHints":{"allow":["GET"]}}],"collection":[{"href":"https:\/\/www.porlalibreedomex.com\/index.php?rest_route=\/wp\/v2\/posts"}],"about":[{"href":"https:\/\/www.porlalibreedomex.com\/index.php?rest_route=\/wp\/v2\/types\/post"}],"author":[{"embeddable":true,"href":"https:\/\/www.porlalibreedomex.com\/index.php?rest_route=\/wp\/v2\/users\/3"}],"replies":[{"embeddable":true,"href":"https:\/\/www.porlalibreedomex.com\/index.php?rest_route=%2Fwp%2Fv2%2Fcomments&post=54304"}],"version-history":[{"count":1,"href":"https:\/\/www.porlalibreedomex.com\/index.php?rest_route=\/wp\/v2\/posts\/54304\/revisions"}],"predecessor-version":[{"id":54308,"href":"https:\/\/www.porlalibreedomex.com\/index.php?rest_route=\/wp\/v2\/posts\/54304\/revisions\/54308"}],"wp:featuredmedia":[{"embeddable":true,"href":"https:\/\/www.porlalibreedomex.com\/index.php?rest_route=\/wp\/v2\/media\/54305"}],"wp:attachment":[{"href":"https:\/\/www.porlalibreedomex.com\/index.php?rest_route=%2Fwp%2Fv2%2Fmedia&parent=54304"}],"wp:term":[{"taxonomy":"category","embeddable":true,"href":"https:\/\/www.porlalibreedomex.com\/index.php?rest_route=%2Fwp%2Fv2%2Fcategories&post=54304"},{"taxonomy":"post_tag","embeddable":true,"href":"https:\/\/www.porlalibreedomex.com\/index.php?rest_route=%2Fwp%2Fv2%2Ftags&post=54304"}],"curies":[{"name":"wp","href":"https:\/\/api.w.org\/{rel}","templated":true}]}}