{"id":54296,"date":"2021-10-20T19:41:33","date_gmt":"2021-10-21T00:41:33","guid":{"rendered":"https:\/\/www.porlalibreedomex.com\/?p=54296"},"modified":"2021-10-20T19:41:33","modified_gmt":"2021-10-21T00:41:33","slug":"la-educacion-presencial-favorece-el-proceso-ensenanza-aprendizaje-indica-especialista-de-la-uaem","status":"publish","type":"post","link":"https:\/\/www.porlalibreedomex.com\/?p=54296","title":{"rendered":"LA EDUCACI\u00d3N PRESENCIAL FAVORECE EL PROCESO ENSE\u00d1ANZA-APRENDIZAJE INDICA ESPECIALISTA DE LA UAEM"},"content":{"rendered":"<ul>\n<li><em><strong>Especialistas de la UAEM coincidieron que la sociabilizaci\u00f3n que implica el regreso a las clases presenciales beneficia en la consolidaci\u00f3n del proceso de ense\u00f1anza-aprendizaje.<\/strong><\/em><\/li>\n<li><em><strong>Sugirieron que la presencialidad de la educaci\u00f3n se efect\u00fae bajo esquemas de responsabilidad y seguridad sanitaria ante la pandemia por la COVID-19.<\/strong><\/em><\/li>\n<\/ul>\n<p>&nbsp;<\/p>\n<p><strong>Toluca, M\u00e9x; 20 de octubre de 2021.<\/strong> El mejor aprendizaje se da a trav\u00e9s de la sociabilizaci\u00f3n, por lo que el regreso paulatino a la presencialidad en la educaci\u00f3n tendr\u00e1 beneficios cognitivos para las y los estudiantes, expuso el titular del Centro de Estudios y Servicios Psicol\u00f3gicos Integrales (CESPI) de la Facultad de Ciencias de la Conducta (FaCiCo) de la Universidad Aut\u00f3noma del Estado de M\u00e9xico (UAEM), Alejandro Guti\u00e9rrez Cede\u00f1o.<br \/>\nEl especialista universitario refiri\u00f3 que las teor\u00edas del aprendizaje se\u00f1alan que la mejor manera de aprender es a trav\u00e9s de la sociabilizaci\u00f3n y con la pandemia este proceso se modific\u00f3, interrumpiendo el contacto f\u00edsico y presencial que inciden en la din\u00e1mica ense\u00f1anza-aprendizaje.<br \/>\nSin embargo, recomend\u00f3 que es necesario mantener las medidas sanitarias pertinentes para que la presencialidad se mantenga y evitar riesgos de contagio por la COVID-19.<br \/>\n\u201cLa pandemia provoc\u00f3 que nos alej\u00e1ramos y, por supuesto, habr\u00e1 muchos beneficios de tener nuevamente contacto f\u00edsico, contacto emocional, presencial, factores que inciden en la consolidaci\u00f3n del aprendizaje. La sociabilizaci\u00f3n traer\u00e1 beneficios importantes para el aprendizaje\u201d, afirm\u00f3.<br \/>\nEl psic\u00f3logo afirm\u00f3 que el regreso a la presencialidad tambi\u00e9n implica un proceso de adaptaci\u00f3n, por lo que se deben desarrollar actitudes de tolerancia y empat\u00eda con las personas con las que se entabla interrelaci\u00f3n.<\/p>\n<p><a href=\"https:\/\/www.porlalibreedomex.com\/wp-content\/uploads\/2021\/10\/El-titular-del-Centro-de-Estudios-y-Servicios-Psicologicos-CESPI-de-la-Facultad-de-Ciencias-de-la-Conducta-de-la-UAEM-Alejandro-Gutierrez-Cedeno-resalta-la-socializacion-.-2021-10-20.jpeg\"><img loading=\"lazy\" decoding=\"async\" class=\"aligncenter size-large wp-image-54298\" src=\"https:\/\/www.porlalibreedomex.com\/wp-content\/uploads\/2021\/10\/El-titular-del-Centro-de-Estudios-y-Servicios-Psicologicos-CESPI-de-la-Facultad-de-Ciencias-de-la-Conducta-de-la-UAEM-Alejandro-Gutierrez-Cedeno-resalta-la-socializacion-.-2021-10-20-1024x682.jpeg\" alt=\"\" width=\"800\" height=\"533\" srcset=\"https:\/\/www.porlalibreedomex.com\/wp-content\/uploads\/2021\/10\/El-titular-del-Centro-de-Estudios-y-Servicios-Psicologicos-CESPI-de-la-Facultad-de-Ciencias-de-la-Conducta-de-la-UAEM-Alejandro-Gutierrez-Cedeno-resalta-la-socializacion-.-2021-10-20-1024x682.jpeg 1024w, https:\/\/www.porlalibreedomex.com\/wp-content\/uploads\/2021\/10\/El-titular-del-Centro-de-Estudios-y-Servicios-Psicologicos-CESPI-de-la-Facultad-de-Ciencias-de-la-Conducta-de-la-UAEM-Alejandro-Gutierrez-Cedeno-resalta-la-socializacion-.-2021-10-20-300x200.jpeg 300w, https:\/\/www.porlalibreedomex.com\/wp-content\/uploads\/2021\/10\/El-titular-del-Centro-de-Estudios-y-Servicios-Psicologicos-CESPI-de-la-Facultad-de-Ciencias-de-la-Conducta-de-la-UAEM-Alejandro-Gutierrez-Cedeno-resalta-la-socializacion-.-2021-10-20-768x512.jpeg 768w, https:\/\/www.porlalibreedomex.com\/wp-content\/uploads\/2021\/10\/El-titular-del-Centro-de-Estudios-y-Servicios-Psicologicos-CESPI-de-la-Facultad-de-Ciencias-de-la-Conducta-de-la-UAEM-Alejandro-Gutierrez-Cedeno-resalta-la-socializacion-.-2021-10-20.jpeg 1280w\" sizes=\"auto, (max-width: 800px) 100vw, 800px\" \/><\/a><br \/>\nPor su parte, la responsable del Departamento de Becas, Salud y Prestaciones Estudiantiles de FaCiCo, Mar\u00eda Guadalupe Godoy Orta, indic\u00f3 que el regreso a la presencialidad en la educaci\u00f3n permitir\u00e1 a la gran mayor\u00eda del estudiantado liberar cargas emocionales que pudieron haberse desarrollado en casa por la propia din\u00e1mica familiar en el contexto de confinamiento.<br \/>\nEsta liberaci\u00f3n emocional permitir\u00e1 que la y el estudiante pueda consolidar el proceso de ense\u00f1anza-aprendizaje y readaptarse a las rutinas que sol\u00eda tener bajo esquemas de seguridad sanitaria.<br \/>\n\u201cEl poder regresar es liberar la carga emocional, el poder ver a tu gente, amigos y compa\u00f1eros de trabajo es quitarse esa carga que se trae o se tiene en casa. Considero que es muy bueno el regreso presencial a clases y conlleva volver a adaptarnos con lo que ven\u00edamos haciendo, a esa rutina, retomar las actividades\u201d, agreg\u00f3.<br \/>\nLos especialistas coincidieron en que la presencialidad trae beneficios para el proceso de ense\u00f1anza-aprendizaje, pero en un contexto de pandemia debe prevalecer la responsabilidad y las din\u00e1micas de seguridad sanitaria como el uso de cubrebocas, lavado de manos y mantener el distanciamiento social pertinente.<\/p>\n","protected":false},"excerpt":{"rendered":"<p>Especialistas de la UAEM coincidieron que la sociabilizaci\u00f3n que implica el regreso a las clases presenciales beneficia en la consolidaci\u00f3n del proceso de ense\u00f1anza-aprendizaje. Sugirieron que la presencialidad de la educaci\u00f3n se efect\u00fae bajo esquemas de responsabilidad y seguridad sanitaria ante la pandemia por la COVID-19. &nbsp; Toluca, M\u00e9x; 20 de octubre de 2021. El [&hellip;]<\/p>\n","protected":false},"author":3,"featured_media":54297,"comment_status":"open","ping_status":"open","sticky":false,"template":"","format":"standard","meta":{"footnotes":""},"categories":[9148,16],"tags":[24922,24127,24923],"class_list":{"0":"post-54296","1":"post","2":"type-post","3":"status-publish","4":"format-standard","5":"has-post-thumbnail","7":"category-educacion","8":"category-foto","9":"tag-alejandro-gutierrez-cedeno","10":"tag-experto-de-la-uaem","11":"tag-ventajas-de-clases-presenciales"},"wps_subtitle":"","_links":{"self":[{"href":"https:\/\/www.porlalibreedomex.com\/index.php?rest_route=\/wp\/v2\/posts\/54296","targetHints":{"allow":["GET"]}}],"collection":[{"href":"https:\/\/www.porlalibreedomex.com\/index.php?rest_route=\/wp\/v2\/posts"}],"about":[{"href":"https:\/\/www.porlalibreedomex.com\/index.php?rest_route=\/wp\/v2\/types\/post"}],"author":[{"embeddable":true,"href":"https:\/\/www.porlalibreedomex.com\/index.php?rest_route=\/wp\/v2\/users\/3"}],"replies":[{"embeddable":true,"href":"https:\/\/www.porlalibreedomex.com\/index.php?rest_route=%2Fwp%2Fv2%2Fcomments&post=54296"}],"version-history":[{"count":2,"href":"https:\/\/www.porlalibreedomex.com\/index.php?rest_route=\/wp\/v2\/posts\/54296\/revisions"}],"predecessor-version":[{"id":54300,"href":"https:\/\/www.porlalibreedomex.com\/index.php?rest_route=\/wp\/v2\/posts\/54296\/revisions\/54300"}],"wp:featuredmedia":[{"embeddable":true,"href":"https:\/\/www.porlalibreedomex.com\/index.php?rest_route=\/wp\/v2\/media\/54297"}],"wp:attachment":[{"href":"https:\/\/www.porlalibreedomex.com\/index.php?rest_route=%2Fwp%2Fv2%2Fmedia&parent=54296"}],"wp:term":[{"taxonomy":"category","embeddable":true,"href":"https:\/\/www.porlalibreedomex.com\/index.php?rest_route=%2Fwp%2Fv2%2Fcategories&post=54296"},{"taxonomy":"post_tag","embeddable":true,"href":"https:\/\/www.porlalibreedomex.com\/index.php?rest_route=%2Fwp%2Fv2%2Ftags&post=54296"}],"curies":[{"name":"wp","href":"https:\/\/api.w.org\/{rel}","templated":true}]}}