{"id":54291,"date":"2021-10-19T03:19:37","date_gmt":"2021-10-19T08:19:37","guid":{"rendered":"https:\/\/www.porlalibreedomex.com\/?p=54291"},"modified":"2021-10-20T03:26:49","modified_gmt":"2021-10-20T08:26:49","slug":"hablemos-conversatorio-virtual-universitario-que-aborda-sentimientos-y-emociones-de-las-juventudes","status":"publish","type":"post","link":"https:\/\/www.porlalibreedomex.com\/?p=54291","title":{"rendered":"\u201cHablemos\u201d, conversatorio virtual universitario\u00a0 que aborda sentimientos y emociones de las juventudes\u00a0"},"content":{"rendered":"<ul style=\"font-weight: 400;\">\n<li><strong><em>La Facultad de Ciencias de la Conducta de la UAEM lleva a cabo esta actividad.<\/em><\/strong><\/li>\n<li><strong><em>El objetivo es escuchar y orientar a la comunidad estudiantil ante sus problemas de diversa \u00edndole. <\/em><\/strong><\/li>\n<li><strong><em>Se transmite por Facebook todos los mi\u00e9rcoles, a las 19:00 horas.\u00a0<\/em><\/strong><\/li>\n<\/ul>\n<p style=\"font-weight: 400;\"><strong>Toluca, M\u00e9xico,\u00a0 19 de octubre de 2021.<\/strong>\u00a0&#8211; Ante la necesidad de canalizar adecuadamente las emociones y problem\u00e1ticas por las que atraviesa la comunidad estudiantil a consecuencia del confinamiento sanitario por la COVID-19, la Facultad de Ciencias de la Conducta de la Universidad Aut\u00f3noma del Estado de M\u00e9xico (UAEM) impulsa el conversatorio \u201cHablemos\u201d, que se transmite semanalmente a trav\u00e9s de Facebook y en el cual se abordan diversos t\u00f3picos de inter\u00e9s para la comunidad estudiantil de la instituci\u00f3n.<\/p>\n<p style=\"font-weight: 400;\">Con un formato en el que predomina el intercambio de preguntas y respuestas en una charla informal y natural, pero dirigida por especialistas en los diferentes temas que se abordan, \u201cHablemos\u201d se ha convertido en una herramienta que facilita la interacci\u00f3n con la comunidad estudiantil, dando respuestas a emociones, dudas y problem\u00e1ticas que llegan a ser generales, por el contexto de pandemia en que se originaron.<\/p>\n<p style=\"font-weight: 400;\">\u201cHa dado muy buenos resultados porque los estudiantes encuentran en \u00e9l un espacio espec\u00edfico para externar su sentir, sus emociones y forma de pensar sobre sus contextos acad\u00e9mico, familiar y social; adem\u00e1s, estrechamos lazos con ellos\u201d, asegur\u00f3 la directora de la Facultad, Mar\u00eda Teresa Garc\u00eda Rodea.<\/p>\n<p style=\"font-weight: 400;\">En tanto, la coordinadora de \u201cHablemos\u201d, Gabriela del R\u00edo Ponce, comparti\u00f3 que la intenci\u00f3n de esta actividad virtual es lograr que los estudiantes sean escuchados y verbalicen sus problem\u00e1ticas y emociones, lo que les brinda la posibilidad de ver con otra perspectiva la situaci\u00f3n que viven.<\/p>\n<p style=\"font-weight: 400;\">Record\u00f3 que durante el confinamiento por la pandemia se evidenci\u00f3 la necesidad de los estudiantes de ser escuchados, ya que se enfrentaron a diversas situaciones que van desde el \u00e1mbito acad\u00e9mico, familiar y personal que incluyen el proceso de duelo por p\u00e9rdidas de familiares. \u201cCreo que la pandemia fue la puerta que abri\u00f3 la oportunidad a este programa\u201d, agreg\u00f3.<\/p>\n<p style=\"font-weight: 400;\">La tambi\u00e9n integrante del programa \u201cHablemos\u201d, Mar\u00eda Guadalupe Godoy Orta, invit\u00f3 a la comunidad universitaria a sintonizar el programa semanal, ya que los t\u00f3picos que se abordan son de inter\u00e9s general y, por lo tanto, el impacto a la comunidad universitaria es m\u00e1s amplio.<\/p>\n<p style=\"font-weight: 400;\">En caso de que no puedan participar durante la transmisi\u00f3n en vivo, record\u00f3 que todos los programas est\u00e1n disponibles en podcast a trav\u00e9s de la plataforma de Spotify.<\/p>\n<p style=\"font-weight: 400;\">Algunos de los t\u00f3picos que se abordan durante los conversatorios son asertividad, duelos y p\u00e9rdidas, el aprendizaje y sus formas, autoestima, entre otros.<\/p>\n<p style=\"font-weight: 400;\">\u201cHablemos\u201d es transmitido todos los mi\u00e9rcoles a trav\u00e9s del Facebook Facultad de Ciencias de la Conducta UAEM, a las 19:00 horas, y su duraci\u00f3n es de unos 60 minutos.<\/p>\n","protected":false},"excerpt":{"rendered":"<p>La Facultad de Ciencias de la Conducta de la UAEM lleva a cabo esta actividad. El objetivo es escuchar y orientar a la comunidad estudiantil ante sus problemas de diversa \u00edndole. Se transmite por Facebook todos los mi\u00e9rcoles, a las 19:00 horas.\u00a0 Toluca, M\u00e9xico,\u00a0 19 de octubre de 2021.\u00a0&#8211; Ante la necesidad de canalizar adecuadamente [&hellip;]<\/p>\n","protected":false},"author":3,"featured_media":0,"comment_status":"open","ping_status":"open","sticky":false,"template":"","format":"standard","meta":{"footnotes":""},"categories":[16,9209],"tags":[],"class_list":{"0":"post-54291","1":"post","2":"type-post","3":"status-publish","4":"format-standard","6":"category-foto","7":"category-salud"},"wps_subtitle":"","_links":{"self":[{"href":"https:\/\/www.porlalibreedomex.com\/index.php?rest_route=\/wp\/v2\/posts\/54291","targetHints":{"allow":["GET"]}}],"collection":[{"href":"https:\/\/www.porlalibreedomex.com\/index.php?rest_route=\/wp\/v2\/posts"}],"about":[{"href":"https:\/\/www.porlalibreedomex.com\/index.php?rest_route=\/wp\/v2\/types\/post"}],"author":[{"embeddable":true,"href":"https:\/\/www.porlalibreedomex.com\/index.php?rest_route=\/wp\/v2\/users\/3"}],"replies":[{"embeddable":true,"href":"https:\/\/www.porlalibreedomex.com\/index.php?rest_route=%2Fwp%2Fv2%2Fcomments&post=54291"}],"version-history":[{"count":3,"href":"https:\/\/www.porlalibreedomex.com\/index.php?rest_route=\/wp\/v2\/posts\/54291\/revisions"}],"predecessor-version":[{"id":54294,"href":"https:\/\/www.porlalibreedomex.com\/index.php?rest_route=\/wp\/v2\/posts\/54291\/revisions\/54294"}],"wp:attachment":[{"href":"https:\/\/www.porlalibreedomex.com\/index.php?rest_route=%2Fwp%2Fv2%2Fmedia&parent=54291"}],"wp:term":[{"taxonomy":"category","embeddable":true,"href":"https:\/\/www.porlalibreedomex.com\/index.php?rest_route=%2Fwp%2Fv2%2Fcategories&post=54291"},{"taxonomy":"post_tag","embeddable":true,"href":"https:\/\/www.porlalibreedomex.com\/index.php?rest_route=%2Fwp%2Fv2%2Ftags&post=54291"}],"curies":[{"name":"wp","href":"https:\/\/api.w.org\/{rel}","templated":true}]}}