{"id":54107,"date":"2021-10-13T00:46:47","date_gmt":"2021-10-13T05:46:47","guid":{"rendered":"https:\/\/www.porlalibreedomex.com\/?p=54107"},"modified":"2021-10-14T00:47:19","modified_gmt":"2021-10-14T05:47:19","slug":"charlan-acerca-de-los-violines-stradivarius-en-cultura-turismo-y-deporte-en-un-click-3-0","status":"publish","type":"post","link":"https:\/\/www.porlalibreedomex.com\/?p=54107","title":{"rendered":"CHARLAN ACERCA DE \u00abLOS VIOLINES STRADIVARIUS\u00bb EN CULTURA, TURISMO Y DEPORTE EN UN CLICK 3.0  \u2022"},"content":{"rendered":"<p>&nbsp;<\/p>\n<ul>\n<li><em><strong>Coinciden en que el viol\u00edn debe ser un instrumento elaborado a la medida.<\/strong><\/em><\/li>\n<\/ul>\n<p>&nbsp;<\/p>\n<p><strong>Toluca, Estado de M\u00e9xico, 13 de octubre de 2021.<\/strong> Uno de los objetivos de la Secretar\u00eda de Cultura y Turismo es dar a conocer la riqueza musical a nivel nacional e internacional, en esta ocasi\u00f3n y como parte de su programaci\u00f3n de Cultura, Turismo y Deporte en un Click 3.0, present\u00f3 la charla \u201cLos violines Stradivarius\u201d.<\/p>\n<p>En este encuentro digital participaron la violinista Nana Babayeva y el maestro Erick Iv\u00e1n D\u00edaz, actividad que estuvo moderada por Luis Manuel Garc\u00eda Pe\u00f1a, Director del Conservatorio de M\u00fasica del Estado de M\u00e9xico (COMEM).<\/p>\n<p>Despu\u00e9s de un resumen acerca de Antonio Stradivari, quien fuera aprendiz de Luthier de Nicol\u00f2 Amati para aprender el arte de la creaci\u00f3n de instrumentos, hablaron de la importancia del sonido de un viol\u00edn, los materiales, la manera en que se fabrica, lo que busca un violinista cuando va a comprar el instrumento y cu\u00e1les son los aspectos que se califican en la construcci\u00f3n del mismo.<\/p>\n<p><a href=\"https:\/\/www.porlalibreedomex.com\/wp-content\/uploads\/2021\/10\/Violinista-Nana-Babayeva-2021-10-13-at-10.43.41-AM.jpeg\"><img loading=\"lazy\" decoding=\"async\" class=\"aligncenter size-full wp-image-54108\" src=\"https:\/\/www.porlalibreedomex.com\/wp-content\/uploads\/2021\/10\/Violinista-Nana-Babayeva-2021-10-13-at-10.43.41-AM.jpeg\" alt=\"\" width=\"1000\" height=\"579\" srcset=\"https:\/\/www.porlalibreedomex.com\/wp-content\/uploads\/2021\/10\/Violinista-Nana-Babayeva-2021-10-13-at-10.43.41-AM.jpeg 1000w, https:\/\/www.porlalibreedomex.com\/wp-content\/uploads\/2021\/10\/Violinista-Nana-Babayeva-2021-10-13-at-10.43.41-AM-300x174.jpeg 300w, https:\/\/www.porlalibreedomex.com\/wp-content\/uploads\/2021\/10\/Violinista-Nana-Babayeva-2021-10-13-at-10.43.41-AM-768x445.jpeg 768w\" sizes=\"auto, (max-width: 1000px) 100vw, 1000px\" \/><\/a><\/p>\n<p>Nana Babayeva dijo que en lo primero que piensa al escuchar la palabra viol\u00edn es en la dulzura del sonido del instrumento, y la forma tan delicada en la que se utiliza para crear m\u00fasica.<\/p>\n<p>\u201cCuando uno como violinista va a comprar este instrumento, yo creo que buscamos como m\u00fasicos primero que nada lo bello del sonido y principalmente identificarte con el viol\u00edn, si t\u00fa te identificas con un instrumento ya es como el 50 por ciento del trabajo\u201d, asegur\u00f3 la violinista.<\/p>\n<p><a href=\"https:\/\/www.porlalibreedomex.com\/wp-content\/uploads\/2021\/10\/Violinista-Erick-Ivan-Garcia-en-la-charla-sobre-los-violines-Guarnerius-y-Stradivarius-2021-10-13.jpeg\"><img loading=\"lazy\" decoding=\"async\" class=\"aligncenter size-full wp-image-54109\" src=\"https:\/\/www.porlalibreedomex.com\/wp-content\/uploads\/2021\/10\/Violinista-Erick-Ivan-Garcia-en-la-charla-sobre-los-violines-Guarnerius-y-Stradivarius-2021-10-13.jpeg\" alt=\"\" width=\"1000\" height=\"676\" srcset=\"https:\/\/www.porlalibreedomex.com\/wp-content\/uploads\/2021\/10\/Violinista-Erick-Ivan-Garcia-en-la-charla-sobre-los-violines-Guarnerius-y-Stradivarius-2021-10-13.jpeg 1000w, https:\/\/www.porlalibreedomex.com\/wp-content\/uploads\/2021\/10\/Violinista-Erick-Ivan-Garcia-en-la-charla-sobre-los-violines-Guarnerius-y-Stradivarius-2021-10-13-300x203.jpeg 300w, https:\/\/www.porlalibreedomex.com\/wp-content\/uploads\/2021\/10\/Violinista-Erick-Ivan-Garcia-en-la-charla-sobre-los-violines-Guarnerius-y-Stradivarius-2021-10-13-768x519.jpeg 768w\" sizes=\"auto, (max-width: 1000px) 100vw, 1000px\" \/><\/a><\/p>\n<p>Al hablar de la diferencia entre las escuelas francesa, italiana y alemana, Erick Iv\u00e1n D\u00edaz mencion\u00f3 que, en la escuela alemana, las tapas de un viol\u00edn son m\u00e1s altas, el sonido es muy robusto y oscuro, en la francesa son delgados y en la italiana, los instrumentos guardan un equilibrio entre lo delgado y lo robusto.<\/p>\n<p>Tambi\u00e9n comparti\u00f3 que los aspectos que se califican en la construcci\u00f3n de un instrumento parten desde el modelo que se escogi\u00f3 ya sea Mati, Stradivario o Guarnerio, la madera utilizada, el color y espesor del barniz, la incrustaci\u00f3n y la precisi\u00f3n de los bordes, entre otras cosas.<\/p>\n<p>Ambos coincidieron en que<strong> el viol\u00edn debe ser un instrumento elaborado a la medida, en donde exista la qu\u00edmica perfecta entre el artista para poder relacionarse con el sonido y transmitir ese sentimiento musical que emana al p\u00fablico.<\/strong><\/p>\n<p>Las actividades en esta programaci\u00f3n contin\u00faan, por lo que la Secretar\u00eda de Cultura y Turismo invita a conocerlas a trav\u00e9s de sus redes sociales, en Facebook y Twitter como @CulturaEdomex.<\/p>\n","protected":false},"excerpt":{"rendered":"<p>&nbsp; Coinciden en que el viol\u00edn debe ser un instrumento elaborado a la medida. &nbsp; Toluca, Estado de M\u00e9xico, 13 de octubre de 2021. Uno de los objetivos de la Secretar\u00eda de Cultura y Turismo es dar a conocer la riqueza musical a nivel nacional e internacional, en esta ocasi\u00f3n y como parte de su [&hellip;]<\/p>\n","protected":false},"author":3,"featured_media":54110,"comment_status":"open","ping_status":"open","sticky":false,"template":"","format":"standard","meta":{"footnotes":""},"categories":[9873,9157,16],"tags":[24834,24833,24832],"class_list":{"0":"post-54107","1":"post","2":"type-post","3":"status-publish","4":"format-standard","5":"has-post-thumbnail","7":"category-cultura","8":"category-edomex","9":"category-foto","10":"tag-charla-secretaria-de-cultura-edomex","11":"tag-cultura-turismo-y-deporte-en-un-click-3-0","12":"tag-violines-stradivarios-y-guarnerius"},"wps_subtitle":"Participan la violinista Nana Babayeva y el maestro Erick Iv\u00e1n D\u00edaz.","_links":{"self":[{"href":"https:\/\/www.porlalibreedomex.com\/index.php?rest_route=\/wp\/v2\/posts\/54107","targetHints":{"allow":["GET"]}}],"collection":[{"href":"https:\/\/www.porlalibreedomex.com\/index.php?rest_route=\/wp\/v2\/posts"}],"about":[{"href":"https:\/\/www.porlalibreedomex.com\/index.php?rest_route=\/wp\/v2\/types\/post"}],"author":[{"embeddable":true,"href":"https:\/\/www.porlalibreedomex.com\/index.php?rest_route=\/wp\/v2\/users\/3"}],"replies":[{"embeddable":true,"href":"https:\/\/www.porlalibreedomex.com\/index.php?rest_route=%2Fwp%2Fv2%2Fcomments&post=54107"}],"version-history":[{"count":1,"href":"https:\/\/www.porlalibreedomex.com\/index.php?rest_route=\/wp\/v2\/posts\/54107\/revisions"}],"predecessor-version":[{"id":54111,"href":"https:\/\/www.porlalibreedomex.com\/index.php?rest_route=\/wp\/v2\/posts\/54107\/revisions\/54111"}],"wp:featuredmedia":[{"embeddable":true,"href":"https:\/\/www.porlalibreedomex.com\/index.php?rest_route=\/wp\/v2\/media\/54110"}],"wp:attachment":[{"href":"https:\/\/www.porlalibreedomex.com\/index.php?rest_route=%2Fwp%2Fv2%2Fmedia&parent=54107"}],"wp:term":[{"taxonomy":"category","embeddable":true,"href":"https:\/\/www.porlalibreedomex.com\/index.php?rest_route=%2Fwp%2Fv2%2Fcategories&post=54107"},{"taxonomy":"post_tag","embeddable":true,"href":"https:\/\/www.porlalibreedomex.com\/index.php?rest_route=%2Fwp%2Fv2%2Ftags&post=54107"}],"curies":[{"name":"wp","href":"https:\/\/api.w.org\/{rel}","templated":true}]}}