{"id":539,"date":"2014-04-22T14:57:34","date_gmt":"2014-04-22T14:57:34","guid":{"rendered":"http:\/\/porlalibre.info\/?p=539"},"modified":"2014-04-22T14:57:34","modified_gmt":"2014-04-22T14:57:34","slug":"con-liturgia-literaria-celebra-uaem-natalicio-de-octavio-paz","status":"publish","type":"post","link":"https:\/\/www.porlalibreedomex.com\/?p=539","title":{"rendered":"Con liturgia literaria, celebra UAEM natalicio de Octavio Paz"},"content":{"rendered":"<p align=\"center\">\n<p align=\"center\"><i style=\"line-height: 1.5;\">La instituci\u00f3n invita a universitarios y p\u00fablico en general a participar este mi\u00e9rcoles 23 de abril, en una liturgia literaria, mediante la sincronizaci\u00f3n de la lectura en voz alta del ensayo \u201cM\u00e1scaras mexicanas\u201d de El Laberinto de la Soledad.<\/i><\/p>\n<p><i>\u00a0<\/i>En el marco del Programa \u201cAbril, Mes de la Lectura\u201d, la Universidad Aut\u00f3noma del Estado de M\u00e9xico invita a estudiantes, docentes, investigadores, trabajadores administrativos y p\u00fablico en general a participar este mi\u00e9rcoles 23 de abril, en una liturgia literaria que tiene por objeto celebrar el centenario del natalicio del escritor mexicano Octavio Paz, mediante la sincronizaci\u00f3n de la lectura en voz alta del ensayo \u201cM\u00e1scaras mexicanas\u201d de\u00a0<i>El Laberinto de la Soledad<\/i>.<\/p>\n<p><!--more--><\/p>\n<p>La lectura en voz alta de este trabajo del Premio Nobel de Literatura 1990 iniciar\u00e1 en punto del mediod\u00eda en todos los espacios acad\u00e9micos de la Aut\u00f3noma mexiquense; como parte de esta actividad, los participantes podr\u00e1n grabar un video de hasta 30 segundos que los muestre leyendo un fragmento del texto y compartirlo a trav\u00e9s de\u00a0<a href=\"http:\/\/liturgiapaz.uaemex.mx\/\" target=\"_blank\">http:\/\/liturgiapaz.uaemex.mx\/<\/a><\/p>\n<p>En este espacio, dise\u00f1ado especialmente para esta actividad cultural y hasta el mediod\u00eda del 24 de abril, se agrupar\u00e1n todos los videos que los usuarios suban, con la finalidad de completar el retrato digital de quien es considerado uno de los escritores m\u00e1s influyentes del siglo XX.<\/p>\n<p>A trav\u00e9s de dispositivos m\u00f3viles, como tel\u00e9fonos inteligentes, tabletas electr\u00f3nicas, computadoras port\u00e1tiles, c\u00e1maras digitales o bien, computadoras personales, los participantes, mediante sencillos pasos, podr\u00e1n subir y publicar en la p\u00e1gina de internet sus videos con un peso no mayor a los 70 megabytes.<\/p>\n<p>En todos los espacios universitarios estar\u00e1n disponibles ejemplares impresos de \u201cM\u00e1scaras Mexicanas\u201d, que adem\u00e1s, podr\u00e1 descargarse en la direcci\u00f3n electr\u00f3nica arriba referida.<\/p>\n<p>Los participantes podr\u00e1n comunicar y compartir su experiencia en redes sociales como Facebook y Twitter, con el hashtag #LiturgiaPazUAEM, al tiempo que UniRadio, la radiodifusora de la Aut\u00f3noma mexiquense, transmitir\u00e1 en vivo este ejercicio.<\/p>\n","protected":false},"excerpt":{"rendered":"<p>La instituci\u00f3n invita a universitarios y p\u00fablico en general a participar este mi\u00e9rcoles 23 de abril, en una liturgia literaria, mediante la sincronizaci\u00f3n de la lectura en voz alta del ensayo \u201cM\u00e1scaras mexicanas\u201d de El Laberinto de la Soledad. \u00a0En el marco del Programa \u201cAbril, Mes de la Lectura\u201d, la Universidad Aut\u00f3noma del Estado de [&hellip;]<\/p>\n","protected":false},"author":2,"featured_media":0,"comment_status":"open","ping_status":"open","sticky":false,"template":"","format":"standard","meta":{"footnotes":""},"categories":[53,1],"tags":[134,289,290,291,292,293,13],"class_list":{"0":"post-539","1":"post","2":"type-post","3":"status-publish","4":"format-standard","6":"category-agenda","7":"category-uncategorized","8":"tag-abril-mes-de-la-lectura","9":"tag-laberinto-de-la-soledad","10":"tag-lectura-uaem","11":"tag-mascaras-mexicanas","12":"tag-natalicio","13":"tag-octavio-paz","14":"tag-uaem"},"wps_subtitle":"","_links":{"self":[{"href":"https:\/\/www.porlalibreedomex.com\/index.php?rest_route=\/wp\/v2\/posts\/539","targetHints":{"allow":["GET"]}}],"collection":[{"href":"https:\/\/www.porlalibreedomex.com\/index.php?rest_route=\/wp\/v2\/posts"}],"about":[{"href":"https:\/\/www.porlalibreedomex.com\/index.php?rest_route=\/wp\/v2\/types\/post"}],"author":[{"embeddable":true,"href":"https:\/\/www.porlalibreedomex.com\/index.php?rest_route=\/wp\/v2\/users\/2"}],"replies":[{"embeddable":true,"href":"https:\/\/www.porlalibreedomex.com\/index.php?rest_route=%2Fwp%2Fv2%2Fcomments&post=539"}],"version-history":[{"count":0,"href":"https:\/\/www.porlalibreedomex.com\/index.php?rest_route=\/wp\/v2\/posts\/539\/revisions"}],"wp:attachment":[{"href":"https:\/\/www.porlalibreedomex.com\/index.php?rest_route=%2Fwp%2Fv2%2Fmedia&parent=539"}],"wp:term":[{"taxonomy":"category","embeddable":true,"href":"https:\/\/www.porlalibreedomex.com\/index.php?rest_route=%2Fwp%2Fv2%2Fcategories&post=539"},{"taxonomy":"post_tag","embeddable":true,"href":"https:\/\/www.porlalibreedomex.com\/index.php?rest_route=%2Fwp%2Fv2%2Ftags&post=539"}],"curies":[{"name":"wp","href":"https:\/\/api.w.org\/{rel}","templated":true}]}}