{"id":53763,"date":"2021-10-01T00:57:34","date_gmt":"2021-10-01T05:57:34","guid":{"rendered":"https:\/\/www.porlalibreedomex.com\/?p=53763"},"modified":"2021-10-02T00:58:28","modified_gmt":"2021-10-02T05:58:28","slug":"policia-estatal-mexiquense-aprehende-en-flagrancia-a-responsable-de-robo-de-vehiculo-con-violencia","status":"publish","type":"post","link":"https:\/\/www.porlalibreedomex.com\/?p=53763","title":{"rendered":"POLIC\u00cdA ESTATAL MEXIQUENSE APREHENDE EN FLAGRANCIA A RESPONSABLE DE ROBO DE VEH\u00cdCULO CON VIOLENCIA"},"content":{"rendered":"<ul>\n<li style=\"font-weight: 400;\"><strong><em>Los oficiales encontraron entre las pertenencias del detenido un arma de fuego calibre 22 mil\u00edmetros y varios cartuchos disponibles.<\/em><\/strong><\/li>\n<\/ul>\n<ul>\n<li style=\"font-weight: 400;\"><strong><em>Luego de una breve persecuci\u00f3n los uniformados recuperaron el automotor Nissan, tipo Versa, color naranja.<\/em><\/strong><\/li>\n<\/ul>\n<p style=\"font-weight: 400;\"><strong>NEXTLALPAN, M\u00c9XICO, 1 DE OCTUBRE DE 2021.<\/strong> Resultado de un llamado de auxilio, elementos de la Secretar\u00eda de Seguridad (SS) recuperaron un veh\u00edculo que minutos antes aparentemente hab\u00eda sido robado con lujo de violencia; en la acci\u00f3n, se aprehendi\u00f3 a un sujeto como probable responsable de dicho delito.<\/p>\n<p style=\"font-weight: 400;\">Las acciones se registraron mientras elementos adscritos a la Direcci\u00f3n General de Combate al Robo de Veh\u00edculos y Transporte (DGCRVyT) realizaban recorridos rutinarios, cuando un ciudadano solicit\u00f3 su auxilio, mencionando que minutos antes dos sujetos lo hab\u00edan despojado con lujo de violencia de su autom\u00f3vil de la marca Nissan, tipo Versa, color naranja.<\/p>\n<p><a href=\"https:\/\/www.porlalibreedomex.com\/wp-content\/uploads\/2021\/10\/El-arma-calibre-.22-que-se-le-encontro-al-roba-autos-detenido-en-Nextlalpan.-1-de-octubre-de-2021.jpeg\"><img loading=\"lazy\" decoding=\"async\" class=\"aligncenter size-large wp-image-53764\" src=\"https:\/\/www.porlalibreedomex.com\/wp-content\/uploads\/2021\/10\/El-arma-calibre-.22-que-se-le-encontro-al-roba-autos-detenido-en-Nextlalpan.-1-de-octubre-de-2021-1024x665.jpeg\" alt=\"\" width=\"800\" height=\"520\" srcset=\"https:\/\/www.porlalibreedomex.com\/wp-content\/uploads\/2021\/10\/El-arma-calibre-.22-que-se-le-encontro-al-roba-autos-detenido-en-Nextlalpan.-1-de-octubre-de-2021-1024x665.jpeg 1024w, https:\/\/www.porlalibreedomex.com\/wp-content\/uploads\/2021\/10\/El-arma-calibre-.22-que-se-le-encontro-al-roba-autos-detenido-en-Nextlalpan.-1-de-octubre-de-2021-300x195.jpeg 300w, https:\/\/www.porlalibreedomex.com\/wp-content\/uploads\/2021\/10\/El-arma-calibre-.22-que-se-le-encontro-al-roba-autos-detenido-en-Nextlalpan.-1-de-octubre-de-2021-768x499.jpeg 768w, https:\/\/www.porlalibreedomex.com\/wp-content\/uploads\/2021\/10\/El-arma-calibre-.22-que-se-le-encontro-al-roba-autos-detenido-en-Nextlalpan.-1-de-octubre-de-2021.jpeg 1280w\" sizes=\"auto, (max-width: 800px) 100vw, 800px\" \/><\/a><\/p>\n<p style=\"font-weight: 400;\">Inmediatamente, los oficiales estatales desplegaron un operativo de b\u00fasqueda, el cual concluy\u00f3 metros m\u00e1s adelante, al observar el automotor antes referido. Tras una breve persecuci\u00f3n, los uniformados cerraron el paso del conductor sobre la avenida Hacienda Real del Puente, en la colonia Ex Hacienda Santa In\u00e9s.<\/p>\n<p style=\"font-weight: 400;\">En ese instante, el copiloto descendi\u00f3 del carro y huy\u00f3, mientras que el conductor al tratar de hacer lo mismo, fue interceptado por los agentes de seguridad, los cuales mediante al protocolo de actuaci\u00f3n lo inspeccionaron.<\/p>\n<div id='gallery-1' class='gallery galleryid-53763 gallery-columns-3 gallery-size-large'><figure class='gallery-item'>\n\t\t\t<div class='gallery-icon landscape'>\n\t\t\t\t<a href='https:\/\/www.porlalibreedomex.com\/?attachment_id=53767'><img loading=\"lazy\" decoding=\"async\" width=\"696\" height=\"627\" src=\"https:\/\/www.porlalibreedomex.com\/wp-content\/uploads\/2021\/10\/VEHICULO-RECUPERADO-POR-LOS-ELEMENTOS-DE-LA-SECRETARIA-DE-SEGURIDAD-DEL-ESTADO-DE-MEXICO-1024x922.jpeg\" class=\"attachment-large size-large\" alt=\"\" srcset=\"https:\/\/www.porlalibreedomex.com\/wp-content\/uploads\/2021\/10\/VEHICULO-RECUPERADO-POR-LOS-ELEMENTOS-DE-LA-SECRETARIA-DE-SEGURIDAD-DEL-ESTADO-DE-MEXICO-1024x922.jpeg 1024w, https:\/\/www.porlalibreedomex.com\/wp-content\/uploads\/2021\/10\/VEHICULO-RECUPERADO-POR-LOS-ELEMENTOS-DE-LA-SECRETARIA-DE-SEGURIDAD-DEL-ESTADO-DE-MEXICO-300x270.jpeg 300w, https:\/\/www.porlalibreedomex.com\/wp-content\/uploads\/2021\/10\/VEHICULO-RECUPERADO-POR-LOS-ELEMENTOS-DE-LA-SECRETARIA-DE-SEGURIDAD-DEL-ESTADO-DE-MEXICO-768x692.jpeg 768w, https:\/\/www.porlalibreedomex.com\/wp-content\/uploads\/2021\/10\/VEHICULO-RECUPERADO-POR-LOS-ELEMENTOS-DE-LA-SECRETARIA-DE-SEGURIDAD-DEL-ESTADO-DE-MEXICO.jpeg 1280w\" sizes=\"auto, (max-width: 696px) 100vw, 696px\" \/><\/a>\n\t\t\t<\/div><\/figure><figure class='gallery-item'>\n\t\t\t<div class='gallery-icon landscape'>\n\t\t\t\t<a href='https:\/\/www.porlalibreedomex.com\/?attachment_id=53765'><img loading=\"lazy\" decoding=\"async\" width=\"696\" height=\"644\" src=\"https:\/\/www.porlalibreedomex.com\/wp-content\/uploads\/2021\/10\/El-veh\u00b4\u00b4iculo-robado-por-Ricardo-N-y-recuperado-por-la-policia-estatal-mexiquense-1024x948.jpeg\" class=\"attachment-large size-large\" alt=\"\" aria-describedby=\"gallery-1-53765\" srcset=\"https:\/\/www.porlalibreedomex.com\/wp-content\/uploads\/2021\/10\/El-veh\u00b4\u00b4iculo-robado-por-Ricardo-N-y-recuperado-por-la-policia-estatal-mexiquense-1024x948.jpeg 1024w, https:\/\/www.porlalibreedomex.com\/wp-content\/uploads\/2021\/10\/El-veh\u00b4\u00b4iculo-robado-por-Ricardo-N-y-recuperado-por-la-policia-estatal-mexiquense-300x278.jpeg 300w, https:\/\/www.porlalibreedomex.com\/wp-content\/uploads\/2021\/10\/El-veh\u00b4\u00b4iculo-robado-por-Ricardo-N-y-recuperado-por-la-policia-estatal-mexiquense-768x711.jpeg 768w, https:\/\/www.porlalibreedomex.com\/wp-content\/uploads\/2021\/10\/El-veh\u00b4\u00b4iculo-robado-por-Ricardo-N-y-recuperado-por-la-policia-estatal-mexiquense.jpeg 1258w\" sizes=\"auto, (max-width: 696px) 100vw, 696px\" \/><\/a>\n\t\t\t<\/div>\n\t\t\t\t<figcaption class='wp-caption-text gallery-caption' id='gallery-1-53765'>\n\t\t\t\tEl veh\u00cdculo robado por Ricardo N, y recuperado por la polic\u00eda estatal mexiquense\n\t\t\t\t<\/figcaption><\/figure>\n\t\t<\/div>\n\n<p style=\"font-weight: 400;\">Al concluir, los efectivos encontraron un arma corta calibre 22 mil\u00edmetros y varios cartuchos \u00fatiles. Por lo cual, Ricardo \u201cN\u201d de 32 a\u00f1os de edad, al ser reconocido plenamente por la v\u00edctima, fue trasladado junto con los objetos incautados a la Agencia del Ministerio P\u00fablico, donde se determinar\u00e1 su situaci\u00f3n Jur\u00eddica.<\/p>\n<p style=\"font-weight: 400;\">La Secretar\u00eda de Seguridad le recuerda que los tel\u00e9fonos 089 Denuncia An\u00f3nima y 9-1-1 N\u00famero de Emergencias trabajan las 24 horas del d\u00eda. Puede contactarnos a trav\u00e9s de las redes sociales: Facebook SS.Edomex, y en Twitter @ SS_Edomex.<\/p>\n<p style=\"font-weight: 400;\">\n","protected":false},"excerpt":{"rendered":"<p>Los oficiales encontraron entre las pertenencias del detenido un arma de fuego calibre 22 mil\u00edmetros y varios cartuchos disponibles. Luego de una breve persecuci\u00f3n los uniformados recuperaron el automotor Nissan, tipo Versa, color naranja. NEXTLALPAN, M\u00c9XICO, 1 DE OCTUBRE DE 2021. Resultado de un llamado de auxilio, elementos de la Secretar\u00eda de Seguridad (SS) recuperaron [&hellip;]<\/p>\n","protected":false},"author":3,"featured_media":53766,"comment_status":"open","ping_status":"open","sticky":false,"template":"","format":"standard","meta":{"footnotes":""},"categories":[16,9149],"tags":[24688,24687,24689],"class_list":{"0":"post-53763","1":"post","2":"type-post","3":"status-publish","4":"format-standard","5":"has-post-thumbnail","7":"category-foto","8":"category-policiaca","9":"tag-asaltante-capturado-por-policia-mexiquense","10":"tag-capturado-en-flagrancia","11":"tag-nextlalpan-mexico"},"wps_subtitle":"SI LO RECONOCE, DEN\u00daNCIELO. DETENIDO POR ROBO DE VEH\u00cdCULO CON VIOLENCIA","_links":{"self":[{"href":"https:\/\/www.porlalibreedomex.com\/index.php?rest_route=\/wp\/v2\/posts\/53763","targetHints":{"allow":["GET"]}}],"collection":[{"href":"https:\/\/www.porlalibreedomex.com\/index.php?rest_route=\/wp\/v2\/posts"}],"about":[{"href":"https:\/\/www.porlalibreedomex.com\/index.php?rest_route=\/wp\/v2\/types\/post"}],"author":[{"embeddable":true,"href":"https:\/\/www.porlalibreedomex.com\/index.php?rest_route=\/wp\/v2\/users\/3"}],"replies":[{"embeddable":true,"href":"https:\/\/www.porlalibreedomex.com\/index.php?rest_route=%2Fwp%2Fv2%2Fcomments&post=53763"}],"version-history":[{"count":2,"href":"https:\/\/www.porlalibreedomex.com\/index.php?rest_route=\/wp\/v2\/posts\/53763\/revisions"}],"predecessor-version":[{"id":53769,"href":"https:\/\/www.porlalibreedomex.com\/index.php?rest_route=\/wp\/v2\/posts\/53763\/revisions\/53769"}],"wp:featuredmedia":[{"embeddable":true,"href":"https:\/\/www.porlalibreedomex.com\/index.php?rest_route=\/wp\/v2\/media\/53766"}],"wp:attachment":[{"href":"https:\/\/www.porlalibreedomex.com\/index.php?rest_route=%2Fwp%2Fv2%2Fmedia&parent=53763"}],"wp:term":[{"taxonomy":"category","embeddable":true,"href":"https:\/\/www.porlalibreedomex.com\/index.php?rest_route=%2Fwp%2Fv2%2Fcategories&post=53763"},{"taxonomy":"post_tag","embeddable":true,"href":"https:\/\/www.porlalibreedomex.com\/index.php?rest_route=%2Fwp%2Fv2%2Ftags&post=53763"}],"curies":[{"name":"wp","href":"https:\/\/api.w.org\/{rel}","templated":true}]}}