{"id":53747,"date":"2021-09-30T01:47:38","date_gmt":"2021-09-30T06:47:38","guid":{"rendered":"https:\/\/www.porlalibreedomex.com\/?p=53747"},"modified":"2021-10-01T01:48:55","modified_gmt":"2021-10-01T06:48:55","slug":"reforma-su-normatividad-la-uaem-para-ofrecer-mayor-inclusion-en-la-asignacion-de-becas","status":"publish","type":"post","link":"https:\/\/www.porlalibreedomex.com\/?p=53747","title":{"rendered":"REFORMA SU NORMATIVIDAD LA UAEM PARA OFRECER MAYOR INCLUSI\u00d3N EN LA ASIGNACI\u00d3N DE BECAS"},"content":{"rendered":"<ul>\n<li><em><strong>En sesi\u00f3n ordinaria del H. Consejo Universitario se aprobaron reformas al Reglamento de Becas, Apoyos y Est\u00edmulos, que entre sus beneficios ser\u00e1 dar mayor inclusi\u00f3n a la comunidad estudiantil que m\u00e1s lo necesite en contextos adversos como la pandemia.<\/strong><\/em><\/li>\n<li><em><strong>Durante esta misma sesi\u00f3n, se turn\u00f3 a la Comisi\u00f3n de Planeaci\u00f3n y Evaluaci\u00f3n Acad\u00e9mica e Incorporaci\u00f3n de Estudios las propuestas del Plan Rector de Desarrollo Institucional 2021-2025 y el Plan General de Desarrollo 2021-2033 de la Universidad Aut\u00f3noma del Estado de M\u00e9xico para su revisi\u00f3n.<\/strong><\/em><\/li>\n<\/ul>\n<p><strong>Toluca, M\u00e9xico,\u00a0 30 de septiembre de 2021.<\/strong> A fin de brindar mayor inclusi\u00f3n en la asignaci\u00f3n de becas, apoyos y est\u00edmulos para la comunidad estudiantil de la Universidad Aut\u00f3noma del Estado de M\u00e9xico (UAEM) que m\u00e1s lo necesita, el H. Consejo Universitario reform\u00f3 el reglamento en la materia que tambi\u00e9n cumple con lo dispuesto en los sistemas estatal y nacional Anticorrupci\u00f3n, lo que permitir\u00e1 mayor transparencia en el manejo de los recursos.<\/p>\n<p><a href=\"https:\/\/www.porlalibreedomex.com\/wp-content\/uploads\/2021\/10\/El-Rector-Carlos-Eduardo-Barrera-Diaz-encabezo-con-los-secretarios-de-su-gabinete-la-sesion-del-H.-Consejo-en-la-que-se-reformo-el-Reglamento-de-Becas.-2021-09-30.jpeg\"><img loading=\"lazy\" decoding=\"async\" class=\"aligncenter size-large wp-image-53748\" src=\"https:\/\/www.porlalibreedomex.com\/wp-content\/uploads\/2021\/10\/El-Rector-Carlos-Eduardo-Barrera-Diaz-encabezo-con-los-secretarios-de-su-gabinete-la-sesion-del-H.-Consejo-en-la-que-se-reformo-el-Reglamento-de-Becas.-2021-09-30-1024x682.jpeg\" alt=\"\" width=\"800\" height=\"533\" srcset=\"https:\/\/www.porlalibreedomex.com\/wp-content\/uploads\/2021\/10\/El-Rector-Carlos-Eduardo-Barrera-Diaz-encabezo-con-los-secretarios-de-su-gabinete-la-sesion-del-H.-Consejo-en-la-que-se-reformo-el-Reglamento-de-Becas.-2021-09-30-1024x682.jpeg 1024w, https:\/\/www.porlalibreedomex.com\/wp-content\/uploads\/2021\/10\/El-Rector-Carlos-Eduardo-Barrera-Diaz-encabezo-con-los-secretarios-de-su-gabinete-la-sesion-del-H.-Consejo-en-la-que-se-reformo-el-Reglamento-de-Becas.-2021-09-30-300x200.jpeg 300w, https:\/\/www.porlalibreedomex.com\/wp-content\/uploads\/2021\/10\/El-Rector-Carlos-Eduardo-Barrera-Diaz-encabezo-con-los-secretarios-de-su-gabinete-la-sesion-del-H.-Consejo-en-la-que-se-reformo-el-Reglamento-de-Becas.-2021-09-30-768x512.jpeg 768w, https:\/\/www.porlalibreedomex.com\/wp-content\/uploads\/2021\/10\/El-Rector-Carlos-Eduardo-Barrera-Diaz-encabezo-con-los-secretarios-de-su-gabinete-la-sesion-del-H.-Consejo-en-la-que-se-reformo-el-Reglamento-de-Becas.-2021-09-30.jpeg 1280w\" sizes=\"auto, (max-width: 800px) 100vw, 800px\" \/><\/a><br \/>\nDurante la sesi\u00f3n ordinaria del \u00f3rgano colegiado que preside el rector Carlos Eduardo Barrera D\u00edaz, la abogada general, Luz Mar\u00eda Consuelo Jaimes Legorreta, se\u00f1al\u00f3 que al Reglamento de Becas, Apoyos y Est\u00edmulos de la UAEM se adiciona en su art\u00edculo 17 la atribuci\u00f3n del comit\u00e9 para incluir variables que apoyen a los estudiantes derivado de circunstancias o condiciones, por ejemplo, el contexto de la pandemia.<br \/>\nTambi\u00e9n con esta reforma se incorporan las atribuciones del \u00d3rgano Interno de Control (OIC) en la UAEM y de la Direcci\u00f3n General de Evaluaci\u00f3n y Control de la Gesti\u00f3n Universitaria, con lo cual se da certeza y seguridad, as\u00ed como se avanza en la armonizaci\u00f3n de la normatividad interna de la instituci\u00f3n de acuerdo con la reforma a la Ley de la Aut\u00f3noma mexiquense.<br \/>\nAsimismo, a trav\u00e9s de la adici\u00f3n del art\u00edculo 9 BIS, se da cumplimiento a demandas constitucionales respecto al derecho a la educaci\u00f3n bajo principios de excelencia, inclusi\u00f3n y equidad de g\u00e9nero, que contribuyan a que el Comit\u00e9 encargado de la asignaci\u00f3n de becas considere variables de vulnerabilidad econ\u00f3mico-social y de m\u00e9rito acad\u00e9mico. Por otra parte, a fin de capacitar y actualizar a m\u00e1s profesionales respecto a las obligaciones constitucionales relativas a los Sistemas Nacional y Estatal Anticorrupci\u00f3n, as\u00ed como garantizar el derecho al acceso a informaci\u00f3n p\u00fablica, el H. Consejo Universitario aprob\u00f3 la creaci\u00f3n del Diplomado Superior en Transparencia, Acceso a la Informaci\u00f3n P\u00fablica, Protecci\u00f3n de Datos Personales, Gobierno Abierto, Gesti\u00f3n Documental y Archivos.<\/p>\n<p><a href=\"https:\/\/www.porlalibreedomex.com\/wp-content\/uploads\/2021\/10\/Al-termino-de-la-sesion-del-Consejo-Universitario.-2021-09-30-at-6.44.22-PM.jpeg\"><img loading=\"lazy\" decoding=\"async\" class=\"aligncenter size-full wp-image-53750\" src=\"https:\/\/www.porlalibreedomex.com\/wp-content\/uploads\/2021\/10\/Al-termino-de-la-sesion-del-Consejo-Universitario.-2021-09-30-at-6.44.22-PM.jpeg\" alt=\"\" width=\"1280\" height=\"853\" srcset=\"https:\/\/www.porlalibreedomex.com\/wp-content\/uploads\/2021\/10\/Al-termino-de-la-sesion-del-Consejo-Universitario.-2021-09-30-at-6.44.22-PM.jpeg 1280w, https:\/\/www.porlalibreedomex.com\/wp-content\/uploads\/2021\/10\/Al-termino-de-la-sesion-del-Consejo-Universitario.-2021-09-30-at-6.44.22-PM-300x200.jpeg 300w, https:\/\/www.porlalibreedomex.com\/wp-content\/uploads\/2021\/10\/Al-termino-de-la-sesion-del-Consejo-Universitario.-2021-09-30-at-6.44.22-PM-1024x682.jpeg 1024w, https:\/\/www.porlalibreedomex.com\/wp-content\/uploads\/2021\/10\/Al-termino-de-la-sesion-del-Consejo-Universitario.-2021-09-30-at-6.44.22-PM-768x512.jpeg 768w\" sizes=\"auto, (max-width: 1280px) 100vw, 1280px\" \/><\/a><br \/>\nEste nuevo programa educativo lo ofertar\u00e1\u00a0 la Facultad de Derecho de la UAEM con una duraci\u00f3n de 200 horas, destac\u00f3 el secretario de Rector\u00eda, Marco Aurelio Cienfuegos Terr\u00f3n; en tanto, el director del espacio educativo, Jos\u00e9 Dolores Alan\u00eds Tavira, se\u00f1al\u00f3 que el Diplomado Superior permitir\u00e1 responder a la agenda gubernamental y para que los sujetos obligados puedan prevenir posibles sanciones.<br \/>\nDurante esta misma sesi\u00f3n, se turn\u00f3 a la Comisi\u00f3n de Planeaci\u00f3n y Evaluaci\u00f3n Acad\u00e9mica e Incorporaci\u00f3n de Estudios las propuestas del Plan Rector de Desarrollo Institucional 2021-2025 y el Plan General de Desarrollo 2021-2033 de la Universidad Aut\u00f3noma del Estado de M\u00e9xico para su revisi\u00f3n, y de ser aprobados por el m\u00e1ximo \u00f3rgano colegiado, regir\u00e1n el actuar de la administraci\u00f3n auriverde.<br \/>\nAdem\u00e1s se tom\u00f3 protesta como consejero representante del personal administrativo y secretario general del Sindicato \u00danico de Trabajadores y Empleados al Servicio de la UAEM, Pedro Rodr\u00edguez Magallanes y su suplente, Francisco Col\u00edn Conejo, alumnos de las facultades de Geograf\u00eda, Ingenier\u00eda y el Plantel \u201cCuauht\u00e9moc\u201d de la Escuela Preparatoria, as\u00ed como personal acad\u00e9mico de la Facultad de Enfermer\u00eda.<br \/>\nDe la misma forma, fueron designados como encargados del despacho de las direcciones de la Facultad de Odontolog\u00eda y el Centro Universitario UAEM Valle de Chalco, Norma Leticia Robles Bermeo y Joaqu\u00edn Morales Alfaro, respectivamente.<\/p>\n","protected":false},"excerpt":{"rendered":"<p>En sesi\u00f3n ordinaria del H. Consejo Universitario se aprobaron reformas al Reglamento de Becas, Apoyos y Est\u00edmulos, que entre sus beneficios ser\u00e1 dar mayor inclusi\u00f3n a la comunidad estudiantil que m\u00e1s lo necesite en contextos adversos como la pandemia. Durante esta misma sesi\u00f3n, se turn\u00f3 a la Comisi\u00f3n de Planeaci\u00f3n y Evaluaci\u00f3n Acad\u00e9mica e Incorporaci\u00f3n [&hellip;]<\/p>\n","protected":false},"author":3,"featured_media":53749,"comment_status":"open","ping_status":"open","sticky":false,"template":"","format":"standard","meta":{"footnotes":""},"categories":[9157,16],"tags":[6002,24681,23301,24680],"class_list":{"0":"post-53747","1":"post","2":"type-post","3":"status-publish","4":"format-standard","5":"has-post-thumbnail","7":"category-edomex","8":"category-foto","9":"tag-h-consejo-universitario","10":"tag-mayor-inclusion-en-becas-uaem","11":"tag-rector-carlos-eduardo-barrera-diaz","12":"tag-reforma-la-uaem-reglamento-de-becas"},"wps_subtitle":"","_links":{"self":[{"href":"https:\/\/www.porlalibreedomex.com\/index.php?rest_route=\/wp\/v2\/posts\/53747","targetHints":{"allow":["GET"]}}],"collection":[{"href":"https:\/\/www.porlalibreedomex.com\/index.php?rest_route=\/wp\/v2\/posts"}],"about":[{"href":"https:\/\/www.porlalibreedomex.com\/index.php?rest_route=\/wp\/v2\/types\/post"}],"author":[{"embeddable":true,"href":"https:\/\/www.porlalibreedomex.com\/index.php?rest_route=\/wp\/v2\/users\/3"}],"replies":[{"embeddable":true,"href":"https:\/\/www.porlalibreedomex.com\/index.php?rest_route=%2Fwp%2Fv2%2Fcomments&post=53747"}],"version-history":[{"count":1,"href":"https:\/\/www.porlalibreedomex.com\/index.php?rest_route=\/wp\/v2\/posts\/53747\/revisions"}],"predecessor-version":[{"id":53751,"href":"https:\/\/www.porlalibreedomex.com\/index.php?rest_route=\/wp\/v2\/posts\/53747\/revisions\/53751"}],"wp:featuredmedia":[{"embeddable":true,"href":"https:\/\/www.porlalibreedomex.com\/index.php?rest_route=\/wp\/v2\/media\/53749"}],"wp:attachment":[{"href":"https:\/\/www.porlalibreedomex.com\/index.php?rest_route=%2Fwp%2Fv2%2Fmedia&parent=53747"}],"wp:term":[{"taxonomy":"category","embeddable":true,"href":"https:\/\/www.porlalibreedomex.com\/index.php?rest_route=%2Fwp%2Fv2%2Fcategories&post=53747"},{"taxonomy":"post_tag","embeddable":true,"href":"https:\/\/www.porlalibreedomex.com\/index.php?rest_route=%2Fwp%2Fv2%2Ftags&post=53747"}],"curies":[{"name":"wp","href":"https:\/\/api.w.org\/{rel}","templated":true}]}}