{"id":53576,"date":"2021-09-25T20:40:05","date_gmt":"2021-09-26T01:40:05","guid":{"rendered":"https:\/\/www.porlalibreedomex.com\/?p=53576"},"modified":"2021-09-25T20:40:05","modified_gmt":"2021-09-26T01:40:05","slug":"anuncian-segunda-dosis-de-vacuna-contra-covid-19-para-26-municipios-mexiquenses","status":"publish","type":"post","link":"https:\/\/www.porlalibreedomex.com\/?p=53576","title":{"rendered":"ANUNCIAN SEGUNDA DOSIS DE VACUNA CONTRA COVID-19 PARA 26 MUNICIPIOS MEXIQUENSES"},"content":{"rendered":"<p>&nbsp;<\/p>\n<p><strong>\u00a0<\/strong><\/p>\n<ul>\n<li>\n<h3><em>En 15 municipios completar\u00e1n su esquema las personas de 40 a 49 a\u00f1os y en 11 m\u00e1s se aplicar\u00e1 la segunda dosis a j\u00f3venes de 18 a 29 a\u00f1os.<\/em><\/h3>\n<\/li>\n<li>\n<h3><em>Pueden consultar las sedes, horarios y requisitos en el sitio web\u00a0<a href=\"http:\/\/edomex.gob.mx\/vacunacion\" data-saferedirecturl=\"https:\/\/www.google.com\/url?q=http:\/\/edomex.gob.mx\/vacunacion&amp;source=gmail&amp;ust=1632703957471000&amp;usg=AFQjCNE7ELwU5UyYIlpr0RZNW7Szh0x1AA\">http:\/\/edomex.gob.mx\/vacunacion<\/a>.<\/em><\/h3>\n<\/li>\n<\/ul>\n<p><strong>\u00a0<\/strong><\/p>\n<p><strong>Toluca, Estado de M\u00e9xico, 25 de septiembre de 2021.<\/strong>\u00a0Los Gobiernos de Me\u0301xico y del Estado de Me\u0301xico, en coordinaci\u00f3n con los Ayuntamientos mexiquenses, dieron a conocer el inicio de la vacunaci\u00f3n en segunda dosis para 26 municipios.<\/p>\n<p>En 15 demarcaciones completar\u00e1n su esquema las personas de 40 a 49 a\u00f1os. \u00c9stas son Chalco, Valle de Chalco, Ixtapaluca, Tlalnepantla, Atizap\u00e1n de Zaragoza, Nicol\u00e1s Romero, La Paz, Nopaltepec, Otumba, Teotihuac\u00e1n, Acolman, Axapusco, San Mart\u00edn de las Pir\u00e1mides, Temascalapa y Chimalhuac\u00e1n.<\/p>\n<p>Asimismo, en 11 municipios se aplicar\u00e1 segunda dosis a j\u00f3venes de 18 a 29 a\u00f1os: Amecameca, Atlautla, Ayapango, Cocotitl\u00e1n, Ecatzingo, Juchitepec, Ozumba, Temamatla, Tenango del Aire, Tepetlixpa y Tlalmanalco.<\/p>\n<p>&nbsp;<\/p>\n<p>Todas las jornadas se realizara\u0301n en un horario de 9:00 a 17:00 horas, de acuerdo con el siguiente calendario:<\/p>\n<p>&nbsp;<\/p>\n<p><strong>GRUPO\u00a0 DE 40 A 49 A\u00d1OS:<\/strong><\/p>\n<p>&nbsp;<\/p>\n<table>\n<tbody>\n<tr>\n<td width=\"201\"><strong>Municipio<\/strong><\/td>\n<td width=\"233\"><strong>Letra inicial del primer apellido<\/strong><\/td>\n<td width=\"154\"><strong>Fecha para recibir segunda dosis<\/strong><\/td>\n<\/tr>\n<tr>\n<td rowspan=\"4\" width=\"201\">&nbsp;<\/p>\n<p>Atizap\u00e1n de Zaragoza<\/p>\n<p>Nicol\u00e1s Romero<\/td>\n<td width=\"233\">A, B, C, D, E<\/td>\n<td width=\"154\">27 de septiembre<\/td>\n<\/tr>\n<tr>\n<td width=\"233\">F, G, H, I, J, K<\/td>\n<td width=\"154\">28 de septiembre<\/td>\n<\/tr>\n<tr>\n<td width=\"233\">L, M, N, \u00d1, O, P, Q<\/td>\n<td width=\"154\">29 de septiembre<\/td>\n<\/tr>\n<tr>\n<td width=\"233\">R, S, T, U, V, W, X, Y, Z<\/td>\n<td width=\"154\">30 de septiembre<\/td>\n<\/tr>\n<\/tbody>\n<\/table>\n<p>&nbsp;<\/p>\n<table>\n<tbody>\n<tr>\n<td width=\"201\"><strong>Municipio<\/strong><\/td>\n<td width=\"233\"><strong>Letra inicial del primer apellido<\/strong><\/td>\n<td width=\"154\"><strong>Fecha para recibir segunda dosis<\/strong><\/td>\n<\/tr>\n<tr>\n<td rowspan=\"5\" width=\"201\">&nbsp;<\/p>\n<p>&nbsp;<\/p>\n<p>Tlalnepantla<\/td>\n<td width=\"233\">A, B, C<\/td>\n<td width=\"154\">27 de septiembre<\/td>\n<\/tr>\n<tr>\n<td width=\"233\">D, E, F, G<\/td>\n<td width=\"154\">28 de septiembre<\/td>\n<\/tr>\n<tr>\n<td width=\"233\">H, I, J, K, L, M<\/td>\n<td width=\"154\">29 de septiembre<\/td>\n<\/tr>\n<tr>\n<td width=\"233\">N, \u00d1, O, P, Q, R<\/td>\n<td width=\"154\">30 de septiembre<\/td>\n<\/tr>\n<tr>\n<td width=\"233\">S, T, U, V, W, X, Y, Z<\/td>\n<td width=\"154\">1 de octubre<\/td>\n<\/tr>\n<\/tbody>\n<\/table>\n<p>&nbsp;<\/p>\n<table>\n<tbody>\n<tr>\n<td width=\"201\"><strong>Municipio<\/strong><\/td>\n<td width=\"233\"><strong>Letra inicial del primer apellido<\/strong><\/td>\n<td width=\"154\"><strong>Fecha para recibir segunda dosis<\/strong><\/td>\n<\/tr>\n<tr>\n<td rowspan=\"3\" width=\"201\">Chalco<\/p>\n<p>Chimalhuac\u00e1n<\/td>\n<td width=\"233\">A, B, C, D, E, F, G, H, I<\/td>\n<td width=\"154\">28 de septiembre<\/td>\n<\/tr>\n<tr>\n<td width=\"233\">J, K, L, M, N, \u00d1, O, P, Q<\/td>\n<td width=\"154\">29 de septiembre<\/td>\n<\/tr>\n<tr>\n<td width=\"233\">R, S, T, U, V, W, X, Y, Z<\/td>\n<td width=\"154\">30 de septiembre<\/td>\n<\/tr>\n<\/tbody>\n<\/table>\n<p>&nbsp;<\/p>\n<table>\n<tbody>\n<tr>\n<td width=\"201\"><strong>Municipio<\/strong><\/td>\n<td width=\"233\"><strong>Convocatoria<\/strong><\/td>\n<td width=\"154\"><strong>Fecha para recibir segunda dosis<\/strong><\/td>\n<\/tr>\n<tr>\n<td width=\"201\">Valle de Chalco<\/p>\n<p>Ixtapaluca<\/td>\n<td width=\"233\">General<\/td>\n<td width=\"154\">28 al 30 de septiembre<\/td>\n<\/tr>\n<\/tbody>\n<\/table>\n<p>&nbsp;<\/p>\n<table>\n<tbody>\n<tr>\n<td width=\"201\"><strong>Municipio<\/strong><\/td>\n<td width=\"233\"><strong>Convocatoria<\/strong><\/td>\n<td width=\"154\"><strong>Fecha para recibir segunda dosis<\/strong><\/td>\n<\/tr>\n<tr>\n<td width=\"201\">La Paz, Nopaltepec, Otumba, Teotihuac\u00e1n, Acolman, Axapusco, San Mart\u00edn de las Pir\u00e1mides y Temascalapa<\/td>\n<td width=\"233\">General<\/td>\n<td width=\"154\">30 de septiembre al 1 de octubre<\/td>\n<\/tr>\n<\/tbody>\n<\/table>\n<p><strong>\u00a0<\/strong><\/p>\n<p><strong>GRUPO ETARIO DE 18 A 29 A\u00d1OS:<\/strong><\/p>\n<p><strong>\u00a0<\/strong><\/p>\n<table>\n<tbody>\n<tr>\n<td width=\"201\"><strong>Municipio<\/strong><\/td>\n<td width=\"233\"><strong>Convocatoria<\/strong><\/td>\n<td width=\"154\"><strong>Fecha para recibir segunda dosis<\/strong><\/td>\n<\/tr>\n<tr>\n<td width=\"201\">Atlautla, Ayapango, Cocotitl\u00e1n, Ecatzingo, Juchitepec, Ozumba, Temamatla, Tenango del Aire y Tepetlixpa<\/td>\n<td width=\"233\">General<\/td>\n<td width=\"154\">27 de septiembre<\/td>\n<\/tr>\n<\/tbody>\n<\/table>\n<p>&nbsp;<\/p>\n<table>\n<tbody>\n<tr>\n<td width=\"201\"><strong>Municipio<\/strong><\/td>\n<td width=\"233\"><strong>Convocatoria<\/strong><\/td>\n<td width=\"154\"><strong>Fecha para recibir segunda dosis<\/strong><\/td>\n<\/tr>\n<tr>\n<td width=\"201\">Amecameca<\/p>\n<p>Tlalmanalco<\/td>\n<td width=\"233\">General<\/td>\n<td width=\"154\">27 y 28 de septiembre<\/td>\n<\/tr>\n<\/tbody>\n<\/table>\n<p>&nbsp;<\/p>\n<p><strong>La ubicacio\u0301n de las sedes, horarios y requisitos se puede consultar en el sitio web\u00a0<a href=\"http:\/\/edomex.gob.mx\/vacunacion\" data-saferedirecturl=\"https:\/\/www.google.com\/url?q=http:\/\/edomex.gob.mx\/vacunacion&amp;source=gmail&amp;ust=1632703957471000&amp;usg=AFQjCNE7ELwU5UyYIlpr0RZNW7Szh0x1AA\">http:\/\/edomex.gob.mx\/vacunacion<\/a>.<\/strong><\/p>\n<p>&nbsp;<\/p>\n<p>Para poder recibir la segunda dosis debera\u0301n presentar el formato de vacunacio\u0301n con co\u0301digo QR lleno e impreso del sitio\u00a0<a href=\"https:\/\/mivacuna.salud.gob.mx\/\" data-saferedirecturl=\"https:\/\/www.google.com\/url?q=https:\/\/mivacuna.salud.gob.mx&amp;source=gmail&amp;ust=1632703957471000&amp;usg=AFQjCNEZ9JTu5naglDJN0V-1a0ZFesRX7A\">https:\/\/mivacuna.salud.gob.mx<\/a>, asi\u0301 como una identificacio\u0301n oficial, CURP y comprobante de domicilio\u00a0<strong>adema\u0301s del comprobante de primera aplicacio\u0301n.<\/strong><\/p>\n<p>&nbsp;<\/p>\n<p>Se recomienda llenar el formato con la informacio\u0301n solicitada, con excepcio\u0301n del tipo de vacuna, el nu\u0301mero de lote y la fecha en que acudira\u0301, esto facilitara\u0301 el acceso a las sedes y agilizara\u0301 el proceso de vacunacio\u0301n.<\/p>\n<p>De igual forma, se reitera que la vacuna es gratuita y segura, por lo que no es necesario pernoctar o llegar de madrugada a los mo\u0301dulos y, en la medida de lo posible, tratar de escalonar su arribo para no exponerse a largas filas o aglomeraciones que pongan en riesgo su salud, adema\u0301s de acudir desayunados y en caso de estar en tratamiento por alguna enfermedad, tomar puntualmente sus medicamentos.<\/p>\n<p>Finalmente, se hace un llamado a continuar con las medidas sanitarias preventivas, aunque ya hayan sido vacunados, como son correcto uso de cubrebocas, caretas y\/o goggles, lavado frecuente de manos y mantener la sana distancia.<\/p>\n","protected":false},"excerpt":{"rendered":"<p>&nbsp; \u00a0 En 15 municipios completar\u00e1n su esquema las personas de 40 a 49 a\u00f1os y en 11 m\u00e1s se aplicar\u00e1 la segunda dosis a j\u00f3venes de 18 a 29 a\u00f1os. Pueden consultar las sedes, horarios y requisitos en el sitio web\u00a0http:\/\/edomex.gob.mx\/vacunacion. \u00a0 Toluca, Estado de M\u00e9xico, 25 de septiembre de 2021.\u00a0Los Gobiernos de Me\u0301xico [&hellip;]<\/p>\n","protected":false},"author":3,"featured_media":52580,"comment_status":"open","ping_status":"open","sticky":false,"template":"","format":"standard","meta":{"footnotes":""},"categories":[9157,16,9209],"tags":[24602,24601,24603],"class_list":{"0":"post-53576","1":"post","2":"type-post","3":"status-publish","4":"format-standard","5":"has-post-thumbnail","7":"category-edomex","8":"category-foto","9":"category-salud","10":"tag-aplicaran-segunda-dosis-anticovid","11":"tag-vacunacion-en-26-municipios","12":"tag-vacunacion-en-dias-segun-apellido"},"wps_subtitle":"","_links":{"self":[{"href":"https:\/\/www.porlalibreedomex.com\/index.php?rest_route=\/wp\/v2\/posts\/53576","targetHints":{"allow":["GET"]}}],"collection":[{"href":"https:\/\/www.porlalibreedomex.com\/index.php?rest_route=\/wp\/v2\/posts"}],"about":[{"href":"https:\/\/www.porlalibreedomex.com\/index.php?rest_route=\/wp\/v2\/types\/post"}],"author":[{"embeddable":true,"href":"https:\/\/www.porlalibreedomex.com\/index.php?rest_route=\/wp\/v2\/users\/3"}],"replies":[{"embeddable":true,"href":"https:\/\/www.porlalibreedomex.com\/index.php?rest_route=%2Fwp%2Fv2%2Fcomments&post=53576"}],"version-history":[{"count":1,"href":"https:\/\/www.porlalibreedomex.com\/index.php?rest_route=\/wp\/v2\/posts\/53576\/revisions"}],"predecessor-version":[{"id":53577,"href":"https:\/\/www.porlalibreedomex.com\/index.php?rest_route=\/wp\/v2\/posts\/53576\/revisions\/53577"}],"wp:featuredmedia":[{"embeddable":true,"href":"https:\/\/www.porlalibreedomex.com\/index.php?rest_route=\/wp\/v2\/media\/52580"}],"wp:attachment":[{"href":"https:\/\/www.porlalibreedomex.com\/index.php?rest_route=%2Fwp%2Fv2%2Fmedia&parent=53576"}],"wp:term":[{"taxonomy":"category","embeddable":true,"href":"https:\/\/www.porlalibreedomex.com\/index.php?rest_route=%2Fwp%2Fv2%2Fcategories&post=53576"},{"taxonomy":"post_tag","embeddable":true,"href":"https:\/\/www.porlalibreedomex.com\/index.php?rest_route=%2Fwp%2Fv2%2Ftags&post=53576"}],"curies":[{"name":"wp","href":"https:\/\/api.w.org\/{rel}","templated":true}]}}