{"id":53291,"date":"2021-09-14T14:30:34","date_gmt":"2021-09-14T19:30:34","guid":{"rendered":"https:\/\/www.porlalibreedomex.com\/?p=53291"},"modified":"2021-09-14T14:30:34","modified_gmt":"2021-09-14T19:30:34","slug":"invita-gem-a-seguir-fiestas-patrias-a-traves-de-redes-sociales-radio-y-television","status":"publish","type":"post","link":"https:\/\/www.porlalibreedomex.com\/?p=53291","title":{"rendered":"INVITA GEM A SEGUIR FIESTAS PATRIAS A TRAV\u00c9S DE REDES SOCIALES, RADIO Y TELEVISI\u00d3N"},"content":{"rendered":"<p>&nbsp;<\/p>\n<p>\u2022 Pide evitar<strong>\u00a0espect\u00e1culos p\u00fablicos, verbenas, fiestas populares o desfiles.<\/strong><br \/>\n<strong>\u2022 Solicitan tomar medidas preventivas para evitar la venta clandestina de pirotecnia.<\/strong><\/p>\n<p><strong>Toluca, Estado de M\u00e9xico, 13 de septiembre de 2021<\/strong>. Con el objetivo de garantizar la celebraci\u00f3n de las fiestas patrias de forma segura y en apego a las medidas sanitarias para evitar contagios por COVID-19, el Gobierno del Estado de M\u00e9xico invita a la poblaci\u00f3n mexiquense a seguir los festejos a trav\u00e9s de redes sociales, radio y televisi\u00f3n.<\/p>\n<p>En este sentido, el Secretario General de Gobierno, Ernesto Nemer Alvarez, refiri\u00f3 que la entidad contin\u00faa en la etapa de Sem\u00e1foro Naranja de Riesgo Epidemiol\u00f3gico, por lo que recientemente exhort\u00f3 a las y los 125 presidentes municipales del Estado de M\u00e9xico para que suspendan los eventos masivos y aglomeraciones como espect\u00e1culos p\u00fablicos, verbenas, fiestas populares o desfiles.<\/p>\n<p>Por ello, el Gobierno del Estado de M\u00e9xico realizar\u00e1 la ceremonia del Aniversario del inicio de la Independencia de M\u00e9xico, en estricto apego a las medidas sanitarias y dar\u00e1 cumplimiento a la obligaci\u00f3n de rendir honores a la Bandera Nacional, los d\u00edas 15 y 16 de septiembre, sin el tradicional desfile militar.<\/p>\n<figure id=\"attachment_52851\" aria-describedby=\"caption-attachment-52851\" style=\"width: 1280px\" class=\"wp-caption aligncenter\"><a href=\"https:\/\/www.porlalibreedomex.com\/wp-content\/uploads\/2021\/08\/Esta-por-definirse-el-formato-del-Informe-de-Gobierno-de-Alfredo-del-Mazo-explico-el-Secretario-General-de-Gobierno-Ernesto-Nemer-Alvarez.2021-08-25.jpeg\"><img loading=\"lazy\" decoding=\"async\" class=\"size-full wp-image-52851\" src=\"https:\/\/www.porlalibreedomex.com\/wp-content\/uploads\/2021\/08\/Esta-por-definirse-el-formato-del-Informe-de-Gobierno-de-Alfredo-del-Mazo-explico-el-Secretario-General-de-Gobierno-Ernesto-Nemer-Alvarez.2021-08-25.jpeg\" alt=\"\" width=\"1280\" height=\"853\" srcset=\"https:\/\/www.porlalibreedomex.com\/wp-content\/uploads\/2021\/08\/Esta-por-definirse-el-formato-del-Informe-de-Gobierno-de-Alfredo-del-Mazo-explico-el-Secretario-General-de-Gobierno-Ernesto-Nemer-Alvarez.2021-08-25.jpeg 1280w, https:\/\/www.porlalibreedomex.com\/wp-content\/uploads\/2021\/08\/Esta-por-definirse-el-formato-del-Informe-de-Gobierno-de-Alfredo-del-Mazo-explico-el-Secretario-General-de-Gobierno-Ernesto-Nemer-Alvarez.2021-08-25-300x200.jpeg 300w, https:\/\/www.porlalibreedomex.com\/wp-content\/uploads\/2021\/08\/Esta-por-definirse-el-formato-del-Informe-de-Gobierno-de-Alfredo-del-Mazo-explico-el-Secretario-General-de-Gobierno-Ernesto-Nemer-Alvarez.2021-08-25-1024x682.jpeg 1024w, https:\/\/www.porlalibreedomex.com\/wp-content\/uploads\/2021\/08\/Esta-por-definirse-el-formato-del-Informe-de-Gobierno-de-Alfredo-del-Mazo-explico-el-Secretario-General-de-Gobierno-Ernesto-Nemer-Alvarez.2021-08-25-768x512.jpeg 768w\" sizes=\"auto, (max-width: 1280px) 100vw, 1280px\" \/><\/a><figcaption id=\"caption-attachment-52851\" class=\"wp-caption-text\">\u00a0Ernesto N\u00e9mer \u00c1lvarez.2021-09-13<\/figcaption><\/figure>\n<p>Lo que debe evitarse a toda costa, dijo, es que haya eventos masivos para prevenir contagios y cuidar la salud y la vida de las personas.<\/p>\n<p>Asimismo, solicit\u00f3 a los ediles tomar las medidas necesarias para supervisar que no operen sitios clandestinos de producci\u00f3n y venta de pirotecnia, para evitar cualquier incidente.<\/p>\n","protected":false},"excerpt":{"rendered":"<p>&nbsp; \u2022 Pide evitar\u00a0espect\u00e1culos p\u00fablicos, verbenas, fiestas populares o desfiles. \u2022 Solicitan tomar medidas preventivas para evitar la venta clandestina de pirotecnia. Toluca, Estado de M\u00e9xico, 13 de septiembre de 2021. Con el objetivo de garantizar la celebraci\u00f3n de las fiestas patrias de forma segura y en apego a las medidas sanitarias para evitar contagios [&hellip;]<\/p>\n","protected":false},"author":3,"featured_media":25600,"comment_status":"open","ping_status":"open","sticky":false,"template":"","format":"standard","meta":{"footnotes":""},"categories":[9157,16,9209],"tags":[3395,24442,24443,701],"class_list":{"0":"post-53291","1":"post","2":"type-post","3":"status-publish","4":"format-standard","5":"has-post-thumbnail","7":"category-edomex","8":"category-foto","9":"category-salud","10":"tag-ernesto-nemer-alvarez","11":"tag-no-habra-ceremonia-de-el-grito","12":"tag-no-habra-desfile-este-16-de-septiembre","13":"tag-secretario-general-de-gobierno"},"wps_subtitle":"Exhorta Ernesto Nemer Alvarez, Secretario General de Gobierno, a las y los 125 presidentes municipales a evitar eventos masivos y aglomeraciones","_links":{"self":[{"href":"https:\/\/www.porlalibreedomex.com\/index.php?rest_route=\/wp\/v2\/posts\/53291","targetHints":{"allow":["GET"]}}],"collection":[{"href":"https:\/\/www.porlalibreedomex.com\/index.php?rest_route=\/wp\/v2\/posts"}],"about":[{"href":"https:\/\/www.porlalibreedomex.com\/index.php?rest_route=\/wp\/v2\/types\/post"}],"author":[{"embeddable":true,"href":"https:\/\/www.porlalibreedomex.com\/index.php?rest_route=\/wp\/v2\/users\/3"}],"replies":[{"embeddable":true,"href":"https:\/\/www.porlalibreedomex.com\/index.php?rest_route=%2Fwp%2Fv2%2Fcomments&post=53291"}],"version-history":[{"count":1,"href":"https:\/\/www.porlalibreedomex.com\/index.php?rest_route=\/wp\/v2\/posts\/53291\/revisions"}],"predecessor-version":[{"id":53292,"href":"https:\/\/www.porlalibreedomex.com\/index.php?rest_route=\/wp\/v2\/posts\/53291\/revisions\/53292"}],"wp:featuredmedia":[{"embeddable":true,"href":"https:\/\/www.porlalibreedomex.com\/index.php?rest_route=\/wp\/v2\/media\/25600"}],"wp:attachment":[{"href":"https:\/\/www.porlalibreedomex.com\/index.php?rest_route=%2Fwp%2Fv2%2Fmedia&parent=53291"}],"wp:term":[{"taxonomy":"category","embeddable":true,"href":"https:\/\/www.porlalibreedomex.com\/index.php?rest_route=%2Fwp%2Fv2%2Fcategories&post=53291"},{"taxonomy":"post_tag","embeddable":true,"href":"https:\/\/www.porlalibreedomex.com\/index.php?rest_route=%2Fwp%2Fv2%2Ftags&post=53291"}],"curies":[{"name":"wp","href":"https:\/\/api.w.org\/{rel}","templated":true}]}}