{"id":53130,"date":"2021-09-07T02:11:40","date_gmt":"2021-09-07T07:11:40","guid":{"rendered":"https:\/\/www.porlalibreedomex.com\/?p=53130"},"modified":"2021-09-08T02:12:12","modified_gmt":"2021-09-08T07:12:12","slug":"se-registra-derrumbe-de-una-vivienda-en-villa-guerrero","status":"publish","type":"post","link":"https:\/\/www.porlalibreedomex.com\/?p=53130","title":{"rendered":"SE REGISTRA DERRUMBE DE UNA VIVIENDA EN VILLA GUERRERO"},"content":{"rendered":"<p>&nbsp;<\/p>\n<ul>\n<li><strong>Trabajan en el lugar del incidente elementos de la Secretar\u00eda de Seguridad estatal y la Fiscal\u00eda General de Justicia del Estado de M\u00e9xico realiza las diligencias correspondientes.<\/strong><\/li>\n<\/ul>\n<p>&nbsp;<\/p>\n<p><strong>Villa Guerrero, Estado de M\u00e9xico, 7 de septiembre de 2021.<\/strong> El Gobierno del Estado de M\u00e9xico informa que se registr\u00f3 un deslave de tierra en un domicilio particular, ubicado en la comunidad de Zanjillas San Bartolom\u00e9, en Villa Guerrero, lo que gener\u00f3 el derrumbe de una vivienda y el fallecimiento de cuatro personas.<\/p>\n<p><a href=\"https:\/\/www.porlalibreedomex.com\/wp-content\/uploads\/2021\/09\/Personal-de-la-Fiscalia-Gemeral-y-de-la-SSEM-trabajan-en-el-lugar-del-derrumbe.-2021-09-07-at-8.50.56-PM.jpeg\"><img loading=\"lazy\" decoding=\"async\" class=\"aligncenter size-full wp-image-53132\" src=\"https:\/\/www.porlalibreedomex.com\/wp-content\/uploads\/2021\/09\/Personal-de-la-Fiscalia-Gemeral-y-de-la-SSEM-trabajan-en-el-lugar-del-derrumbe.-2021-09-07-at-8.50.56-PM.jpeg\" alt=\"\" width=\"1280\" height=\"912\" srcset=\"https:\/\/www.porlalibreedomex.com\/wp-content\/uploads\/2021\/09\/Personal-de-la-Fiscalia-Gemeral-y-de-la-SSEM-trabajan-en-el-lugar-del-derrumbe.-2021-09-07-at-8.50.56-PM.jpeg 1280w, https:\/\/www.porlalibreedomex.com\/wp-content\/uploads\/2021\/09\/Personal-de-la-Fiscalia-Gemeral-y-de-la-SSEM-trabajan-en-el-lugar-del-derrumbe.-2021-09-07-at-8.50.56-PM-300x214.jpeg 300w, https:\/\/www.porlalibreedomex.com\/wp-content\/uploads\/2021\/09\/Personal-de-la-Fiscalia-Gemeral-y-de-la-SSEM-trabajan-en-el-lugar-del-derrumbe.-2021-09-07-at-8.50.56-PM-1024x730.jpeg 1024w, https:\/\/www.porlalibreedomex.com\/wp-content\/uploads\/2021\/09\/Personal-de-la-Fiscalia-Gemeral-y-de-la-SSEM-trabajan-en-el-lugar-del-derrumbe.-2021-09-07-at-8.50.56-PM-768x547.jpeg 768w\" sizes=\"auto, (max-width: 1280px) 100vw, 1280px\" \/><\/a><\/p>\n<p>Los hechos ocurrieron alrededor de las 16:00 horas, y en el lugar se encuentra personal de Protecci\u00f3n Civil y Seguridad P\u00fablica municipales, as\u00ed como de la Secretar\u00eda de Seguridad del Estado de M\u00e9xico, quienes realizaron el rescate de los cuerpos.<\/p>\n<p>Las personas que perdieron la vida son un hombre de 45 a\u00f1os, una mujer de 35 a\u00f1os y dos menores de edad de 11 y cinco a\u00f1os.<\/p>\n<p>Por el momento se contin\u00faa con el retiro de tierra y escombro, en tanto que la Fiscal\u00eda General de Justicia del Estado de M\u00e9xico realiza en el lugar las diligencias correspondientes.<\/p>\n","protected":false},"excerpt":{"rendered":"<p>&nbsp; Trabajan en el lugar del incidente elementos de la Secretar\u00eda de Seguridad estatal y la Fiscal\u00eda General de Justicia del Estado de M\u00e9xico realiza las diligencias correspondientes. &nbsp; Villa Guerrero, Estado de M\u00e9xico, 7 de septiembre de 2021. El Gobierno del Estado de M\u00e9xico informa que se registr\u00f3 un deslave de tierra en un [&hellip;]<\/p>\n","protected":false},"author":3,"featured_media":53131,"comment_status":"open","ping_status":"open","sticky":false,"template":"","format":"standard","meta":{"footnotes":""},"categories":[16,9149],"tags":[24366,24368,24367],"class_list":{"0":"post-53130","1":"post","2":"type-post","3":"status-publish","4":"format-standard","5":"has-post-thumbnail","7":"category-foto","8":"category-policiaca","9":"tag-derrumbe-en-villa-guerrero","10":"tag-mueren-4-por-derrumbe-de-casa","11":"tag-se-derrumba-una-casa-en-zanjillas-v-gro"},"wps_subtitle":"Hay 4 muertos; esto ocurri\u00f3 horas antes del sismo.","_links":{"self":[{"href":"https:\/\/www.porlalibreedomex.com\/index.php?rest_route=\/wp\/v2\/posts\/53130","targetHints":{"allow":["GET"]}}],"collection":[{"href":"https:\/\/www.porlalibreedomex.com\/index.php?rest_route=\/wp\/v2\/posts"}],"about":[{"href":"https:\/\/www.porlalibreedomex.com\/index.php?rest_route=\/wp\/v2\/types\/post"}],"author":[{"embeddable":true,"href":"https:\/\/www.porlalibreedomex.com\/index.php?rest_route=\/wp\/v2\/users\/3"}],"replies":[{"embeddable":true,"href":"https:\/\/www.porlalibreedomex.com\/index.php?rest_route=%2Fwp%2Fv2%2Fcomments&post=53130"}],"version-history":[{"count":1,"href":"https:\/\/www.porlalibreedomex.com\/index.php?rest_route=\/wp\/v2\/posts\/53130\/revisions"}],"predecessor-version":[{"id":53133,"href":"https:\/\/www.porlalibreedomex.com\/index.php?rest_route=\/wp\/v2\/posts\/53130\/revisions\/53133"}],"wp:featuredmedia":[{"embeddable":true,"href":"https:\/\/www.porlalibreedomex.com\/index.php?rest_route=\/wp\/v2\/media\/53131"}],"wp:attachment":[{"href":"https:\/\/www.porlalibreedomex.com\/index.php?rest_route=%2Fwp%2Fv2%2Fmedia&parent=53130"}],"wp:term":[{"taxonomy":"category","embeddable":true,"href":"https:\/\/www.porlalibreedomex.com\/index.php?rest_route=%2Fwp%2Fv2%2Fcategories&post=53130"},{"taxonomy":"post_tag","embeddable":true,"href":"https:\/\/www.porlalibreedomex.com\/index.php?rest_route=%2Fwp%2Fv2%2Ftags&post=53130"}],"curies":[{"name":"wp","href":"https:\/\/api.w.org\/{rel}","templated":true}]}}