{"id":53127,"date":"2021-09-07T01:56:39","date_gmt":"2021-09-07T06:56:39","guid":{"rendered":"https:\/\/www.porlalibreedomex.com\/?p=53127"},"modified":"2021-09-08T01:57:06","modified_gmt":"2021-09-08T06:57:06","slug":"maullidos-urbanos-cambio-de-estatuas","status":"publish","type":"post","link":"https:\/\/www.porlalibreedomex.com\/?p=53127","title":{"rendered":"Maullidos Urbanos \/  Cambio de estatuas"},"content":{"rendered":"<div class=\"aju\"><\/div>\n<div class=\"gs\">\n<div class=\"\">\n<div id=\":ph\" class=\"ii gt\">\n<div id=\":pg\" class=\"a3s aiL \">\n<div dir=\"ltr\">\n<p><strong>Gato de Barrio<\/strong><\/p>\n<p align=\"right\"><strong><i><a href=\"mailto:gatodebarrio@yahoo.com.mx\" target=\"_blank\" rel=\"nofollow noopener\">gatodebarrio@yahoo.com.mx<\/a><\/i><i><\/i><\/strong><\/p>\n<p><strong>C<\/strong>laudia Sheinbaum, jefa de gobierno de la Ciudad de M\u00e9xico, anunci\u00f3 que por la celebraci\u00f3n del D\u00eda Internacional de la Mujer Ind\u00edgena, en la glorieta del Paseo de la Reforma donde por m\u00e1s de un siglo estuvo la estatua de Crist\u00f3bal Col\u00f3n, ahora se colocara una dedicada a la mujer ind\u00edgena, m\u00e1s exactamente de origen olmeca, que ya elabora el escultor Pedro Reyes.<\/p>\n<p>Argument\u00f3 que recientemente recibi\u00f3 una carta de un punto de acuerdo formulado en el Senado por varias integrantes de la bancada de Morena, donde se propon\u00eda que en la citada Glorieta de Col\u00f3n se colocara una escultura dedicada a la mujer ind\u00edgena; agreg\u00f3 que posteriormente su administraci\u00f3n comenz\u00f3 a recibir cartas de apoyo a esa idea de muchas mujeres ind\u00edgenas de distintas naciones, pueblos y culturas originarias.<\/p>\n<p>Sheinbaum precis\u00f3 que con la autorizaci\u00f3n del Instituto Nacional de Antropolog\u00eda e Historia, el monumento dedicado al descubridor de Am\u00e9rica ser\u00e1 reubicado, con todo y base, en el Parque de las Am\u00e9ricas, localizado en la alcald\u00eda Miguel Hidalgo.<\/p>\n<p>Dijo: \u201cEste reconocimiento de ponerlas (a las mujeres ind\u00edgenas) en el Centro de nuestra ciudad como el centro de nuestra historia, es un cambio cultural, que todos debemos reconocer. Col\u00f3n, claro que fue un gran personaje universal y tambi\u00e9n hay que reconocerlo, pero creemos que, en el centro de nuestra ciudad, ah\u00ed tiene que haber un reconocimiento a la mujer ind\u00edgena\u201d.<\/p>\n<p>Este cambio de estatuas responde a la actual pol\u00edtica de los presuntos 500 a\u00f1os de resistencia ind\u00edgena, como ahora quiere denominarse a la conclusi\u00f3n del imperio azteca, tras la invasi\u00f3n de los conquistadores espa\u00f1oles, donde ya se han realizado otras acciones como el cambio de nombre de sitios y vialidades y la construcci\u00f3n de una maqueta del Templo Mayor.<\/p>\n<p>Sin embargo esta medida no es resultado de un ampl\u00edo consenso social, ya que solo es una fracci\u00f3n de senadoras de un grupo parlamentario y \u201ccartas de grupos de mujeres\u201d, \u00bfde d\u00f3nde y cu\u00e1ndo llegaron?, \u00bfa quienes representan?, \u00bfse consult\u00f3 a otros sectores y\/o grupos sociales s\u00ed est\u00e1n de acuerdo?, \u00bfc\u00f3mo se decidi\u00f3 la reubicaci\u00f3n de la estatua de Col\u00f3n?<\/p>\n<p><strong>\u00a0\u00a0Cuando conviene a las actuales autoridades apoyan consultas populares para \u201cadoptar\u201d decisiones, no imposiciones, entonces \u00bfpor qu\u00e9 esta decisi\u00f3n? \u00bfNo quedar\u00eda mejor esta mujer ind\u00edgena en lugar de la Diana Cazadora o en el de la porfirista \u00c1ngel de la Independencia?<\/strong><\/p>\n<p><strong>\u00a0\u00a0\u00a0\u00a0\u00a0\u00a0\u00a0\u00a0\u00a0\u00a0\u00a0\u00a0Si es que en realidad este cambio de estatuas es aceptado por los capitalinos, historiadores, soci\u00f3logos, entre otros, pues adelante, pero como lo veo es simplemente una decisi\u00f3n populista para seguir con la presunta pol\u00edtica reivindicatoria del indigenismo en M\u00e9xico.<\/strong><\/p>\n<\/div>\n<\/div>\n<\/div>\n<\/div>\n<\/div>\n","protected":false},"excerpt":{"rendered":"<p>Gato de Barrio gatodebarrio@yahoo.com.mx Claudia Sheinbaum, jefa de gobierno de la Ciudad de M\u00e9xico, anunci\u00f3 que por la celebraci\u00f3n del D\u00eda Internacional de la Mujer Ind\u00edgena, en la glorieta del Paseo de la Reforma donde por m\u00e1s de un siglo estuvo la estatua de Crist\u00f3bal Col\u00f3n, ahora se colocara una dedicada a la mujer ind\u00edgena, [&hellip;]<\/p>\n","protected":false},"author":3,"featured_media":53128,"comment_status":"open","ping_status":"open","sticky":false,"template":"","format":"standard","meta":{"footnotes":""},"categories":[23,16],"tags":[24363,24365,24364,24362],"class_list":{"0":"post-53127","1":"post","2":"type-post","3":"status-publish","4":"format-standard","5":"has-post-thumbnail","7":"category-columna","8":"category-foto","9":"tag-cambios-de-estatuas","10":"tag-el-porfirista-angel-de-la-independencia","11":"tag-la-mujer-indigena","12":"tag-ocurrencias-de-sheinbaum"},"wps_subtitle":"Claudia, fiel y leal a \"Don Ocurrencias\"","_links":{"self":[{"href":"https:\/\/www.porlalibreedomex.com\/index.php?rest_route=\/wp\/v2\/posts\/53127","targetHints":{"allow":["GET"]}}],"collection":[{"href":"https:\/\/www.porlalibreedomex.com\/index.php?rest_route=\/wp\/v2\/posts"}],"about":[{"href":"https:\/\/www.porlalibreedomex.com\/index.php?rest_route=\/wp\/v2\/types\/post"}],"author":[{"embeddable":true,"href":"https:\/\/www.porlalibreedomex.com\/index.php?rest_route=\/wp\/v2\/users\/3"}],"replies":[{"embeddable":true,"href":"https:\/\/www.porlalibreedomex.com\/index.php?rest_route=%2Fwp%2Fv2%2Fcomments&post=53127"}],"version-history":[{"count":1,"href":"https:\/\/www.porlalibreedomex.com\/index.php?rest_route=\/wp\/v2\/posts\/53127\/revisions"}],"predecessor-version":[{"id":53129,"href":"https:\/\/www.porlalibreedomex.com\/index.php?rest_route=\/wp\/v2\/posts\/53127\/revisions\/53129"}],"wp:featuredmedia":[{"embeddable":true,"href":"https:\/\/www.porlalibreedomex.com\/index.php?rest_route=\/wp\/v2\/media\/53128"}],"wp:attachment":[{"href":"https:\/\/www.porlalibreedomex.com\/index.php?rest_route=%2Fwp%2Fv2%2Fmedia&parent=53127"}],"wp:term":[{"taxonomy":"category","embeddable":true,"href":"https:\/\/www.porlalibreedomex.com\/index.php?rest_route=%2Fwp%2Fv2%2Fcategories&post=53127"},{"taxonomy":"post_tag","embeddable":true,"href":"https:\/\/www.porlalibreedomex.com\/index.php?rest_route=%2Fwp%2Fv2%2Ftags&post=53127"}],"curies":[{"name":"wp","href":"https:\/\/api.w.org\/{rel}","templated":true}]}}