{"id":53093,"date":"2021-09-07T02:25:16","date_gmt":"2021-09-07T07:25:16","guid":{"rendered":"https:\/\/www.porlalibreedomex.com\/?p=53093"},"modified":"2021-09-07T02:25:16","modified_gmt":"2021-09-07T07:25:16","slug":"informa-alfredo-del-mazo-de-inversion-por-mas-de-2-mil-millones-de-pesos-de-kavak-en-edomex","status":"publish","type":"post","link":"https:\/\/www.porlalibreedomex.com\/?p=53093","title":{"rendered":"INFORMA ALFREDO DEL MAZO DE INVERSI\u00d3N POR M\u00c1S DE 2 MIL MILLONES DE PESOS DE KAVAK EN EDOM\u00c9X"},"content":{"rendered":"<ul>\n<li><em><strong>Ofrece KAVAK apoyo para concretar acciones que, por su impacto econ\u00f3mico y social, benefician a miles de familias mexiquenses.<\/strong><\/em><\/li>\n<li><em><strong>Subraya Del Mazo Maza que su administraci\u00f3n impulsa proyectos que contribuyen a reactivar la econ\u00f3mica y el desarrollo de la sociedad.<\/strong><\/em><\/li>\n<\/ul>\n<p><strong>Toluca, Estado de M\u00e9xico, 6 de septiembre de 2021.<\/strong> El Gobernador Alfredo Del Mazo Maza encabez\u00f3 la presentaci\u00f3n de proyectos de inversi\u00f3n, que la empresa de servicios de compra-venta de autos KAVAK destinar\u00e1 en el Edom\u00e9x, y que superan los 2 mil millones de pesos, que se prev\u00e9 generen casi 200 empleos directos.<\/p>\n<p>La inversi\u00f3n se destinar\u00e1 a la expansi\u00f3n de un Centro de Reacondicionamiento Vehicular, en Lerma, que es el m\u00e1s grande del pa\u00eds, con capacidad para atender 9 mil autos mensuales, as\u00ed como a la apertura de nuevos showrooms en Coacalco, Tlalnepantla, Interlomas, Lerma y Huixquilucan.<\/p>\n<p>En su reuni\u00f3n, el mandatario estatal reconoci\u00f3 a KAVAK por la confianza en el Estado de M\u00e9xico y expres\u00f3 su compromiso de apoyar la concreci\u00f3n de estos proyectos que, por su impacto econ\u00f3mico y social, benefician a miles de familias en el estado.<\/p>\n<p>Acompa\u00f1ado por el Secretario de Desarrollo Econ\u00f3mico, Pablo Peralta Garc\u00eda, y ante el Director General de KAVAK M\u00e9xico, Alejandro Guerra Esc\u00e1mez, el Gobernador subray\u00f3 que esta compa\u00f1\u00eda aprovecha las nuevas tecnolog\u00edas y las ventajas competitivas que el Estado de M\u00e9xico ofrece a la inversi\u00f3n, logrando expandir sus servicios relacionados con el mercado de compra y venta de autos seminuevos online, dando certidumbre y seguridad a sus usuarios.<\/p>\n<p>Estos mecanismos de seguridad son importantes al considerar que, aproximadamente, cuatro de cada 10 transacciones de veh\u00edculos seminuevos involucran alg\u00fan tipo de fraude, y solo en una de cada tres transacciones se inspeccionan previamente los autos.<\/p>\n<p>KAVAK resuelve estos desaf\u00edos pues antes de adquirir un auto y ofrecerlo al mercado, revisa su estado de conservaci\u00f3n e investiga en forma exhaustiva, consultando bases como el Repuve, as\u00ed como de compa\u00f1\u00edas de seguros.<\/p>\n<p><a href=\"https:\/\/www.porlalibreedomex.com\/wp-content\/uploads\/2021\/09\/Reunion-del-Gobernador-Alfredo-del-Mazo-con-directivos-de-KAVAK.jpeg\"><img loading=\"lazy\" decoding=\"async\" class=\"aligncenter size-full wp-image-53094\" src=\"https:\/\/www.porlalibreedomex.com\/wp-content\/uploads\/2021\/09\/Reunion-del-Gobernador-Alfredo-del-Mazo-con-directivos-de-KAVAK.jpeg\" alt=\"\" width=\"1563\" height=\"1063\" srcset=\"https:\/\/www.porlalibreedomex.com\/wp-content\/uploads\/2021\/09\/Reunion-del-Gobernador-Alfredo-del-Mazo-con-directivos-de-KAVAK.jpeg 1563w, https:\/\/www.porlalibreedomex.com\/wp-content\/uploads\/2021\/09\/Reunion-del-Gobernador-Alfredo-del-Mazo-con-directivos-de-KAVAK-300x204.jpeg 300w, https:\/\/www.porlalibreedomex.com\/wp-content\/uploads\/2021\/09\/Reunion-del-Gobernador-Alfredo-del-Mazo-con-directivos-de-KAVAK-1024x696.jpeg 1024w, https:\/\/www.porlalibreedomex.com\/wp-content\/uploads\/2021\/09\/Reunion-del-Gobernador-Alfredo-del-Mazo-con-directivos-de-KAVAK-768x522.jpeg 768w, https:\/\/www.porlalibreedomex.com\/wp-content\/uploads\/2021\/09\/Reunion-del-Gobernador-Alfredo-del-Mazo-con-directivos-de-KAVAK-1536x1045.jpeg 1536w\" sizes=\"auto, (max-width: 1563px) 100vw, 1563px\" \/><\/a><\/p>\n<p><strong>Esta empresa actualmente realiza diversas actividades en equipo con dependencias de la administraci\u00f3n estatal, para fortalecer servicios p\u00fablicos y acciones incluyentes de car\u00e1cter social.<\/strong><\/p>\n<p>Con la Secretar\u00eda de Finanzas, por ejemplo, iniciaron trabajos para crear un portal digital que agilice tr\u00e1mites de cambio de propietario, altas, bajas y licencias; con la Secretar\u00eda de Seguridad, KAVAK participa en el programa \u201cMi Negocio Fuerte y Seguro\u201d, que avanza en acciones de conexi\u00f3n de sus instalaciones con el C5.<\/p>\n<p>Con el Instituto de Capacitaci\u00f3n y Adiestramiento para el Trabajo industrial (ICATI), y con el Consejo Mexiquense de Ciencia y tecnolog\u00eda (COMECyT), este a\u00f1o la compa\u00f1\u00eda ha dado prioridad al fortalecimiento de competencias laborales entre j\u00f3venes egresados, y se realizar\u00e1 un convenio que promueva la contrataci\u00f3n del talento joven mexiquense.<\/p>\n<p>Y con la Secretar\u00eda del Medio Ambiente, se analiza la posibilidad de participar en la emisi\u00f3n de la pr\u00f3xima convocatoria para instalar un verificentro, en el centro de Lerma.<\/p>\n<p>Por otra parte, por sus acciones a favor de la igualdad de oportunidades laborales entre mujeres y hombres, KAVAK obtuvo el Certificado de Empresa Naranja, promovido por la Secretar\u00eda de la Mujer.<\/p>\n<p>Asistieron al evento, en el Sal\u00f3n Guadalupe Victoria de la sede del Poder Ejecutivo, Rodrigo Garc\u00eda Res\u00e9ndiz, Jefe de Relaciones con Gobierno de KAVAK M\u00e9xico; Julio C\u00e9sar Guerrero Mart\u00edn, Director General de Atenci\u00f3n Empresarial, de la Secretar\u00eda de Desarrollo Econ\u00f3mico y Juan Pedrozo Gonz\u00e1lez, Director General de Comercio de la Secretar\u00eda de Desarrollo Econ\u00f3mico.<\/p>\n","protected":false},"excerpt":{"rendered":"<p>Ofrece KAVAK apoyo para concretar acciones que, por su impacto econ\u00f3mico y social, benefician a miles de familias mexiquenses. Subraya Del Mazo Maza que su administraci\u00f3n impulsa proyectos que contribuyen a reactivar la econ\u00f3mica y el desarrollo de la sociedad. Toluca, Estado de M\u00e9xico, 6 de septiembre de 2021. El Gobernador Alfredo Del Mazo Maza [&hellip;]<\/p>\n","protected":false},"author":3,"featured_media":53095,"comment_status":"open","ping_status":"open","sticky":false,"template":"","format":"standard","meta":{"footnotes":""},"categories":[16,9150],"tags":[24342,23951,24343],"class_list":{"0":"post-53093","1":"post","2":"type-post","3":"status-publish","4":"format-standard","5":"has-post-thumbnail","7":"category-foto","8":"category-politica","9":"tag-informa-del-mazo-nueva-inversion-de-kavak","10":"tag-nueva-inversion-en-edomex","11":"tag-venta-de-autos-seminuevos"},"wps_subtitle":"Reconoce Gobernador a esta empresa, l\u00edder en compra y venta de autos seminuevos por internet, por su confianza en la entidad.","_links":{"self":[{"href":"https:\/\/www.porlalibreedomex.com\/index.php?rest_route=\/wp\/v2\/posts\/53093","targetHints":{"allow":["GET"]}}],"collection":[{"href":"https:\/\/www.porlalibreedomex.com\/index.php?rest_route=\/wp\/v2\/posts"}],"about":[{"href":"https:\/\/www.porlalibreedomex.com\/index.php?rest_route=\/wp\/v2\/types\/post"}],"author":[{"embeddable":true,"href":"https:\/\/www.porlalibreedomex.com\/index.php?rest_route=\/wp\/v2\/users\/3"}],"replies":[{"embeddable":true,"href":"https:\/\/www.porlalibreedomex.com\/index.php?rest_route=%2Fwp%2Fv2%2Fcomments&post=53093"}],"version-history":[{"count":1,"href":"https:\/\/www.porlalibreedomex.com\/index.php?rest_route=\/wp\/v2\/posts\/53093\/revisions"}],"predecessor-version":[{"id":53096,"href":"https:\/\/www.porlalibreedomex.com\/index.php?rest_route=\/wp\/v2\/posts\/53093\/revisions\/53096"}],"wp:featuredmedia":[{"embeddable":true,"href":"https:\/\/www.porlalibreedomex.com\/index.php?rest_route=\/wp\/v2\/media\/53095"}],"wp:attachment":[{"href":"https:\/\/www.porlalibreedomex.com\/index.php?rest_route=%2Fwp%2Fv2%2Fmedia&parent=53093"}],"wp:term":[{"taxonomy":"category","embeddable":true,"href":"https:\/\/www.porlalibreedomex.com\/index.php?rest_route=%2Fwp%2Fv2%2Fcategories&post=53093"},{"taxonomy":"post_tag","embeddable":true,"href":"https:\/\/www.porlalibreedomex.com\/index.php?rest_route=%2Fwp%2Fv2%2Ftags&post=53093"}],"curies":[{"name":"wp","href":"https:\/\/api.w.org\/{rel}","templated":true}]}}