{"id":5281,"date":"2014-11-17T17:57:29","date_gmt":"2014-11-18T02:57:29","guid":{"rendered":"http:\/\/porlalibre.info\/?p=5281"},"modified":"2014-11-17T17:57:29","modified_gmt":"2014-11-18T02:57:29","slug":"para-mayor-seguridad-es-renovado-el-equipo-de-iluminacion-en-ciudad-universitaria-de-la-uaem","status":"publish","type":"post","link":"https:\/\/www.porlalibreedomex.com\/?p=5281","title":{"rendered":"PARA MAYOR SEGURIDAD, ES RENOVADO EL EQUIPO DE ILUMINACI\u00d3N EN CIUDAD UNIVERSITARIA DE LA UAEM"},"content":{"rendered":"<p><strong>Para mayor seguridad de los universitarios,<\/strong><\/p>\n<p><strong>cambia UAEM luminarias de CU<\/strong><\/p>\n<p><strong>\u00a0<img loading=\"lazy\" decoding=\"async\" class=\"alignright size-large wp-image-5282\" src=\"http:\/\/porlalibre.info\/wp-content\/uploads\/2014\/11\/comun-0953-6-682x1024.jpg\" alt=\"NUEVO EQUIPO DE ILUMINACI\u00d3N EN C.U.\" width=\"682\" height=\"1024\" \/><\/strong><\/p>\n<ul>\n<li><em>Las nuevas l\u00e1mparas est\u00e1n dise\u00f1adas espec\u00edficamente para alumbrado p\u00fablico y\u00a0 exterior y permitir\u00e1n el ahorro de entre un 50 y 60 por ciento de energ\u00eda el\u00e9ctrica, lo que obviamente, implica un ahorro en el gasto en este rubro.<\/em><\/li>\n<li><em>Desde la inauguraci\u00f3n de este campus en 1964, no se hab\u00eda llevado a cabo trabajos al respecto, por lo que muchos espacios estaban poco iluminados o definitivamente, sin\u00a0 iluminaci\u00f3n.<\/em><\/li>\n<\/ul>\n<p>&nbsp;<\/p>\n<p style=\"text-align: justify;\">La Universidad Aut\u00f3noma del Estado de M\u00e9xico realiza el cambio de m\u00e1s de 650 luminarias en Ciudad Universitaria; las nuevas l\u00e1mparas, de tecnolog\u00eda LED SL, est\u00e1n dise\u00f1adas espec\u00edficamente para alumbrado p\u00fablico y\u00a0 exterior y permitir\u00e1n el ahorro de entre un 50 y 60 por ciento de energ\u00eda el\u00e9ctrica, lo que obviamente, implica un ahorro en el gasto en este rubro, inform\u00f3 el secretario de Administraci\u00f3n de la instituci\u00f3n, Javier Gonz\u00e1lez Mart\u00ednez.<\/p>\n<p style=\"text-align: justify;\">\u00a0\u00a0\u00a0\u00a0\u00a0\u00a0\u00a0\u00a0\u00a0\u00a0\u00a0 El servidor universitario coment\u00f3 que por instrucciones del rector de la M\u00e1xima Casa de Estudios mexiquense, Jorge Olvera Garc\u00eda,\u00a0 y en el marco de las actividades conmemorativas al 50 aniversario de Ciudad Universitaria, se lleva a cabo la renovaci\u00f3n de las luminarias en todo el circuito interior, hasta el acceso a Torre\u00a0 Acad\u00e9mica y la escalinata que conduce al monumento a Adolfo L\u00f3pez Mateos, en la cima del Cerro de Coatepec.<\/p>\n<p style=\"text-align: justify;\">\u00a0\u00a0\u00a0\u00a0\u00a0\u00a0\u00a0\u00a0\u00a0\u00a0\u00a0 El sistema de las nuevas luminarias, explic\u00f3, est\u00e1 dise\u00f1ado para cumplir con las normas aplicables de iluminaci\u00f3n vial, garantizando seguridad, eficiencia y calidad. \u201cLas l\u00e1mparas, con una vida \u00fatil estimada de 50 mil horas, cuentan con una carcasa de aluminio, con un dise\u00f1o \u00fanico, que permite la autolimpieza y evitan la acumulaci\u00f3n de residuos, as\u00ed como la anidaci\u00f3n de aves; adem\u00e1s su tecnolog\u00eda, \u00fanica, las protege de los picos de voltaje\u201d.<\/p>\n<p style=\"text-align: justify;\">El servidor universitario agreg\u00f3 que se busc\u00f3 instalar tecnolog\u00eda de punta para cubrir las necesidades de la comunidad universitaria en esta materia y acot\u00f3 que desde la inauguraci\u00f3n de este campus en 1964, no se hab\u00eda llevado a cabo trabajos al respecto, por lo que muchos espacios estaban poco iluminados o definitivamente, sin\u00a0 iluminaci\u00f3n.<\/p>\n<p style=\"text-align: justify;\">Javier Gonz\u00e1lez Mart\u00ednez manifest\u00f3 que para evitar factores de riesgo que posibiliten la comisi\u00f3n de delitos que vulneren la integridad de la comunidad universitaria, principalmente en las primeras\u00a0 horas del d\u00eda y al finalizar el mismo, el rector Overa Garc\u00eda instruy\u00f3 cambiar el viejo sistema de luminarias por \u00e9ste, que mantiene un flujo luminoso constante y dirigido, ilumina la carpeta asf\u00e1ltica en su totalidad y no en zonas innecesarias.<\/p>\n","protected":false},"excerpt":{"rendered":"<p>Para mayor seguridad de los universitarios, cambia UAEM luminarias de CU \u00a0 Las nuevas l\u00e1mparas est\u00e1n dise\u00f1adas espec\u00edficamente para alumbrado p\u00fablico y\u00a0 exterior y permitir\u00e1n el ahorro de entre un 50 y 60 por ciento de energ\u00eda el\u00e9ctrica, lo que obviamente, implica un ahorro en el gasto en este rubro. Desde la inauguraci\u00f3n de este [&hellip;]<\/p>\n","protected":false},"author":2,"featured_media":0,"comment_status":"open","ping_status":"open","sticky":false,"template":"","format":"standard","meta":{"footnotes":""},"categories":[5,1],"tags":[3417,3418,3419],"class_list":{"0":"post-5281","1":"post","2":"type-post","3":"status-publish","4":"format-standard","6":"category-nota-informativa","7":"category-uncategorized","8":"tag-50-aniversario-de-cu","9":"tag-ciudad-universitaria","10":"tag-iluminacion"},"wps_subtitle":"","_links":{"self":[{"href":"https:\/\/www.porlalibreedomex.com\/index.php?rest_route=\/wp\/v2\/posts\/5281","targetHints":{"allow":["GET"]}}],"collection":[{"href":"https:\/\/www.porlalibreedomex.com\/index.php?rest_route=\/wp\/v2\/posts"}],"about":[{"href":"https:\/\/www.porlalibreedomex.com\/index.php?rest_route=\/wp\/v2\/types\/post"}],"author":[{"embeddable":true,"href":"https:\/\/www.porlalibreedomex.com\/index.php?rest_route=\/wp\/v2\/users\/2"}],"replies":[{"embeddable":true,"href":"https:\/\/www.porlalibreedomex.com\/index.php?rest_route=%2Fwp%2Fv2%2Fcomments&post=5281"}],"version-history":[{"count":0,"href":"https:\/\/www.porlalibreedomex.com\/index.php?rest_route=\/wp\/v2\/posts\/5281\/revisions"}],"wp:attachment":[{"href":"https:\/\/www.porlalibreedomex.com\/index.php?rest_route=%2Fwp%2Fv2%2Fmedia&parent=5281"}],"wp:term":[{"taxonomy":"category","embeddable":true,"href":"https:\/\/www.porlalibreedomex.com\/index.php?rest_route=%2Fwp%2Fv2%2Fcategories&post=5281"},{"taxonomy":"post_tag","embeddable":true,"href":"https:\/\/www.porlalibreedomex.com\/index.php?rest_route=%2Fwp%2Fv2%2Ftags&post=5281"}],"curies":[{"name":"wp","href":"https:\/\/api.w.org\/{rel}","templated":true}]}}