{"id":5278,"date":"2014-11-17T17:52:13","date_gmt":"2014-11-18T02:52:13","guid":{"rendered":"http:\/\/porlalibre.info\/?p=5278"},"modified":"2014-11-17T17:52:13","modified_gmt":"2014-11-18T02:52:13","slug":"destacada-participacion-de-alumnos-de-la-uaem-en-la-carrera-baja-sae","status":"publish","type":"post","link":"https:\/\/www.porlalibreedomex.com\/?p=5278","title":{"rendered":"DESTACADA PARTICIPACI\u00d3N DE ALUMNOS DE LA UAEM EN LA CARRERA &quot;BAJA SAE&quot;"},"content":{"rendered":"<figure id=\"attachment_5279\" aria-describedby=\"caption-attachment-5279\" style=\"width: 4500px\" class=\"wp-caption aligncenter\"><img loading=\"lazy\" decoding=\"async\" class=\"size-full wp-image-5279\" src=\"http:\/\/porlalibre.info\/wp-content\/uploads\/2014\/11\/comun-0954-6.jpg\" alt=\"El Proyecto Baja SAE UAEM\u00e9x SARA JUANA RT de alumnos de la Facultad de Ingenier\u00eda de la UAEM particip\u00f3 nuevamente en la competencia anual organizada por SAE de M\u00e9xico; en esta ocasi\u00f3n, el cap\u00edtulo estudiantil universitario obtuvo el segundo lugar en la Prueba de Resistencia, con el auto 02 STRATEGOS.\" width=\"4500\" height=\"3000\" \/><figcaption id=\"caption-attachment-5279\" class=\"wp-caption-text\">El Proyecto Baja SAE UAEM\u00e9x SARA JUANA RT de alumnos de la Facultad de Ingenier\u00eda de la UAEM particip\u00f3 nuevamente en la competencia anual organizada por SAE de M\u00e9xico; en esta ocasi\u00f3n, el cap\u00edtulo estudiantil universitario obtuvo el segundo lugar en la Prueba de Resistencia, con el auto 02 STRATEGOS.<\/figcaption><\/figure>\n<p><strong>\u00a0<\/strong><\/p>\n<ul>\n<li><em>En esta ocasi\u00f3n, el cap\u00edtulo estudiantil universitario obtuvo el segundo lugar en la Prueba de Resistencia, con el auto 02 STRATEGOS.<\/em><\/li>\n<\/ul>\n<p>&nbsp;<\/p>\n<p>El Proyecto Baja SAE UAEM\u00e9x SARA JUANA RT de alumnos de la Facultad de Ingenier\u00eda de la Universidad Aut\u00f3noma del Estado de M\u00e9xico particip\u00f3 nuevamente en la competencia anual organizada por SAE de M\u00e9xico; en esta ocasi\u00f3n, el cap\u00edtulo estudiantil universitario obtuvo el segundo lugar en la Prueba de Resistencia, con el auto 02 STRATEGOS.<\/p>\n<p>En esta edici\u00f3n de Baja SAE M\u00e9xico 2013, organizada por la Asociaci\u00f3n de Ingenieros Automotrices y que tuvo como sede el Estado de M\u00e9xico, los estudiantes de la M\u00e1xima Casa de Estudios mexiquense participaron con tres prototipos dise\u00f1ados, ensamblados y conducidos por ellos mismos, en un Rally donde superaron diversas pruebas.<\/p>\n<p>En el primer d\u00eda de competencia realizaron una presentaci\u00f3n de venta y\u00a0 prueba de costos,\u00a0 simulando ser una empresa; adem\u00e1s llevaron a cabo pruebas en el dise\u00f1o, armadura, tracci\u00f3n y direcci\u00f3n, entre otras.<\/p>\n<p>El segundo d\u00eda, los universitarios enfrentaron las pruebas de mec\u00e1nica, donde los prototipos tuvieron que sortear diversos caminos, como piedras y lodo, adem\u00e1s de una prueba de tracci\u00f3n y arrastre.<\/p>\n<p>Finalmente, en el municipio de Calimaya se llev\u00f3 a cabo la prueba m\u00e1s importante de la competencia: la de resistencia, que tuvo una duraci\u00f3n de cuatro horas, en un circuito donde el veh\u00edculo que dio m\u00e1s vuelas fue el ganador, y en la cual 02 STRATEGOS obtuvo el segundo lugar.<\/p>\n<p>Cabe destacar que Baja SAE M\u00e9xico es la\u00a0 competencia automotriz estudiantil m\u00e1s importante de M\u00e9xico; en esta ocasi\u00f3n, el Cap\u00edtulo Estudiantil de la M\u00e1xima Casa de Estudios mexiquense obtuvo los siguientes lugares: con el auto 02 obtuvo el noveno lugar general; con el veh\u00edculo 04 alcanz\u00f3 la posici\u00f3n 13 y con el auto 35 obtuvo el lugar 20.<\/p>\n<p>Los estudiantes que representaron a la Universidad Aut\u00f3noma el Estado de M\u00e9xico en esta competencia son: Emigdio \u00c1lvarez Mercado, Vladimir Caballero Ram\u00edrez, Karina Camacho Moreno, Indira Cruz Reale\u00f1o, Hugo Estrada Pimentel, Fernando Adolfo de Le\u00f3n Uribe, Alejandro Le\u00f3nidas Debo Garc\u00eda, Luis Miguel Desales Pe\u00f1a, Juan Carlos Garc\u00eda Mendoza, Karla Vanessa Gonz\u00e1lez Guzm\u00e1n, Humberto Granados Paz, M\u00f3nica Guti\u00e9rrez Espinosa, Alberto Heredia Guti\u00e9rrez, Emmanuel L\u00f3pez Ram\u00edrez, Josu\u00e9 Mill\u00e1n G\u00f3mez, Richard Esteba Morales Rub\u00ed, Gerardo Enrique Nava Valencia, Enrique Antonio Sanvicente Bates y los acad\u00e9micos Alfredo Ar\u00e9valo Vargas Alfredo y Judith Moreno Jim\u00e9nez.<\/p>\n","protected":false},"excerpt":{"rendered":"<p>\u00a0 En esta ocasi\u00f3n, el cap\u00edtulo estudiantil universitario obtuvo el segundo lugar en la Prueba de Resistencia, con el auto 02 STRATEGOS. &nbsp; El Proyecto Baja SAE UAEM\u00e9x SARA JUANA RT de alumnos de la Facultad de Ingenier\u00eda de la Universidad Aut\u00f3noma del Estado de M\u00e9xico particip\u00f3 nuevamente en la competencia anual organizada por SAE [&hellip;]<\/p>\n","protected":false},"author":2,"featured_media":0,"comment_status":"open","ping_status":"open","sticky":false,"template":"","format":"standard","meta":{"footnotes":""},"categories":[5,1],"tags":[416,3414,3415,3416],"class_list":{"0":"post-5278","1":"post","2":"type-post","3":"status-publish","4":"format-standard","6":"category-nota-informativa","7":"category-uncategorized","8":"tag-alumnos-de-la-uaem","9":"tag-carrera-de-resistencia","10":"tag-facultad-de-ingenieria","11":"tag-strategos"},"wps_subtitle":"","_links":{"self":[{"href":"https:\/\/www.porlalibreedomex.com\/index.php?rest_route=\/wp\/v2\/posts\/5278","targetHints":{"allow":["GET"]}}],"collection":[{"href":"https:\/\/www.porlalibreedomex.com\/index.php?rest_route=\/wp\/v2\/posts"}],"about":[{"href":"https:\/\/www.porlalibreedomex.com\/index.php?rest_route=\/wp\/v2\/types\/post"}],"author":[{"embeddable":true,"href":"https:\/\/www.porlalibreedomex.com\/index.php?rest_route=\/wp\/v2\/users\/2"}],"replies":[{"embeddable":true,"href":"https:\/\/www.porlalibreedomex.com\/index.php?rest_route=%2Fwp%2Fv2%2Fcomments&post=5278"}],"version-history":[{"count":0,"href":"https:\/\/www.porlalibreedomex.com\/index.php?rest_route=\/wp\/v2\/posts\/5278\/revisions"}],"wp:attachment":[{"href":"https:\/\/www.porlalibreedomex.com\/index.php?rest_route=%2Fwp%2Fv2%2Fmedia&parent=5278"}],"wp:term":[{"taxonomy":"category","embeddable":true,"href":"https:\/\/www.porlalibreedomex.com\/index.php?rest_route=%2Fwp%2Fv2%2Fcategories&post=5278"},{"taxonomy":"post_tag","embeddable":true,"href":"https:\/\/www.porlalibreedomex.com\/index.php?rest_route=%2Fwp%2Fv2%2Ftags&post=5278"}],"curies":[{"name":"wp","href":"https:\/\/api.w.org\/{rel}","templated":true}]}}