{"id":5275,"date":"2014-11-17T17:46:15","date_gmt":"2014-11-18T02:46:15","guid":{"rendered":"http:\/\/porlalibre.info\/?p=5275"},"modified":"2014-11-17T17:46:15","modified_gmt":"2014-11-18T02:46:15","slug":"incrementan-contaminacion-del-aire-en-toluca-la-deforestacion-industria-y-vehiculos","status":"publish","type":"post","link":"https:\/\/www.porlalibreedomex.com\/?p=5275","title":{"rendered":"INCREMENTAN CONTAMINACI\u00d3N DEL AIRE EN TOLUCA, LA DEFORESTACI\u00d3N, INDUSTRIA Y VEH\u00cdCULOS"},"content":{"rendered":"<p><strong>Contaminaci\u00f3n del aire se increment\u00f3 en Toluca<\/strong><\/p>\n<p><strong>\u00a0<\/strong><em>La concentraci\u00f3n de los gases se distribuye del centro de la capital mexiquense hacia el norte y noroeste de la ciudad y su zona metropolitana.<\/em><\/p>\n<p>&nbsp;<\/p>\n<p style=\"text-align: justify;\">Con datos de la Red Autom\u00e1tica de Monitoreo Ambiental de la Ciudad de Toluca y datos climatol\u00f3gicos del Servicio Meteorol\u00f3gico Nacional, investigadores de la Facultad de Geograf\u00eda de la Universidad Aut\u00f3noma del Estado de M\u00e9xico determinaron que la contaminaci\u00f3n del aire se increment\u00f3 en los a\u00f1os recientes en las siete estaciones de medici\u00f3n atmosf\u00e9rica de la capital mexiquense.<\/p>\n<p style=\"text-align: justify;\">El profesor e investigador de este espacio universitario, Carlos Morales M\u00e9ndez, autor de la investigaci\u00f3n titulada \u201cContaminaci\u00f3n Atmosf\u00e9rica en la Ciudad de Toluca y su Zona Metropolitana\u201d, expuso que la concentraci\u00f3n de los gases se distribuye del centro de la capital mexiquense hacia el norte y noroeste de la ciudad y su zona metropolitana.<\/p>\n<p style=\"text-align: justify;\">\u00a0\u00a0\u00a0\u00a0\u00a0\u00a0\u00a0\u00a0\u00a0\u00a0\u00a0 Agreg\u00f3 que los sitios de mayor concentraci\u00f3n de contaminantes se vinculan con la presencia de centros industriales, gran dinamismo de flujo vehicular, la forma particular del relieve, la presencia de sitios de calor, masas de aire fr\u00edo, as\u00ed como la direcci\u00f3n y velocidad de los vientos.<\/p>\n<p style=\"text-align: justify;\">\u00a0\u00a0\u00a0\u00a0\u00a0\u00a0\u00a0\u00a0\u00a0\u00a0\u00a0 El investigador de la M\u00e1xima Casa de Estudios mexiquense advirti\u00f3 sobre el incremento de part\u00edculas menores a 10 micras, sumamente nocivas para la salud y todos los componentes del ambiente; precis\u00f3 que algunas de las causas principales de contaminaci\u00f3n pueden estar relacionadas con los materiales arrojados por autom\u00f3viles, la industria y materia proveniente de la deforestaci\u00f3n de las zonas circunvecinas.<\/p>\n<p style=\"text-align: justify;\">\u00a0\u00a0\u00a0\u00a0\u00a0\u00a0\u00a0\u00a0\u00a0\u00a0\u00a0 Carlos Morales M\u00e9ndez coment\u00f3 que el objetivo de su investigaci\u00f3n, que present\u00f3 ante alumnos, acad\u00e9micos e investigadores de la M\u00e1xima Casa de Estudios mexiquense, es mostrar el comportamiento temporal y espacial de la contaminaci\u00f3n atmosf\u00e9rica, adem\u00e1s de su relaci\u00f3n con fen\u00f3menos atmosf\u00e9ricos en la Ciudad de Toluca y su zona metropolitana.<\/p>\n","protected":false},"excerpt":{"rendered":"<p>Contaminaci\u00f3n del aire se increment\u00f3 en Toluca \u00a0La concentraci\u00f3n de los gases se distribuye del centro de la capital mexiquense hacia el norte y noroeste de la ciudad y su zona metropolitana. &nbsp; Con datos de la Red Autom\u00e1tica de Monitoreo Ambiental de la Ciudad de Toluca y datos climatol\u00f3gicos del Servicio Meteorol\u00f3gico Nacional, investigadores [&hellip;]<\/p>\n","protected":false},"author":2,"featured_media":0,"comment_status":"open","ping_status":"open","sticky":false,"template":"","format":"standard","meta":{"footnotes":""},"categories":[5,1],"tags":[3198,2967,3413,174,3409],"class_list":{"0":"post-5275","1":"post","2":"type-post","3":"status-publish","4":"format-standard","6":"category-nota-informativa","7":"category-uncategorized","8":"tag-contaminacion-del-aire","9":"tag-deforestacion","10":"tag-industria","11":"tag-toluca","12":"tag-vehiculos"},"wps_subtitle":"","_links":{"self":[{"href":"https:\/\/www.porlalibreedomex.com\/index.php?rest_route=\/wp\/v2\/posts\/5275","targetHints":{"allow":["GET"]}}],"collection":[{"href":"https:\/\/www.porlalibreedomex.com\/index.php?rest_route=\/wp\/v2\/posts"}],"about":[{"href":"https:\/\/www.porlalibreedomex.com\/index.php?rest_route=\/wp\/v2\/types\/post"}],"author":[{"embeddable":true,"href":"https:\/\/www.porlalibreedomex.com\/index.php?rest_route=\/wp\/v2\/users\/2"}],"replies":[{"embeddable":true,"href":"https:\/\/www.porlalibreedomex.com\/index.php?rest_route=%2Fwp%2Fv2%2Fcomments&post=5275"}],"version-history":[{"count":0,"href":"https:\/\/www.porlalibreedomex.com\/index.php?rest_route=\/wp\/v2\/posts\/5275\/revisions"}],"wp:attachment":[{"href":"https:\/\/www.porlalibreedomex.com\/index.php?rest_route=%2Fwp%2Fv2%2Fmedia&parent=5275"}],"wp:term":[{"taxonomy":"category","embeddable":true,"href":"https:\/\/www.porlalibreedomex.com\/index.php?rest_route=%2Fwp%2Fv2%2Fcategories&post=5275"},{"taxonomy":"post_tag","embeddable":true,"href":"https:\/\/www.porlalibreedomex.com\/index.php?rest_route=%2Fwp%2Fv2%2Ftags&post=5275"}],"curies":[{"name":"wp","href":"https:\/\/api.w.org\/{rel}","templated":true}]}}