{"id":5269,"date":"2014-11-17T17:37:27","date_gmt":"2014-11-18T02:37:27","guid":{"rendered":"http:\/\/porlalibre.info\/?p=5269"},"modified":"2014-11-17T17:37:27","modified_gmt":"2014-11-18T02:37:27","slug":"como-la-ve-la-temperatura-al-interior-de-los-vehiculos-determinante-en-la-seguridad-de-los-pasajeros","status":"publish","type":"post","link":"https:\/\/www.porlalibreedomex.com\/?p=5269","title":{"rendered":"\u00bfC\u00d3MO LA VE ? LA TEMPERATURA AL INTERIOR DE LOS VEH\u00cdCULOS, DETERMINANTE EN LA SEGURIDAD DE LOS PASAJEROS"},"content":{"rendered":"<p><strong>Temperatura dentro del autom\u00f3vil,<\/strong><\/p>\n<p><strong>determinante para seguridad de pasajeros<\/strong><\/p>\n<p><strong>\u00a0<\/strong><\/p>\n<ul>\n<li><em>El consumo de combustible en los autom\u00f3viles se incrementa de un tres hasta un 25 por ciento cuando se activa el sistema de aire acondicionado, pero es necesario que los ocupantes de los veh\u00edculos gocen de confort t\u00e9rmico al permanecer dentro del mismo.<\/em><\/li>\n<\/ul>\n<p>&nbsp;<\/p>\n<p style=\"text-align: justify;\">La regulaci\u00f3n de la temperatura dentro de la cabina del autom\u00f3vil es un factor determinante para la seguridad de los pasajeros, advirti\u00f3 Juan Miguel Portilla Aguilar, durante el Primer Coloquio de Egresados de la Maestr\u00eda en Dise\u00f1o de la Universidad Aut\u00f3noma del Estado de M\u00e9xico; se\u00f1al\u00f3 que para que el cuerpo humano pueda cumplir correctamente con todas sus funciones, la temperatura del organismo debe ser la adecuada.<\/p>\n<p style=\"text-align: justify;\">\u00a0\u00a0\u00a0\u00a0\u00a0\u00a0\u00a0\u00a0\u00a0\u00a0\u00a0 Al presentar avances de su trabajo de investigaci\u00f3n \u201cAn\u00e1lisis del comportamiento de materiales que contribuyen a la regulaci\u00f3n de la temperatura del cuerpo humano dentro del autom\u00f3vil\u201d, el universitario refiri\u00f3 que la temperatura corporal media es de 37 grados cent\u00edgrados, pero \u00e9sta puede variar de un individuo a otro, debido a que diversos factores afectan la medici\u00f3n.<\/p>\n<p style=\"text-align: justify;\">En la Facultad de Arquitectura y Dise\u00f1o de la UAEM, abund\u00f3 que \u201clos efectos que el fr\u00edo puede provocar en el cuerpo humano van desde simples temblores hasta la disminuci\u00f3n del control del aparato locomotor; en tanto, con el calor las reacciones del cuerpo son la sudoraci\u00f3n y en casos extremos, hasta la perdida de la conciencia por fallas en el sistema cognoscitivo\u201d.<\/p>\n<p style=\"text-align: justify;\">En este sentido, dijo, el sistema de Aire Acondicionado (A\/C) en los autom\u00f3viles tiene el objetivo de proporcionar un ambiente t\u00e9rmico adecuado a los usuarios, con la finalidad de disminuir los efectos del fr\u00edo y el calor; por ello, es importante que la cabina del autom\u00f3vil se mantenga dentro del par\u00e1metro de confort t\u00e9rmico, es decir, entre los 19 y los 23 grados cent\u00edgrados.<\/p>\n<p style=\"text-align: justify;\">Destac\u00f3 que para ayudar a controlar las temperaturas dentro del autom\u00f3vil se incorporan los materiales pl\u00e1sticos, textiles, piel y metales que conforman la cabina. \u201cEntre los pl\u00e1sticos destacan el ABS, PPE, PVC y PP, cuyos gases t\u00f3xicos se liberan dentro de la misma cabina al ser calentados por la luz del sol, para posteriormente ser inhalados por los pasajeros\u201d.<\/p>\n<p style=\"text-align: justify;\">Por otra parte, Juan Miguel Portilla Aguilar explic\u00f3 que las partes met\u00e1licas por lo regular, est\u00e1n conformadas por fierro con un recubrimiento de cromo; con estas caracter\u00edsticas, a pesar de no estar expuesto directamente a la luz del sol, el metal puede alcanzar los 50 grados cent\u00edgrados.<\/p>\n<p style=\"text-align: justify;\">Indic\u00f3 que las partes m\u00e1s estables, en t\u00e9rminos de temperatura, son aquellas que est\u00e1n fabricadas con textiles elaborados con fibras sint\u00e9ticas (como el poli\u00e9ster) o naturales que se acoplan a la espuma de poliuretano y algunos pl\u00e1sticos, para dar vida a los asientos, alfombras, algunas partes del tablero de instrumentos y portezuelas, toldo y otros accesorios.<\/p>\n<p style=\"text-align: justify;\">Al respecto, detall\u00f3 que el consumo de combustible en los autom\u00f3viles se incrementa de un tres hasta un 25 por ciento cuando se activa el sistema de aire acondicionado, pero es necesario que los ocupantes de los veh\u00edculos gocen de confort t\u00e9rmico al permanecer dentro del mismo, para hacer c\u00f3moda la conducci\u00f3n y m\u00e1s placentera la permanencia como pasajero.<\/p>\n<p style=\"text-align: justify;\">Ante ello, Juan Miguel Portilla Aguilar propuso un sistema de aire acondicionado cuyo flujo de corriente sea m\u00e1s suave, lo que permitir\u00e1 que las temperaturas disminuyan m\u00e1s r\u00e1pido y en algunos casos, despu\u00e9s de funcionar durante cuatro minutos, se lleguen a registrar hasta 1.5 grados de diferencia respecto a un sistema convencional.<\/p>\n","protected":false},"excerpt":{"rendered":"<p>Temperatura dentro del autom\u00f3vil, determinante para seguridad de pasajeros \u00a0 El consumo de combustible en los autom\u00f3viles se incrementa de un tres hasta un 25 por ciento cuando se activa el sistema de aire acondicionado, pero es necesario que los ocupantes de los veh\u00edculos gocen de confort t\u00e9rmico al permanecer dentro del mismo. &nbsp; La [&hellip;]<\/p>\n","protected":false},"author":2,"featured_media":0,"comment_status":"open","ping_status":"open","sticky":false,"template":"","format":"standard","meta":{"footnotes":""},"categories":[5,1],"tags":[3407,3324,3408,2334,3409],"class_list":{"0":"post-5269","1":"post","2":"type-post","3":"status-publish","4":"format-standard","6":"category-nota-informativa","7":"category-uncategorized","8":"tag-aire-acondicionado","9":"tag-maestria-en-diseno","10":"tag-pasajeros","11":"tag-seguridad","12":"tag-vehiculos"},"wps_subtitle":"","_links":{"self":[{"href":"https:\/\/www.porlalibreedomex.com\/index.php?rest_route=\/wp\/v2\/posts\/5269","targetHints":{"allow":["GET"]}}],"collection":[{"href":"https:\/\/www.porlalibreedomex.com\/index.php?rest_route=\/wp\/v2\/posts"}],"about":[{"href":"https:\/\/www.porlalibreedomex.com\/index.php?rest_route=\/wp\/v2\/types\/post"}],"author":[{"embeddable":true,"href":"https:\/\/www.porlalibreedomex.com\/index.php?rest_route=\/wp\/v2\/users\/2"}],"replies":[{"embeddable":true,"href":"https:\/\/www.porlalibreedomex.com\/index.php?rest_route=%2Fwp%2Fv2%2Fcomments&post=5269"}],"version-history":[{"count":0,"href":"https:\/\/www.porlalibreedomex.com\/index.php?rest_route=\/wp\/v2\/posts\/5269\/revisions"}],"wp:attachment":[{"href":"https:\/\/www.porlalibreedomex.com\/index.php?rest_route=%2Fwp%2Fv2%2Fmedia&parent=5269"}],"wp:term":[{"taxonomy":"category","embeddable":true,"href":"https:\/\/www.porlalibreedomex.com\/index.php?rest_route=%2Fwp%2Fv2%2Fcategories&post=5269"},{"taxonomy":"post_tag","embeddable":true,"href":"https:\/\/www.porlalibreedomex.com\/index.php?rest_route=%2Fwp%2Fv2%2Ftags&post=5269"}],"curies":[{"name":"wp","href":"https:\/\/api.w.org\/{rel}","templated":true}]}}