{"id":5261,"date":"2014-11-17T17:21:09","date_gmt":"2014-11-18T02:21:09","guid":{"rendered":"http:\/\/porlalibre.info\/?p=5261"},"modified":"2014-11-17T17:21:09","modified_gmt":"2014-11-18T02:21:09","slug":"el-uso-de-las-tics-posibilita-desarrollo-de-competencias-en-el-proceso-ensenanza-aprendizaje","status":"publish","type":"post","link":"https:\/\/www.porlalibreedomex.com\/?p=5261","title":{"rendered":"EL USO DE LAS TIC\u00b4S POSIBILITA DESARROLLO DE COMPETENCIAS EN EL PROCESO ENSE\u00d1ANZA-APRENDIZAJE"},"content":{"rendered":"<p><strong>Uso de TIC\u00b4s <\/strong><strong>posibilita desarrollo de competencias<\/strong><\/p>\n<p><strong>para fortalecer proceso de ense\u00f1anza-aprendizaje<\/strong><\/p>\n<p><strong>\u00a0<\/strong><\/p>\n<ul>\n<li><em>Permite a los profesores, en su contexto institucional, llevar a la pr\u00e1ctica procesos de ense\u00f1anza y aprendizaje de manera efectiva, creativa e innovadora, as\u00ed como darles una aplicaci\u00f3n did\u00e1ctica y estrat\u00e9gica en distintos ambientes de aprendizaje.<\/em><\/li>\n<\/ul>\n<p>&nbsp;<\/p>\n<p style=\"text-align: justify;\">El uso de las tecnolog\u00edas de la informaci\u00f3n y comunicaci\u00f3n (TIC\u00b4s) posibilita el desarrollo de competencias necesarias para fortalecer la formaci\u00f3n de los docentes y el proceso de ense\u00f1anza-aprendizaje, asegur\u00f3 la profesora del Plantel \u201cIgnacio Ram\u00edrez Calzada\u201d de la Escuela Preparatoria de la Universidad Aut\u00f3noma del Estado de M\u00e9xico, Concepci\u00f3n Noem\u00ed Mart\u00ednez Real.<\/p>\n<p style=\"text-align: justify;\">\u00a0\u00a0\u00a0\u00a0\u00a0\u00a0\u00a0\u00a0\u00a0\u00a0\u00a0 La autora del trabajo de investigaci\u00f3n titulado \u201cEl\u00a0 uso de p\u00e1ginas interactivas en internet para acercar al alumno al quehacer de la Antropolog\u00eda\u201d refiri\u00f3 que entre las competencias que expresa el perfil docente de la educaci\u00f3n media superior, relacionadas con el manejo de las TIC\u00b4s, destaca el organizar su formaci\u00f3n continua a lo largo de su trayectoria profesional.<\/p>\n<p style=\"text-align: justify;\">\u00a0\u00a0\u00a0\u00a0\u00a0\u00a0\u00a0\u00a0\u00a0\u00a0\u00a0 La universitaria agreg\u00f3 que tambi\u00e9n permiten incorporar nuevos conocimientos y experiencias al acervo con el que cuentan los docentes, mismos que se traducen en estrategias de ense\u00f1anza y aprendizaje.<\/p>\n<p style=\"text-align: justify;\">\u00a0\u00a0\u00a0\u00a0\u00a0\u00a0\u00a0\u00a0\u00a0\u00a0\u00a0 El uso de las TIC\u00b4s, puntualiz\u00f3, permite a los profesores, en su contexto institucional, llevar a la pr\u00e1ctica procesos de ense\u00f1anza y aprendizaje de manera efectiva, creativa e innovadora, as\u00ed como darles una aplicaci\u00f3n did\u00e1ctica y estrat\u00e9gica en distintos ambientes de aprendizaje.<\/p>\n<p style=\"text-align: justify;\">Finalmente, Concepci\u00f3n Noem\u00ed Mart\u00ednez Real coment\u00f3 que su trabajo de investigaci\u00f3n expone la importancia del uso de las TIC\u00b4S por parte del docente del nivel medio superior, como una forma de demostrar sus competencias docentes, pero tambi\u00e9n como una herramienta fundamental en el trabajo con m\u00e9todos activos y cualitativos que permiten el desarrollo de las competencias del alumno.<\/p>\n","protected":false},"excerpt":{"rendered":"<p>Uso de TIC\u00b4s posibilita desarrollo de competencias para fortalecer proceso de ense\u00f1anza-aprendizaje \u00a0 Permite a los profesores, en su contexto institucional, llevar a la pr\u00e1ctica procesos de ense\u00f1anza y aprendizaje de manera efectiva, creativa e innovadora, as\u00ed como darles una aplicaci\u00f3n did\u00e1ctica y estrat\u00e9gica en distintos ambientes de aprendizaje. &nbsp; El uso de las tecnolog\u00edas [&hellip;]<\/p>\n","protected":false},"author":2,"featured_media":0,"comment_status":"open","ping_status":"open","sticky":false,"template":"","format":"standard","meta":{"footnotes":""},"categories":[5,1],"tags":[3404,3405],"class_list":{"0":"post-5261","1":"post","2":"type-post","3":"status-publish","4":"format-standard","6":"category-nota-informativa","7":"category-uncategorized","8":"tag-tercnologias-de-informacion-y-comunicacion","9":"tag-uso-de-tics"},"wps_subtitle":"","_links":{"self":[{"href":"https:\/\/www.porlalibreedomex.com\/index.php?rest_route=\/wp\/v2\/posts\/5261","targetHints":{"allow":["GET"]}}],"collection":[{"href":"https:\/\/www.porlalibreedomex.com\/index.php?rest_route=\/wp\/v2\/posts"}],"about":[{"href":"https:\/\/www.porlalibreedomex.com\/index.php?rest_route=\/wp\/v2\/types\/post"}],"author":[{"embeddable":true,"href":"https:\/\/www.porlalibreedomex.com\/index.php?rest_route=\/wp\/v2\/users\/2"}],"replies":[{"embeddable":true,"href":"https:\/\/www.porlalibreedomex.com\/index.php?rest_route=%2Fwp%2Fv2%2Fcomments&post=5261"}],"version-history":[{"count":0,"href":"https:\/\/www.porlalibreedomex.com\/index.php?rest_route=\/wp\/v2\/posts\/5261\/revisions"}],"wp:attachment":[{"href":"https:\/\/www.porlalibreedomex.com\/index.php?rest_route=%2Fwp%2Fv2%2Fmedia&parent=5261"}],"wp:term":[{"taxonomy":"category","embeddable":true,"href":"https:\/\/www.porlalibreedomex.com\/index.php?rest_route=%2Fwp%2Fv2%2Fcategories&post=5261"},{"taxonomy":"post_tag","embeddable":true,"href":"https:\/\/www.porlalibreedomex.com\/index.php?rest_route=%2Fwp%2Fv2%2Ftags&post=5261"}],"curies":[{"name":"wp","href":"https:\/\/api.w.org\/{rel}","templated":true}]}}