{"id":52425,"date":"2021-08-07T03:26:01","date_gmt":"2021-08-07T08:26:01","guid":{"rendered":"https:\/\/www.porlalibreedomex.com\/?p=52425"},"modified":"2021-08-07T03:26:01","modified_gmt":"2021-08-07T08:26:01","slug":"academia-y-comunidad-cientifica-favorecen-al-desarrollo-del-estado-de-mexico","status":"publish","type":"post","link":"https:\/\/www.porlalibreedomex.com\/?p=52425","title":{"rendered":"ACADEMIA Y COMUNIDAD CIENT\u00cdFICA FAVORECEN AL DESARROLLO DEL ESTADO DE M\u00c9XICO"},"content":{"rendered":"<p style=\"font-weight: 400;\"><strong>\u00a0<\/strong><\/p>\n<ul style=\"font-weight: 400;\">\n<li><em>El gobernador del Estado de M\u00e9xico, Alfredo del Mazo Maza, y el rector de la Universidad Aut\u00f3noma del Estado de M\u00e9xico (UAEM), Carlos Eduardo Barrera D\u00edaz, encabezaron la ceremonia de entrega del Premio Estatal de Ciencia y Tecnolog\u00eda 2020.<strong>\u00a0<\/strong><\/em><\/li>\n<li><em>El rector Barrera D\u00edaz afirm\u00f3 que la UAEM tiene el compromiso de potenciar la vinculaci\u00f3n con empresas para ofrecer asesor\u00edas, servicios y proyectos con el prop\u00f3sito de contribuir con el desarrollo tecnol\u00f3gico.<strong>\u00a0<\/strong><\/em>\n<p><strong>\u00a0<\/strong><\/p>\n<p><strong>Toluca, M\u00e9xico, 6 de agosto de 2021.-<\/strong>\u00a0La ciencia mexiquense tiene un compromiso inquebrantable con el desarrollo sustentable y la atenci\u00f3n de \u00e1reas estrat\u00e9gicas como la salud, la producci\u00f3n agroalimentaria, la industria automotriz y la qu\u00edmica, coincidieron el gobernador del Estado de M\u00e9xico, Alfredo del Mazo Maza, y el rector de la Universidad Aut\u00f3noma del Estado de M\u00e9xico (UAEM), Carlos Eduardo Barrera D\u00edaz, durante la ceremonia de entrega del Premio Estatal de Ciencia y Tecnolog\u00eda 2020.<\/p>\n<p>En el Centro Conjunto de Investigaci\u00f3n en Qu\u00edmica Sustentable UAEM-UNAM (CCIQS) y al encabezar este acto que se llev\u00f3 a cabo atendiendo las medidas de sanidad, el titular del ejecutivo, Del Mazo Maza, asever\u00f3 que la ciencia es la mayor empresa colectiva de la humanidad; por lo que la entrega de galardones impulsa la investigaci\u00f3n y la innovaci\u00f3n, como pilares de desarrollo y generadores de oportunidades.<\/p>\n<p>Tras reconocer el esfuerzo del rector Carlos Eduardo Barrera en la creaci\u00f3n del CCIQS en conjunto con el Instituto de Qu\u00edmica de la UNAM, el gobernador Alfredo Del Mazo, abund\u00f3 que, en materia econ\u00f3mica, las innovaciones tecnol\u00f3gicas fortalecen el acceso al sistema financiero e impulsan la industria, por esta raz\u00f3n se han destinado cerca de mil millones de pesos para fortalecer, durante su administraci\u00f3n, al Consejo Estatal de Ciencia y Tecnolog\u00eda (Comecyt).<\/p>\n<p>Por su parte, Barrera D\u00edaz afirm\u00f3 que el crecimiento econ\u00f3mico de los pa\u00edses industrializados est\u00e1 ligado al desarrollo de la ciencia y la tecnolog\u00eda y subray\u00f3 que a trav\u00e9s de sus centros de investigaci\u00f3n e institutos la UAEM tiene el compromiso de potenciar la vinculaci\u00f3n con empresas de diferente giros para ofrecer asesor\u00edas, servicios, pruebas y proyectos con el prop\u00f3sito de contribuir con el desarrollo tecnol\u00f3gico.<\/p>\n<p>Indic\u00f3 que la versi\u00f3n 2020 del Premio Estatal de Ciencias y Tecnolog\u00eda rinde en un homenaje a cient\u00edficas y cient\u00edficos que nunca han dejado de imaginar a favor de la vida y de nuestra especie, sin desatender sus propios desaf\u00edos emanados de la curiosidad, la duda y el deseo de crear nuevos y promisorios escenarios para el planeta.<\/p>\n<p>Con la compa\u00f1\u00eda del director del Consejo Mexiquense de Ciencia y Tecnolog\u00eda (Comecyt), Bernardo Almaraz Calder\u00f3n, apunt\u00f3 que este tipo de galardones permiten alcanzar una mejor armon\u00eda con el entorno productivo, as\u00ed como una vinculaci\u00f3n m\u00e1s estrecha de la ciencia que se desarrolla en las universidades e institutos de investigaci\u00f3n.<\/p>\n<p>Asimismo, expres\u00f3 que los 13 a\u00f1os de vida del Centro conjunto de investigaci\u00f3n en qu\u00edmica sustentable UAEM-UNAM han condensado el trabajo de cooperaci\u00f3n de ambas instituciones por m\u00e1s de 50 a\u00f1os, pues \u201csus especialistas han alcanzado un liderazgo nacional en temas de qu\u00edmica ambiental, qu\u00edmica inorg\u00e1nica y org\u00e1nica, ingenier\u00eda qu\u00edmica y nanotecnolog\u00eda, todo ello en el marco de fortalecer la sustentabilidad\u201d.<\/p>\n<p>Los investigadores de la Aut\u00f3noma mexiquense que recibieron este reconocimiento son el acad\u00e9mico de la Facultad de Medicina, Hugo Mendieta Zer\u00f3n en el \u00e1rea de ciencias de la salud, as\u00ed como, V\u00edctor S\u00e1nchez Mendieta de la Facultad de Qu\u00edmica y Vojtech Jancik del CCIQS en el \u00e1rea de ciencias naturales y exactas.<\/p>\n<p>En el \u00e1rea de ciencias agropecuarias y biotecnolog\u00eda lo obtuvo, V\u00edctor Arturo Gonz\u00e1lez Hern\u00e1ndez del Colegio de Posgraduados; en ciencias de la salud Maritza Aurelia Oma\u00f1a Molina de la UNAM; en ciencias sociales y humanidades Yo Sugiura Yamamoto de El Colegio Mexiquense y en ingenier\u00eda y tecnolog\u00eda Mar\u00eda de la Luz Zambrano Zaragoza de la UNAM.<\/p>\n<p>Tambi\u00e9n lo recibieron las empresas Degesch de M\u00e9xico, S.A. de C.V. y Agropecuaria FC, S.A. de C.V. en la modalidad de Tecnolog\u00eda.<\/li>\n<\/ul>\n","protected":false},"excerpt":{"rendered":"<p>\u00a0 El gobernador del Estado de M\u00e9xico, Alfredo del Mazo Maza, y el rector de la Universidad Aut\u00f3noma del Estado de M\u00e9xico (UAEM), Carlos Eduardo Barrera D\u00edaz, encabezaron la ceremonia de entrega del Premio Estatal de Ciencia y Tecnolog\u00eda 2020.\u00a0 El rector Barrera D\u00edaz afirm\u00f3 que la UAEM tiene el compromiso de potenciar la vinculaci\u00f3n [&hellip;]<\/p>\n","protected":false},"author":3,"featured_media":0,"comment_status":"open","ping_status":"open","sticky":false,"template":"","format":"standard","meta":{"footnotes":""},"categories":[8741,23,9873,16],"tags":[],"class_list":{"0":"post-52425","1":"post","2":"type-post","3":"status-publish","4":"format-standard","6":"category-audio","7":"category-columna","8":"category-cultura","9":"category-foto"},"wps_subtitle":"La ciencia mexiquense tiene un compromiso inquebrantable con el desarrollo sustentable","_links":{"self":[{"href":"https:\/\/www.porlalibreedomex.com\/index.php?rest_route=\/wp\/v2\/posts\/52425","targetHints":{"allow":["GET"]}}],"collection":[{"href":"https:\/\/www.porlalibreedomex.com\/index.php?rest_route=\/wp\/v2\/posts"}],"about":[{"href":"https:\/\/www.porlalibreedomex.com\/index.php?rest_route=\/wp\/v2\/types\/post"}],"author":[{"embeddable":true,"href":"https:\/\/www.porlalibreedomex.com\/index.php?rest_route=\/wp\/v2\/users\/3"}],"replies":[{"embeddable":true,"href":"https:\/\/www.porlalibreedomex.com\/index.php?rest_route=%2Fwp%2Fv2%2Fcomments&post=52425"}],"version-history":[{"count":2,"href":"https:\/\/www.porlalibreedomex.com\/index.php?rest_route=\/wp\/v2\/posts\/52425\/revisions"}],"predecessor-version":[{"id":52427,"href":"https:\/\/www.porlalibreedomex.com\/index.php?rest_route=\/wp\/v2\/posts\/52425\/revisions\/52427"}],"wp:attachment":[{"href":"https:\/\/www.porlalibreedomex.com\/index.php?rest_route=%2Fwp%2Fv2%2Fmedia&parent=52425"}],"wp:term":[{"taxonomy":"category","embeddable":true,"href":"https:\/\/www.porlalibreedomex.com\/index.php?rest_route=%2Fwp%2Fv2%2Fcategories&post=52425"},{"taxonomy":"post_tag","embeddable":true,"href":"https:\/\/www.porlalibreedomex.com\/index.php?rest_route=%2Fwp%2Fv2%2Ftags&post=52425"}],"curies":[{"name":"wp","href":"https:\/\/api.w.org\/{rel}","templated":true}]}}