{"id":52361,"date":"2021-08-05T00:48:02","date_gmt":"2021-08-05T05:48:02","guid":{"rendered":"https:\/\/www.porlalibreedomex.com\/?p=52361"},"modified":"2021-08-06T00:49:14","modified_gmt":"2021-08-06T05:49:14","slug":"invitan-al-primer-festival-de-musica-los-volcanes-2021-en-la-zona-oriente-del-estado-de-mexico","status":"publish","type":"post","link":"https:\/\/www.porlalibreedomex.com\/?p=52361","title":{"rendered":"INVITAN AL PRIMER FESTIVAL DE M\u00daSICA LOS VOLCANES 2021 EN LA ZONA ORIENTE DEL ESTADO DE M\u00c9XICO"},"content":{"rendered":"<ul>\n<li><em><strong> Comprende un programa que permitir\u00e1 a los asistentes disfrutar de m\u00fasica cl\u00e1sica, conciertos, as\u00ed como clases grupales y maestras.<\/strong><\/em><\/li>\n<li><em><strong>Est\u00e1 dirigido a las y los j\u00f3venes m\u00fasicos mexiquenses que deseen perfeccionar y ampliar sus conocimientos.<\/strong><\/em><\/li>\n<li><em><strong>Pueden solicitar informes al correo electr\u00f3nico festivaldemusicalosvolcanes@gmail.com.<\/strong><\/em><\/li>\n<\/ul>\n<p>&nbsp;<\/p>\n<p><strong>Texcoco, Estado de M\u00e9xico, 5 de agosto de 2021.<\/strong> La Secretar\u00eda de Cultura y Turismo, a trav\u00e9s del Conservatorio de M\u00fasica del Estado de M\u00e9xico (COMEM), organiza en la Zona Oriente de la entidad mexiquense el Primer Festival de M\u00fasica Los Volcanes 2021.<\/p>\n<p>Ser\u00e1 del 9 al 14 de agosto de 2021 y tendr\u00e1 como sede el Centro Cultural Mexiquense Bicentenario, en Texcoco, espacio cultural de primer nivel en Am\u00e9rica Latina e ideal para replicar este festival que en d\u00edas pasados se realiz\u00f3 en el Valle de Toluca.<\/p>\n<p>Es una oportunidad \u00fanica de aprender, conocer y disfrutar de las interpretaciones de grandes maestras y maestros, cuya trayectoria forma parte de la historia musical de nuestro pa\u00eds.<\/p>\n<p><a href=\"https:\/\/www.porlalibreedomex.com\/wp-content\/uploads\/2021\/08\/Festival-de-Musica-de-los-Volcanes..jpg\"><img loading=\"lazy\" decoding=\"async\" class=\"aligncenter size-large wp-image-52365\" src=\"https:\/\/www.porlalibreedomex.com\/wp-content\/uploads\/2021\/08\/Festival-de-Musica-de-los-Volcanes.-1024x1024.jpg\" alt=\"\" width=\"800\" height=\"800\" srcset=\"https:\/\/www.porlalibreedomex.com\/wp-content\/uploads\/2021\/08\/Festival-de-Musica-de-los-Volcanes.-1024x1024.jpg 1024w, https:\/\/www.porlalibreedomex.com\/wp-content\/uploads\/2021\/08\/Festival-de-Musica-de-los-Volcanes.-300x300.jpg 300w, https:\/\/www.porlalibreedomex.com\/wp-content\/uploads\/2021\/08\/Festival-de-Musica-de-los-Volcanes.-150x150.jpg 150w, https:\/\/www.porlalibreedomex.com\/wp-content\/uploads\/2021\/08\/Festival-de-Musica-de-los-Volcanes.-768x768.jpg 768w, https:\/\/www.porlalibreedomex.com\/wp-content\/uploads\/2021\/08\/Festival-de-Musica-de-los-Volcanes..jpg 1100w\" sizes=\"auto, (max-width: 800px) 100vw, 800px\" \/><\/a><\/p>\n<p>Adem\u00e1s, el COMEM siempre en busca de la excelencia musical en su alumnado y abriendo sus puertas a las y los j\u00f3venes de la entidad, ofrece esta programaci\u00f3n que permite su desarrollo profesional.<\/p>\n<p>As\u00ed, se realizar\u00e1n conciertos, clases maestras, charlas interactivas para resolver preguntas y dudas en cuanto a las diversas t\u00e9cnicas. Las actividades especializadas estar\u00e1n dirigidas a quienes estudian m\u00fasica, pero los conciertos est\u00e1n abiertos a todo el p\u00fablico.<\/p>\n<p>En esta primera edici\u00f3n, el talento musical estar\u00e1 presente con los artistas invitados, Manuel Hern\u00e1ndez (Maderas), William Harvey (Viol\u00edn), H\u00e9ctor Infanz\u00f3n (Jazz), Fabiola Flores (Violoncello), Rodolfo Ritter (Piano) y el Quinteto Iberoamericano (Metales) integrado por Rom\u00e1n Granda (Trompeta), Alonso Armenta (Trompeta), Mauricio Soto (Corno), Faustino D\u00edaz (Tromb\u00f3n), y Abel R\u00edos (Tuba).<\/p>\n<p><a href=\"https:\/\/www.porlalibreedomex.com\/wp-content\/uploads\/2021\/08\/El-Festival-de-Musica-de-los-Volcanez-esta-dirigido-a-jovenes-musicos-que-deseen-ampliar-y-perfeccionar-sus-conocimientos.-2021-08-05.jpeg\"><img loading=\"lazy\" decoding=\"async\" class=\"aligncenter size-large wp-image-52364\" src=\"https:\/\/www.porlalibreedomex.com\/wp-content\/uploads\/2021\/08\/El-Festival-de-Musica-de-los-Volcanez-esta-dirigido-a-jovenes-musicos-que-deseen-ampliar-y-perfeccionar-sus-conocimientos.-2021-08-05-1024x766.jpeg\" alt=\"\" width=\"800\" height=\"598\" srcset=\"https:\/\/www.porlalibreedomex.com\/wp-content\/uploads\/2021\/08\/El-Festival-de-Musica-de-los-Volcanez-esta-dirigido-a-jovenes-musicos-que-deseen-ampliar-y-perfeccionar-sus-conocimientos.-2021-08-05-1024x766.jpeg 1024w, https:\/\/www.porlalibreedomex.com\/wp-content\/uploads\/2021\/08\/El-Festival-de-Musica-de-los-Volcanez-esta-dirigido-a-jovenes-musicos-que-deseen-ampliar-y-perfeccionar-sus-conocimientos.-2021-08-05-300x224.jpeg 300w, https:\/\/www.porlalibreedomex.com\/wp-content\/uploads\/2021\/08\/El-Festival-de-Musica-de-los-Volcanez-esta-dirigido-a-jovenes-musicos-que-deseen-ampliar-y-perfeccionar-sus-conocimientos.-2021-08-05-768x575.jpeg 768w, https:\/\/www.porlalibreedomex.com\/wp-content\/uploads\/2021\/08\/El-Festival-de-Musica-de-los-Volcanez-esta-dirigido-a-jovenes-musicos-que-deseen-ampliar-y-perfeccionar-sus-conocimientos.-2021-08-05.jpeg 1100w\" sizes=\"auto, (max-width: 800px) 100vw, 800px\" \/><\/a><\/p>\n<p>El festival est\u00e1 dirigido principalmente a las y los j\u00f3venes m\u00fasicos mexiquenses que deseen perfeccionar y ampliar sus conocimientos y tiene como bases contar con un nivel, intermedio o avanzado, de estudios musicales, no hay un l\u00edmite de edad, y pueden inscribirse hasta el 6 de agosto, adem\u00e1s es gratuito y deber\u00e1n adjuntar una liga de video a YouTube, de una grabaci\u00f3n reciente con una duraci\u00f3n m\u00e1xima de cinco minutos.<\/p>\n<p>El cupo para los participantes activos ser\u00e1 de m\u00e1ximo 10 por clase, para los oyentes, cupo limitado, y se deber\u00e1 llenar formulario de inscripci\u00f3n QR.<\/p>\n<p>Para mayores informes pueden llamar al tel\u00e9fono 722-402-2750 o enviar un correo a festivaldemusicalosvolcanes@gmail.com.<\/p>\n<p>La lista de aceptados como participantes activos ser\u00e1 publicada el 7 de agosto de 2021 en el sitio web del CCMB y del COMEM, adem\u00e1s de que pueden estar pendientes en las redes sociales, en Facebook y Twitter, en @ccmbcultura y @OficialCOMEM, respectivamente.<\/p>\n","protected":false},"excerpt":{"rendered":"<p>Comprende un programa que permitir\u00e1 a los asistentes disfrutar de m\u00fasica cl\u00e1sica, conciertos, as\u00ed como clases grupales y maestras. Est\u00e1 dirigido a las y los j\u00f3venes m\u00fasicos mexiquenses que deseen perfeccionar y ampliar sus conocimientos. Pueden solicitar informes al correo electr\u00f3nico festivaldemusicalosvolcanes@gmail.com. &nbsp; Texcoco, Estado de M\u00e9xico, 5 de agosto de 2021. La Secretar\u00eda de [&hellip;]<\/p>\n","protected":false},"author":3,"featured_media":52363,"comment_status":"open","ping_status":"open","sticky":false,"template":"","format":"standard","meta":{"footnotes":""},"categories":[9873,9157,16],"tags":[23978,23979],"class_list":{"0":"post-52361","1":"post","2":"type-post","3":"status-publish","4":"format-standard","5":"has-post-thumbnail","7":"category-cultura","8":"category-edomex","9":"category-foto","10":"tag-festival-de-musica-de-los-volcanez","11":"tag-secretaria-de-cultura-estado-de-mexico"},"wps_subtitle":"","_links":{"self":[{"href":"https:\/\/www.porlalibreedomex.com\/index.php?rest_route=\/wp\/v2\/posts\/52361","targetHints":{"allow":["GET"]}}],"collection":[{"href":"https:\/\/www.porlalibreedomex.com\/index.php?rest_route=\/wp\/v2\/posts"}],"about":[{"href":"https:\/\/www.porlalibreedomex.com\/index.php?rest_route=\/wp\/v2\/types\/post"}],"author":[{"embeddable":true,"href":"https:\/\/www.porlalibreedomex.com\/index.php?rest_route=\/wp\/v2\/users\/3"}],"replies":[{"embeddable":true,"href":"https:\/\/www.porlalibreedomex.com\/index.php?rest_route=%2Fwp%2Fv2%2Fcomments&post=52361"}],"version-history":[{"count":1,"href":"https:\/\/www.porlalibreedomex.com\/index.php?rest_route=\/wp\/v2\/posts\/52361\/revisions"}],"predecessor-version":[{"id":52366,"href":"https:\/\/www.porlalibreedomex.com\/index.php?rest_route=\/wp\/v2\/posts\/52361\/revisions\/52366"}],"wp:featuredmedia":[{"embeddable":true,"href":"https:\/\/www.porlalibreedomex.com\/index.php?rest_route=\/wp\/v2\/media\/52363"}],"wp:attachment":[{"href":"https:\/\/www.porlalibreedomex.com\/index.php?rest_route=%2Fwp%2Fv2%2Fmedia&parent=52361"}],"wp:term":[{"taxonomy":"category","embeddable":true,"href":"https:\/\/www.porlalibreedomex.com\/index.php?rest_route=%2Fwp%2Fv2%2Fcategories&post=52361"},{"taxonomy":"post_tag","embeddable":true,"href":"https:\/\/www.porlalibreedomex.com\/index.php?rest_route=%2Fwp%2Fv2%2Ftags&post=52361"}],"curies":[{"name":"wp","href":"https:\/\/api.w.org\/{rel}","templated":true}]}}