{"id":51623,"date":"2021-07-06T01:25:27","date_gmt":"2021-07-06T06:25:27","guid":{"rendered":"https:\/\/www.porlalibreedomex.com\/?p=51623"},"modified":"2021-07-08T01:25:50","modified_gmt":"2021-07-08T06:25:50","slug":"firman-convenio-gem-uaem-brindaremos-mayores-oportunidades-a-las-juventudes-cebd","status":"publish","type":"post","link":"https:\/\/www.porlalibreedomex.com\/?p=51623","title":{"rendered":"Firman convenio GEM- UAEM; \u00abbrindaremos mayores oportunidades a las juventudes\u00bb: CEBD\u00a0"},"content":{"rendered":"<ul>\n<li><em>Al firmar el Acuerdo Estrat\u00e9gico por la Educaci\u00f3n Media Superior y Superior con la Secretar\u00eda de Educaci\u00f3n estatal, el rector enfatiz\u00f3 que brindar un lugar a todos los estudiantes en el sistema de educaci\u00f3n superior de la entidad significa cumplir con el deber de una sociedad democr\u00e1tica y justa.\u00a0<\/em><em>\u00a0<\/em><\/li>\n<\/ul>\n<p><strong>Toluca, M\u00e9xico, 6 de julio de 2021. <\/strong>Tras el periodo de confinamiento, brindar un lugar a toda la comunidad estudiantil en el sistema de educaci\u00f3n superior de la entidad significa cumplir con el deber de una sociedad democr\u00e1tica y justa afirm\u00f3 el rector de la Universidad Aut\u00f3noma del Estado de M\u00e9xico (UAEM), Carlos Eduardo Barrera D\u00edaz, al firmar el Acuerdo Estrat\u00e9gico por la Educaci\u00f3n Media Superior y Superior con la Secretar\u00eda de Educaci\u00f3n estatal.<\/p>\n<p>Acompa\u00f1ado por el secretario Gerardo Monroy Serrano, enfatiz\u00f3 que, el regreso a las aulas significar\u00e1 tambi\u00e9n un impulso hacia la recuperaci\u00f3n de la econom\u00eda.<\/p>\n<p>En el Palacio de Gobierno, el rector Carlos Eduardo Barrera refiri\u00f3 que este acuerdo interinstitucional cimenta un logro que compromete a consolidar el desaf\u00edo de elevar la calidad educativa al grado de excelencia, el cual exige la sociedad y el mundo moderno.<\/p>\n<p>El Acuerdo Estrat\u00e9gico atender\u00e1 a los j\u00f3venes que no obtuvieron un lugar en la Aut\u00f3noma mexiquense a incorporarse al sistema educativo estatal para el ciclo escolar 2021-2022, el cual cuenta con 16 programas educativos y tiene presencia, a trav\u00e9s de 120 planteles, en m\u00e1s de 70 municipios.<\/p>\n<p><a href=\"https:\/\/www.porlalibreedomex.com\/wp-content\/uploads\/2021\/07\/El-Rector-Carlos-Eduardo-Barrera-y-el-Secretario-Gerardo-Monroy-firman-el-convenio-para-ofrecer-espacios-a-todos-los-jovenes-mexiquenses.-scaled.jpg\"><img loading=\"lazy\" decoding=\"async\" class=\"aligncenter size-large wp-image-51625\" src=\"https:\/\/www.porlalibreedomex.com\/wp-content\/uploads\/2021\/07\/El-Rector-Carlos-Eduardo-Barrera-y-el-Secretario-Gerardo-Monroy-firman-el-convenio-para-ofrecer-espacios-a-todos-los-jovenes-mexiquenses.-1024x683.jpg\" alt=\"\" width=\"800\" height=\"534\" srcset=\"https:\/\/www.porlalibreedomex.com\/wp-content\/uploads\/2021\/07\/El-Rector-Carlos-Eduardo-Barrera-y-el-Secretario-Gerardo-Monroy-firman-el-convenio-para-ofrecer-espacios-a-todos-los-jovenes-mexiquenses.-1024x683.jpg 1024w, https:\/\/www.porlalibreedomex.com\/wp-content\/uploads\/2021\/07\/El-Rector-Carlos-Eduardo-Barrera-y-el-Secretario-Gerardo-Monroy-firman-el-convenio-para-ofrecer-espacios-a-todos-los-jovenes-mexiquenses.-300x200.jpg 300w, https:\/\/www.porlalibreedomex.com\/wp-content\/uploads\/2021\/07\/El-Rector-Carlos-Eduardo-Barrera-y-el-Secretario-Gerardo-Monroy-firman-el-convenio-para-ofrecer-espacios-a-todos-los-jovenes-mexiquenses.-768x512.jpg 768w, https:\/\/www.porlalibreedomex.com\/wp-content\/uploads\/2021\/07\/El-Rector-Carlos-Eduardo-Barrera-y-el-Secretario-Gerardo-Monroy-firman-el-convenio-para-ofrecer-espacios-a-todos-los-jovenes-mexiquenses.-1536x1024.jpg 1536w, https:\/\/www.porlalibreedomex.com\/wp-content\/uploads\/2021\/07\/El-Rector-Carlos-Eduardo-Barrera-y-el-Secretario-Gerardo-Monroy-firman-el-convenio-para-ofrecer-espacios-a-todos-los-jovenes-mexiquenses.-2048x1366.jpg 2048w\" sizes=\"auto, (max-width: 800px) 100vw, 800px\" \/><\/a><\/p>\n<p>En esta ocasi\u00f3n se ofertar\u00e1n para la m\u00e1xima casa de estudios mexiquense dos mil 817 lugares para el nivel medio superior y tres mil 725 para el superior, en licenciaturas relacionadas con la salud, el medio ambiente, inform\u00e1tica, contabilidad, administraci\u00f3n, turismo, derecho y educaci\u00f3n, entre otros rubros.<\/p>\n<p>En su oportunidad, Gerardo Monroy destac\u00f3 que desde hace casi 200 a\u00f1os, la UAEM representa un pilar en el sistema educativo estatal y es un referente nacional en las instituciones de educaci\u00f3n superior. La entidad \u201crequiere de profesionales capaces que enfrenten los retos laborales actuales\u201d<\/p>\n<p>Del mismo modo, subray\u00f3 que el convenio de colaboraci\u00f3n es un instrumento interinstitucional con profundo sentido social y tiene la meta de que los j\u00f3venes mexiquenses consoliden su formaci\u00f3n acad\u00e9mica.<\/p>\n<p>\u201cEstamos preparados para el regreso seguro a clases con apego a todos los protocolos establecidos a nivel nacional e internacional\u201d. La universidad y la administraci\u00f3n estatal, finaliz\u00f3, trabajar\u00e1n en coordinaci\u00f3n para que los j\u00f3venes no abandonen sus estudios en un marco de inclusi\u00f3n e igualdad de oportunidades educativas.<\/p>\n","protected":false},"excerpt":{"rendered":"<p>Al firmar el Acuerdo Estrat\u00e9gico por la Educaci\u00f3n Media Superior y Superior con la Secretar\u00eda de Educaci\u00f3n estatal, el rector enfatiz\u00f3 que brindar un lugar a todos los estudiantes en el sistema de educaci\u00f3n superior de la entidad significa cumplir con el deber de una sociedad democr\u00e1tica y justa.\u00a0\u00a0 Toluca, M\u00e9xico, 6 de julio de [&hellip;]<\/p>\n","protected":false},"author":3,"featured_media":51624,"comment_status":"open","ping_status":"open","sticky":false,"template":"","format":"standard","meta":{"footnotes":""},"categories":[9148,16],"tags":[4518,23021,20556],"class_list":{"0":"post-51623","1":"post","2":"type-post","3":"status-publish","4":"format-standard","5":"has-post-thumbnail","7":"category-educacion","8":"category-foto","9":"tag-convenio-uaem-gem","10":"tag-rector-carlos-barrera-diaz","11":"tag-secretario-gerardo-monroy-serrano"},"wps_subtitle":"","_links":{"self":[{"href":"https:\/\/www.porlalibreedomex.com\/index.php?rest_route=\/wp\/v2\/posts\/51623","targetHints":{"allow":["GET"]}}],"collection":[{"href":"https:\/\/www.porlalibreedomex.com\/index.php?rest_route=\/wp\/v2\/posts"}],"about":[{"href":"https:\/\/www.porlalibreedomex.com\/index.php?rest_route=\/wp\/v2\/types\/post"}],"author":[{"embeddable":true,"href":"https:\/\/www.porlalibreedomex.com\/index.php?rest_route=\/wp\/v2\/users\/3"}],"replies":[{"embeddable":true,"href":"https:\/\/www.porlalibreedomex.com\/index.php?rest_route=%2Fwp%2Fv2%2Fcomments&post=51623"}],"version-history":[{"count":2,"href":"https:\/\/www.porlalibreedomex.com\/index.php?rest_route=\/wp\/v2\/posts\/51623\/revisions"}],"predecessor-version":[{"id":51627,"href":"https:\/\/www.porlalibreedomex.com\/index.php?rest_route=\/wp\/v2\/posts\/51623\/revisions\/51627"}],"wp:featuredmedia":[{"embeddable":true,"href":"https:\/\/www.porlalibreedomex.com\/index.php?rest_route=\/wp\/v2\/media\/51624"}],"wp:attachment":[{"href":"https:\/\/www.porlalibreedomex.com\/index.php?rest_route=%2Fwp%2Fv2%2Fmedia&parent=51623"}],"wp:term":[{"taxonomy":"category","embeddable":true,"href":"https:\/\/www.porlalibreedomex.com\/index.php?rest_route=%2Fwp%2Fv2%2Fcategories&post=51623"},{"taxonomy":"post_tag","embeddable":true,"href":"https:\/\/www.porlalibreedomex.com\/index.php?rest_route=%2Fwp%2Fv2%2Ftags&post=51623"}],"curies":[{"name":"wp","href":"https:\/\/api.w.org\/{rel}","templated":true}]}}