{"id":51525,"date":"2021-07-05T20:44:16","date_gmt":"2021-07-06T01:44:16","guid":{"rendered":"https:\/\/www.porlalibreedomex.com\/?p=51525"},"modified":"2021-07-05T20:51:56","modified_gmt":"2021-07-06T01:51:56","slug":"el-adelantado-andres-manuel","status":"publish","type":"post","link":"https:\/\/www.porlalibreedomex.com\/?p=51525","title":{"rendered":"\u201cEl Adelantado\u201d Andr\u00e9s Manuel"},"content":{"rendered":"<div class=\"gs\">\n<div class=\"\">\n<div id=\":24b\" class=\"ii gt\">\n<div id=\":24a\" class=\"a3s aiL \">\n<div>\n<div>\n<p><iframe loading=\"lazy\"  id=\"_ytid_42085\"  width=\"696\" height=\"522\"  data-origwidth=\"696\" data-origheight=\"522\" src=\"https:\/\/www.youtube.com\/embed\/trQy3IUk-Ek?enablejsapi=1&#038;autoplay=1&#038;cc_load_policy=0&#038;cc_lang_pref=&#038;iv_load_policy=1&#038;loop=0&#038;rel=1&#038;fs=1&#038;playsinline=0&#038;autohide=2&#038;theme=dark&#038;color=red&#038;controls=1&#038;disablekb=0&#038;\" class=\"__youtube_prefs__  epyt-is-override  no-lazyload\" title=\"YouTube player\"  allow=\"fullscreen; accelerometer; autoplay; clipboard-write; encrypted-media; gyroscope; picture-in-picture; web-share\" referrerpolicy=\"strict-origin-when-cross-origin\" allowfullscreen data-no-lazy=\"1\" data-skipgform_ajax_framebjll=\"\"><\/iframe><\/p>\n<p align=\"right\"><i><a href=\"mailto:ache57@yahoo.com.mx\" target=\"_blank\" rel=\"noopener\">Adri\u00e1n Chavarr\u00eda Espinosa<\/a><\/i><\/p>\n<p align=\"right\"><i><a href=\"mailto:ache57@yahoo.com.mx\" target=\"_blank\" rel=\"noopener\">ache57@yahoo.com.mx<\/a><\/i><i><\/i><\/p>\n<p>En\u00a0\u00a0las tradiciones espa\u00f1olas existe la relacionada con los \u201cAdelantados\u201d, personajes que por lo regular eran altos dignatarios, a quienes se le confiaba una misi\u00f3n jur\u00eddico-militar y civil, por mandato, cuenta y bajo designio real. En el virreinato de la Nueva Espa\u00f1a al menos existieron seis de ellos con la misi\u00f3n de conquistar m\u00e1s territorio en favor de la Corona hispana.<\/p>\n<p>Aunque actualmente ya no existen ese tipo de personas, en M\u00e9xico podemos presumir que tenemos un Adelantado de nombre Andr\u00e9s Manuel L\u00f3pez Obrador, cuya misi\u00f3n \u201cotorgada por el voto popular\u201d es consolidar la autodenominada Cuarta Transformaci\u00f3n, con el supuesto prop\u00f3sito de que los mexicanos tuvi\u00e9ramos una mejor calidad de vida.<\/p>\n<p>\u00bfPor qu\u00e9 Adelantado? Pues porque a pesar de su discurso y afirmaciones, sus actitudes siempre han sido contradictorias. Por ejemplo, cuando era jefe de gobierno del Distrito Federal y se le interrogaba acerca de sus aspiraciones presidenciales, constantemente respond\u00eda \u201cque lo dieran por muerto\u201d y lo que \u201cdijera su dedito\u201d al moverlo negativamente de izquierda a derecha.<\/p>\n<p>A pesar de esos rechazos, enfrent\u00f3 un intento de desafuero promovido por el entonces presidente Vicente Fox Quesada para ser postulado por el PRD, pero perder ante el panista Felipe Calder\u00f3n Hinojosa por una diferencia de 243 mil 934 votos, apenas un 0.58%.<\/p>\n<p>Pero ese fracaso no le impidi\u00f3 a L\u00f3pez Obrador adelantarse al cambio formal de poderes, programado para el 1 de diciembre de 2006, ya que el 20 de noviembre anterior rindi\u00f3 protesta como \u201cpresidente leg\u00edtimo\u201d e incluso hasta nombr\u00f3 un gabinete paralelo al oficial, pero esa presidencia \u201cmoral\u201d nunca oper\u00f3 y se esfum\u00f3 con el paso del tiempo.<\/p>\n<p>A pesar de ello el pol\u00edtico tabasque\u00f1o se volvi\u00f3 a adelantar a los tiempos y mantuvo en permanente campa\u00f1a proselitista incluso fuera de los tiempos electorales oficiales y se postul\u00f3 nuevamente como candidato presidencial en el 2012, aunque volvi\u00f3 a perder y por un m\u00e1s amplio margen ante Enrique Pe\u00f1a Nieto.<\/p>\n<p>Como el PRD ya no la resultaba \u00fatil ni suficiente para sus prop\u00f3sitos pol\u00edticos, L\u00f3pez Obrador se adelant\u00f3 y cre\u00f3 en su interior el 2 de octubre de 2011 la asociaci\u00f3n civil de nombre Movimiento de Regeneraci\u00f3n Nacional, bajo el acr\u00f3nimo de Morena, que se transform\u00f3 en asociaci\u00f3n civil el 20 de noviembre de 2012 y, finalmente se constituy\u00f3 como partido pol\u00edtico el 26 de enero de 2014 para recibir el registro oficial del INE el 1 de abril de 2014.<\/p>\n<p>En su tercera postulaci\u00f3n presidencial finalmente gan\u00f3 y por un amplio margen. Por lo cual volvi\u00f3 a presentarse el \u201cadelantado\u201d y tras su victoria electoral pr\u00e1cticamente asumi\u00f3 el poder desde julio de 2018 y, desde entonces L\u00f3pez Obrador empez\u00f3 a tomar decisiones como el convocar a una consulta popular acerca del aeropuerto internacional de la Ciudad de M\u00e9xico.<\/p>\n<p>No se debe omitir que siendo candidato presidencial se adelant\u00f3 a presentar a quienes integrar\u00edan su gabinete presidencial y a excepci\u00f3n de algunos m\u00ednimos cambios, como sucedi\u00f3 en la titularidad de la Secretar\u00eda de Relaciones Exteriores, todos asumieron sus cargos.<\/p>\n<p>Sin embargo, a pesar de que extraoficialmente ya ejerc\u00eda el poder no se preocup\u00f3 por organizar su gobierno, con planteamientos concretos para desarrollar una vez que asumiera la presidencia, por lo que varios de sus programas parecen m\u00e1s ocurrencias sin respaldo.<\/p>\n<p>Tras asumir el Poder Ejecutivo, L\u00f3pez Obrador se \u201cadelant\u00f3\u201d a sus programas y formul\u00f3 una serie de promesas como un crecimiento econ\u00f3mico superior al de los anteriores gobiernos, tener un sistema de salud del primer mundo, reducir los niveles de inseguridad y mejorar las condiciones de los sectores m\u00e1s necesitados, entre otros, los cuales no han sido concretados.<\/p>\n<p>Ahora, sin cumplirse los primeros tres a\u00f1os del actual gobierno y el proceso electoral del 6 de junio, donde los resultados en la Ciudad de M\u00e9xico le resultaron adversos y tras el accidente en la L\u00ednea 12 del Metro, el tabasque\u00f1o decidi\u00f3 \u201cadelantar\u201d la sucesi\u00f3n presidencial.<\/p>\n<p>Seg\u00fan su comportamiento \u00e9l pensar\u00eda en dos presuntos sucesores: Marcelo Ebrard Casaub\u00f3n, secretario de Relaciones Exteriores, y Claudia Sheinbaum Pardo, jefa de Gobierno de la Ciudad de M\u00e9xico, donde aparentemente la segunda ser\u00eda la favorecida y a quien tratar\u00eda de proteger de todo tipo de golpeteo pol\u00edtico a fin de darle el mayor respaldo posible,<\/p>\n<p>M\u00e1s las consecuencias de \u201cadelantar\u201d la carrera presidencial es que tambi\u00e9n repercute en otros partidos pol\u00edticos, quienes de ninguna forma se piensan quedar atr\u00e1s y ya tambi\u00e9n se especula qui\u00e9nes ser\u00edan sus probables candidatos.<\/p>\n<p>Analistas pol\u00edticos consideran que iniciar la carrera presidencial tan anticipadamente, cuando lo regular es hasta el pen\u00faltimo a\u00f1o del sexenio, representa un \u201cadelantado\u201d cierre del gobierno lopezobradorista, como el reconocimiento de su fallida administraci\u00f3n y ahora solo restar\u00eda ver c\u00f3mo respalda a Sheibaum para que contin\u00fae con su Cuarta Transformaci\u00f3n.<\/p>\n<p>Veremos qu\u00e9 sigue en la carrera del \u201cAdelantado Andr\u00e9s Manuel\u201d y sus consecuencias pol\u00edticas y sociales para todo el pa\u00eds. Esperemos no sean tan negativas como su gobierno.<\/p>\n<p>(Por si desean escuchar las desventuras de un ficticio personaje \u201cadelantado\u201d en tono de comedia, les recomiendo ver la interpretaci\u00f3n de Les Luthiers titulado \u201cCantata del Adelantado Don Rodrigo D\u00edaz de Carreras\u201d, en la liga\u00a0<a href=\"https:\/\/www.youtube.com\/watch?v=trQy3IUk-Ek\" target=\"_blank\" rel=\"nofollow noopener\" data-saferedirecturl=\"https:\/\/www.google.com\/url?q=https:\/\/www.youtube.com\/watch?v%3DtrQy3IUk-Ek&amp;source=gmail&amp;ust=1625618938263000&amp;usg=AFQjCNHIMe_UKOZ3hgZuEjaKyvGVsARfUQ\">Cantata del Adelantado Don Rodrigo D\u00edaz de Carreras \u00b7 Las Obras de Ayer \u00b7 Les Luthiers<\/a><\/p>\n<\/div>\n<\/div>\n<\/div>\n<\/div>\n<div id=\":248\" class=\"hq gt a10\">\n<div id=\":zd\" class=\"aQH\">\n<p>&nbsp;<\/p>\n<div aria-hidden=\"true\">\n<div class=\"aSG\"><\/div>\n<\/div>\n<div class=\"aZK\"><\/div>\n<\/div>\n<\/div>\n<div class=\"hi\"><\/div>\n<\/div>\n<\/div>\n","protected":false},"excerpt":{"rendered":"<p>Adri\u00e1n Chavarr\u00eda Espinosa ache57@yahoo.com.mx En\u00a0\u00a0las tradiciones espa\u00f1olas existe la relacionada con los \u201cAdelantados\u201d, personajes que por lo regular eran altos dignatarios, a quienes se le confiaba una misi\u00f3n jur\u00eddico-militar y civil, por mandato, cuenta y bajo designio real. En el virreinato de la Nueva Espa\u00f1a al menos existieron seis de ellos con la misi\u00f3n de [&hellip;]<\/p>\n","protected":false},"author":3,"featured_media":51530,"comment_status":"open","ping_status":"open","sticky":false,"template":"","format":"standard","meta":{"footnotes":""},"categories":[1107,16,9145,7549],"tags":[150,23596],"class_list":{"0":"post-51525","1":"post","2":"type-post","3":"status-publish","4":"format-standard","5":"has-post-thumbnail","7":"category-articulo","8":"category-foto","9":"category-general","10":"category-video","11":"tag-adrian-chavarria","12":"tag-el-adelantado-andres-manuel"},"wps_subtitle":"","_links":{"self":[{"href":"https:\/\/www.porlalibreedomex.com\/index.php?rest_route=\/wp\/v2\/posts\/51525","targetHints":{"allow":["GET"]}}],"collection":[{"href":"https:\/\/www.porlalibreedomex.com\/index.php?rest_route=\/wp\/v2\/posts"}],"about":[{"href":"https:\/\/www.porlalibreedomex.com\/index.php?rest_route=\/wp\/v2\/types\/post"}],"author":[{"embeddable":true,"href":"https:\/\/www.porlalibreedomex.com\/index.php?rest_route=\/wp\/v2\/users\/3"}],"replies":[{"embeddable":true,"href":"https:\/\/www.porlalibreedomex.com\/index.php?rest_route=%2Fwp%2Fv2%2Fcomments&post=51525"}],"version-history":[{"count":2,"href":"https:\/\/www.porlalibreedomex.com\/index.php?rest_route=\/wp\/v2\/posts\/51525\/revisions"}],"predecessor-version":[{"id":51531,"href":"https:\/\/www.porlalibreedomex.com\/index.php?rest_route=\/wp\/v2\/posts\/51525\/revisions\/51531"}],"wp:featuredmedia":[{"embeddable":true,"href":"https:\/\/www.porlalibreedomex.com\/index.php?rest_route=\/wp\/v2\/media\/51530"}],"wp:attachment":[{"href":"https:\/\/www.porlalibreedomex.com\/index.php?rest_route=%2Fwp%2Fv2%2Fmedia&parent=51525"}],"wp:term":[{"taxonomy":"category","embeddable":true,"href":"https:\/\/www.porlalibreedomex.com\/index.php?rest_route=%2Fwp%2Fv2%2Fcategories&post=51525"},{"taxonomy":"post_tag","embeddable":true,"href":"https:\/\/www.porlalibreedomex.com\/index.php?rest_route=%2Fwp%2Fv2%2Ftags&post=51525"}],"curies":[{"name":"wp","href":"https:\/\/api.w.org\/{rel}","templated":true}]}}