{"id":51377,"date":"2021-06-28T01:06:53","date_gmt":"2021-06-28T06:06:53","guid":{"rendered":"https:\/\/www.porlalibreedomex.com\/?p=51377"},"modified":"2021-06-29T01:07:21","modified_gmt":"2021-06-29T06:07:21","slug":"aprueba-consejo-del-ieem-publicacion-de-informes-finales-del-monitoreo-a-medios-en-campanas-2021","status":"publish","type":"post","link":"https:\/\/www.porlalibreedomex.com\/?p=51377","title":{"rendered":"APRUEBA CONSEJO DEL IEEM PUBLICACI\u00d3N DE INFORMES FINALES DEL MONITOREO A MEDIOS EN CAMPA\u00d1AS 2021  \u00a0"},"content":{"rendered":"<p>&nbsp;<\/p>\n<ul>\n<li><strong><em>Tambi\u00e9n se otorg\u00f3 la Titularidad a tres servidores p\u00fablicas del IEEM, pertenecientes al \u00abServicio Profesional Electoral Nacional del Sistema de los Organismos P\u00fablicos Locales Electorales\u00bb.<\/em><\/strong><\/li>\n<\/ul>\n<p>&nbsp;<\/p>\n<p>En la 6\u00aa Sesi\u00f3n Ordinaria del Consejo General del Instituto Electoral del Estado de M\u00e9xico (IEEM), se aprob\u00f3 la publicaci\u00f3n a trav\u00e9s de la p\u00e1gina electr\u00f3nica <a href=\"http:\/\/www.ieem.org.mx\">www.ieem.org.mx<\/a> de los Informes finales del periodo de campa\u00f1as 2021, del Monitoreo a Medios de Comunicaci\u00f3n Alternos y Cine, as\u00ed como del Monitoreo a Medios de Comunicaci\u00f3n Electr\u00f3nicos, Impresos e Internet.<\/p>\n<p>Lo anterior tiene lugar, una vez que la Comisi\u00f3n de Acceso a Medios, Propaganda y Difusi\u00f3n (CAMPyD) tuvo por presentados y rendidos los informes finales del periodo de campa\u00f1as 2021 los cuales hizo del conocimiento al Consejo General para los efectos conducentes.<\/p>\n<p>&nbsp;<\/p>\n<p>De tal forma que de acuerdo con la normatividad el resultado de los monitoreos se har\u00e1n p\u00fablicos y seg\u00fan lo establecen los art\u00edculos 9, p\u00e1rrafo tercero y 59 de los Lineamientos de Monitoreo a Medios de Comunicaci\u00f3n Electr\u00f3nicos, Impresos, Internet, Alternos y Cine, los resultados al ser considerados como obligaciones en materia de transparencia espec\u00edfica, se har\u00e1n p\u00fablicos en formatos abiertos y accesibles.<\/p>\n<p><a href=\"https:\/\/www.porlalibreedomex.com\/wp-content\/uploads\/2021\/06\/Aprueba-el-Consejo-General-del-IEEM-informe-final-de-de-monitoreo-de-Medios-durante-las-campanas-en-Edomex.-scaled.jpg\"><img loading=\"lazy\" decoding=\"async\" class=\"aligncenter size-large wp-image-51379\" src=\"https:\/\/www.porlalibreedomex.com\/wp-content\/uploads\/2021\/06\/Aprueba-el-Consejo-General-del-IEEM-informe-final-de-de-monitoreo-de-Medios-durante-las-campanas-en-Edomex.-1024x683.jpg\" alt=\"\" width=\"800\" height=\"534\" srcset=\"https:\/\/www.porlalibreedomex.com\/wp-content\/uploads\/2021\/06\/Aprueba-el-Consejo-General-del-IEEM-informe-final-de-de-monitoreo-de-Medios-durante-las-campanas-en-Edomex.-1024x683.jpg 1024w, https:\/\/www.porlalibreedomex.com\/wp-content\/uploads\/2021\/06\/Aprueba-el-Consejo-General-del-IEEM-informe-final-de-de-monitoreo-de-Medios-durante-las-campanas-en-Edomex.-300x200.jpg 300w, https:\/\/www.porlalibreedomex.com\/wp-content\/uploads\/2021\/06\/Aprueba-el-Consejo-General-del-IEEM-informe-final-de-de-monitoreo-de-Medios-durante-las-campanas-en-Edomex.-768x512.jpg 768w, https:\/\/www.porlalibreedomex.com\/wp-content\/uploads\/2021\/06\/Aprueba-el-Consejo-General-del-IEEM-informe-final-de-de-monitoreo-de-Medios-durante-las-campanas-en-Edomex.-1536x1024.jpg 1536w, https:\/\/www.porlalibreedomex.com\/wp-content\/uploads\/2021\/06\/Aprueba-el-Consejo-General-del-IEEM-informe-final-de-de-monitoreo-de-Medios-durante-las-campanas-en-Edomex.-2048x1365.jpg 2048w\" sizes=\"auto, (max-width: 800px) 100vw, 800px\" \/><\/a><\/p>\n<p>A su vez, se cumple con el principio de m\u00e1xima publicidad que rige la actuaci\u00f3n del IEEM, a efecto de que la sociedad mexiquense se encuentre informada respecto del monitoreo realizado en los medios de comunicaci\u00f3n referidos durante el periodo de campa\u00f1a correspondiente al proceso electoral 2021, por lo que para su publicaci\u00f3n, la Unidad de Inform\u00e1tica y Estad\u00edstica apoyar\u00e1 para que a la brevedad se encuentren disponibles en la p\u00e1gina web.<\/p>\n<p>Por otro lado, tambi\u00e9n se otorg\u00f3 la Titularidad a Personal del Instituto Electoral del Estado de M\u00e9xico, perteneciente al Servicio Profesional Electoral Nacional del Sistema de los Organismos P\u00fablicos Locales Electorales.<\/p>\n<p>Es decir, tres personas servidoras p\u00fablicas adscritos al IEEM adquirieron esa titularidad o rango, una vez que la Unidad T\u00e9cnica para la Administraci\u00f3n de Personal Electoral (UTAPE) integr\u00f3 los Dict\u00e1menes preliminares de las candidaturas en el Servicio Profesional Electoral Nacional (SPEN) del Sistema OPLE, y que \u00e9stas a su vez fueran remitidas a la Direcci\u00f3n Ejecutiva del Servicio Profesional Electoral Nacional del Instituto Nacional Electoral (DESPEN).<\/p>\n<figure id=\"attachment_51380\" aria-describedby=\"caption-attachment-51380\" style=\"width: 300px\" class=\"wp-caption alignright\"><a href=\"https:\/\/www.porlalibreedomex.com\/wp-content\/uploads\/2021\/06\/EXPRESION-de-deber-cumplido-de-la-presidenta-interina-del-IEEM-scaled.jpg\"><img loading=\"lazy\" decoding=\"async\" class=\"size-medium wp-image-51380\" src=\"https:\/\/www.porlalibreedomex.com\/wp-content\/uploads\/2021\/06\/EXPRESION-de-deber-cumplido-de-la-presidenta-interina-del-IEEM-300x200.jpg\" alt=\"\" width=\"300\" height=\"200\" srcset=\"https:\/\/www.porlalibreedomex.com\/wp-content\/uploads\/2021\/06\/EXPRESION-de-deber-cumplido-de-la-presidenta-interina-del-IEEM-300x200.jpg 300w, https:\/\/www.porlalibreedomex.com\/wp-content\/uploads\/2021\/06\/EXPRESION-de-deber-cumplido-de-la-presidenta-interina-del-IEEM-1024x683.jpg 1024w, https:\/\/www.porlalibreedomex.com\/wp-content\/uploads\/2021\/06\/EXPRESION-de-deber-cumplido-de-la-presidenta-interina-del-IEEM-768x512.jpg 768w, https:\/\/www.porlalibreedomex.com\/wp-content\/uploads\/2021\/06\/EXPRESION-de-deber-cumplido-de-la-presidenta-interina-del-IEEM-1536x1024.jpg 1536w, https:\/\/www.porlalibreedomex.com\/wp-content\/uploads\/2021\/06\/EXPRESION-de-deber-cumplido-de-la-presidenta-interina-del-IEEM-2048x1365.jpg 2048w\" sizes=\"auto, (max-width: 300px) 100vw, 300px\" \/><\/a><figcaption id=\"caption-attachment-51380\" class=\"wp-caption-text\">La presidenta interina del IEEM, Laura Daniella Dur\u00e1n<\/figcaption><\/figure>\n<p>As\u00ed, despu\u00e9s de revisar la documentaci\u00f3n remitida, la Junta General Ejecutiva del INE (JGE) emiti\u00f3 el acuerdo INE\/JGE93\/2021, a trav\u00e9s del cual determin\u00f3 que es procedente otorgar los nuevos rangos, puesto que las tres personas servidoras p\u00fablicas cumplieron con los requisitos acordes con la normatividad.<\/p>\n<p>&nbsp;<\/p>\n<p>A la par tambi\u00e9n se aprob\u00f3 el Informe de Actividades presentado por la Secretar\u00eda Ejecutiva, desarrolladas durante el mes de mayo por parte de los \u00f3rganos colegiados, es decir, el Consejo General, las Comisiones, la Junta General, la Secretar\u00eda Ejecutiva, as\u00ed como las diferentes direcciones y unidades adscritas.<\/p>\n","protected":false},"excerpt":{"rendered":"<p>&nbsp; Tambi\u00e9n se otorg\u00f3 la Titularidad a tres servidores p\u00fablicas del IEEM, pertenecientes al \u00abServicio Profesional Electoral Nacional del Sistema de los Organismos P\u00fablicos Locales Electorales\u00bb. &nbsp; En la 6\u00aa Sesi\u00f3n Ordinaria del Consejo General del Instituto Electoral del Estado de M\u00e9xico (IEEM), se aprob\u00f3 la publicaci\u00f3n a trav\u00e9s de la p\u00e1gina electr\u00f3nica www.ieem.org.mx de [&hellip;]<\/p>\n","protected":false},"author":3,"featured_media":51378,"comment_status":"open","ping_status":"open","sticky":false,"template":"","format":"standard","meta":{"footnotes":""},"categories":[16,9150],"tags":[19625,23537,23538],"class_list":{"0":"post-51377","1":"post","2":"type-post","3":"status-publish","4":"format-standard","5":"has-post-thumbnail","7":"category-foto","8":"category-politica","9":"tag-consejo-general-del-ieem","10":"tag-informe-de-medios-en-el-ieem","11":"tag-monitoreo-de-medios-en-la-campana"},"wps_subtitle":"","_links":{"self":[{"href":"https:\/\/www.porlalibreedomex.com\/index.php?rest_route=\/wp\/v2\/posts\/51377","targetHints":{"allow":["GET"]}}],"collection":[{"href":"https:\/\/www.porlalibreedomex.com\/index.php?rest_route=\/wp\/v2\/posts"}],"about":[{"href":"https:\/\/www.porlalibreedomex.com\/index.php?rest_route=\/wp\/v2\/types\/post"}],"author":[{"embeddable":true,"href":"https:\/\/www.porlalibreedomex.com\/index.php?rest_route=\/wp\/v2\/users\/3"}],"replies":[{"embeddable":true,"href":"https:\/\/www.porlalibreedomex.com\/index.php?rest_route=%2Fwp%2Fv2%2Fcomments&post=51377"}],"version-history":[{"count":1,"href":"https:\/\/www.porlalibreedomex.com\/index.php?rest_route=\/wp\/v2\/posts\/51377\/revisions"}],"predecessor-version":[{"id":51381,"href":"https:\/\/www.porlalibreedomex.com\/index.php?rest_route=\/wp\/v2\/posts\/51377\/revisions\/51381"}],"wp:featuredmedia":[{"embeddable":true,"href":"https:\/\/www.porlalibreedomex.com\/index.php?rest_route=\/wp\/v2\/media\/51378"}],"wp:attachment":[{"href":"https:\/\/www.porlalibreedomex.com\/index.php?rest_route=%2Fwp%2Fv2%2Fmedia&parent=51377"}],"wp:term":[{"taxonomy":"category","embeddable":true,"href":"https:\/\/www.porlalibreedomex.com\/index.php?rest_route=%2Fwp%2Fv2%2Fcategories&post=51377"},{"taxonomy":"post_tag","embeddable":true,"href":"https:\/\/www.porlalibreedomex.com\/index.php?rest_route=%2Fwp%2Fv2%2Ftags&post=51377"}],"curies":[{"name":"wp","href":"https:\/\/api.w.org\/{rel}","templated":true}]}}