{"id":51311,"date":"2021-06-25T00:49:33","date_gmt":"2021-06-25T05:49:33","guid":{"rendered":"https:\/\/www.porlalibreedomex.com\/?p=51311"},"modified":"2021-06-26T00:56:58","modified_gmt":"2021-06-26T05:56:58","slug":"participa-gem-en-mono-humano-para-visibilizar-la-violencia-de-genero","status":"publish","type":"post","link":"https:\/\/www.porlalibreedomex.com\/?p=51311","title":{"rendered":"PARTICIPA GEM EN MO\u00d1O HUMANO PARA VISIBILIZAR LA VIOLENCIA DE G\u00c9NERO"},"content":{"rendered":"<p>&nbsp;<\/p>\n<p><strong>Toluca, Estado de M\u00e9xico, 25 de junio de 2021.<\/strong> En el marco del 25 de junio, D\u00eda Naranja, y con el objetivo de hacer visible la sororidad entre servidoras y servidores p\u00fablicos municipales y estatales en pro de la igualdad y la no discriminaci\u00f3n hacia una vida libre de violencia, la Secretar\u00eda de la Mujer realiz\u00f3 el Lazo por la Erradicaci\u00f3n de la Violencia de G\u00e9nero.<\/p>\n<p><a href=\"https:\/\/www.porlalibreedomex.com\/wp-content\/uploads\/2021\/06\/El-Mono-Naranja-contra-la-viiolencia-hacia-las-mujeresn-con-participacion-de-los-tres-poderes-del-Gobierno-del-Estado-de-Mexico.-2021-06-25.jpeg\"><img loading=\"lazy\" decoding=\"async\" class=\"aligncenter size-full wp-image-51312\" src=\"https:\/\/www.porlalibreedomex.com\/wp-content\/uploads\/2021\/06\/El-Mono-Naranja-contra-la-viiolencia-hacia-las-mujeresn-con-participacion-de-los-tres-poderes-del-Gobierno-del-Estado-de-Mexico.-2021-06-25.jpeg\" alt=\"\" width=\"1125\" height=\"632\" srcset=\"https:\/\/www.porlalibreedomex.com\/wp-content\/uploads\/2021\/06\/El-Mono-Naranja-contra-la-viiolencia-hacia-las-mujeresn-con-participacion-de-los-tres-poderes-del-Gobierno-del-Estado-de-Mexico.-2021-06-25.jpeg 1125w, https:\/\/www.porlalibreedomex.com\/wp-content\/uploads\/2021\/06\/El-Mono-Naranja-contra-la-viiolencia-hacia-las-mujeresn-con-participacion-de-los-tres-poderes-del-Gobierno-del-Estado-de-Mexico.-2021-06-25-300x169.jpeg 300w, https:\/\/www.porlalibreedomex.com\/wp-content\/uploads\/2021\/06\/El-Mono-Naranja-contra-la-viiolencia-hacia-las-mujeresn-con-participacion-de-los-tres-poderes-del-Gobierno-del-Estado-de-Mexico.-2021-06-25-1024x575.jpeg 1024w, https:\/\/www.porlalibreedomex.com\/wp-content\/uploads\/2021\/06\/El-Mono-Naranja-contra-la-viiolencia-hacia-las-mujeresn-con-participacion-de-los-tres-poderes-del-Gobierno-del-Estado-de-Mexico.-2021-06-25-768x431.jpeg 768w\" sizes=\"auto, (max-width: 1125px) 100vw, 1125px\" \/><\/a><\/p>\n<p><strong>Esta actividad, en la que participaron los Poderes Ejecutivo, Legislativo y Judicial, el Ayuntamiento de Toluca, la Universidad Aut\u00f3noma del Estado de M\u00e9xico (UAEM), as\u00ed como organismos desconcentrados, const\u00f3 de la realizaci\u00f3n de un mo\u00f1o humano en la Plaza de los M\u00e1rtires de la capital mexiquense.<\/strong><\/p>\n<p>\u201cHoy estamos aqu\u00ed por las mujeres, ni\u00f1as y adolescentes, porque queremos un Estado de M\u00e9xico en paz, igualitario y un estado que garantice los derechos de las mexiquenses.<\/p>\n<p>\u201cReconocemos que estos cambios y acciones nos competen desde el quehacer personal, profesional y laboral, por ello invitamos a reflexionar en que los espacios naranjas deben ser todos aquellos en los que est\u00e9n las mujeres\u201d, expres\u00f3 la Secretaria de la Mujer, Mar\u00eda Isabel S\u00e1nchez Holgu\u00edn, al agradecer a todas las personas que asistieron.<\/p>\n<div style=\"width: 696px;\" class=\"wp-video\"><video class=\"wp-video-shortcode\" id=\"video-51311-1\" width=\"696\" height=\"391\" preload=\"metadata\" controls=\"controls\"><source type=\"video\/mp4\" src=\"https:\/\/www.porlalibreedomex.com\/wp-content\/uploads\/2021\/06\/Presencia-femenina-en-el-Dia-Naranja-contra-la-violencia-de-genero-en-la-Plaza-de-los-Martires-de-Toluca.-2021-06-25.mp4?_=1\" \/><a href=\"https:\/\/www.porlalibreedomex.com\/wp-content\/uploads\/2021\/06\/Presencia-femenina-en-el-Dia-Naranja-contra-la-violencia-de-genero-en-la-Plaza-de-los-Martires-de-Toluca.-2021-06-25.mp4\">https:\/\/www.porlalibreedomex.com\/wp-content\/uploads\/2021\/06\/Presencia-femenina-en-el-Dia-Naranja-contra-la-violencia-de-genero-en-la-Plaza-de-los-Martires-de-Toluca.-2021-06-25.mp4<\/a><\/video><\/div>\n<p>La intenci\u00f3n de reunir a las y los servidores p\u00fablicos en este d\u00eda conmemorativo como los 25 de cada mes, es visibilizar la lucha contra la violencia hacia las ni\u00f1as, adolescentes y mujeres, en esta ocasi\u00f3n no solamente portando un list\u00f3n naranja, sino haci\u00e9ndolos part\u00edcipes, ya que como se ha hecho menci\u00f3n el tema de la violencia de g\u00e9nero involucra a toda la sociedad.<\/p>\n<p><a href=\"https:\/\/www.porlalibreedomex.com\/wp-content\/uploads\/2021\/06\/Trazan-mono-sobre-la-plancha-del-zocalo-toluqueno-en-el-Dia-Naranja-para-protestar-por-violencia-contra-las-mujeres.-2021-06-25.jpeg\"><img loading=\"lazy\" decoding=\"async\" class=\"aligncenter size-full wp-image-51314\" src=\"https:\/\/www.porlalibreedomex.com\/wp-content\/uploads\/2021\/06\/Trazan-mono-sobre-la-plancha-del-zocalo-toluqueno-en-el-Dia-Naranja-para-protestar-por-violencia-contra-las-mujeres.-2021-06-25.jpeg\" alt=\"\" width=\"1280\" height=\"879\" srcset=\"https:\/\/www.porlalibreedomex.com\/wp-content\/uploads\/2021\/06\/Trazan-mono-sobre-la-plancha-del-zocalo-toluqueno-en-el-Dia-Naranja-para-protestar-por-violencia-contra-las-mujeres.-2021-06-25.jpeg 1280w, https:\/\/www.porlalibreedomex.com\/wp-content\/uploads\/2021\/06\/Trazan-mono-sobre-la-plancha-del-zocalo-toluqueno-en-el-Dia-Naranja-para-protestar-por-violencia-contra-las-mujeres.-2021-06-25-300x206.jpeg 300w, https:\/\/www.porlalibreedomex.com\/wp-content\/uploads\/2021\/06\/Trazan-mono-sobre-la-plancha-del-zocalo-toluqueno-en-el-Dia-Naranja-para-protestar-por-violencia-contra-las-mujeres.-2021-06-25-1024x703.jpeg 1024w, https:\/\/www.porlalibreedomex.com\/wp-content\/uploads\/2021\/06\/Trazan-mono-sobre-la-plancha-del-zocalo-toluqueno-en-el-Dia-Naranja-para-protestar-por-violencia-contra-las-mujeres.-2021-06-25-768x527.jpeg 768w, https:\/\/www.porlalibreedomex.com\/wp-content\/uploads\/2021\/06\/Trazan-mono-sobre-la-plancha-del-zocalo-toluqueno-en-el-Dia-Naranja-para-protestar-por-violencia-contra-las-mujeres.-2021-06-25-130x90.jpeg 130w\" sizes=\"auto, (max-width: 1280px) 100vw, 1280px\" \/><\/a><\/p>\n<p>Adem\u00e1s del list\u00f3n naranja se cont\u00f3 con Unidades de Atenci\u00f3n, de diferentes instancias de gobierno en las cuales se brindaron servicios a la poblaci\u00f3n mexiquense.<\/p>\n","protected":false},"excerpt":{"rendered":"<p>&nbsp; Toluca, Estado de M\u00e9xico, 25 de junio de 2021. En el marco del 25 de junio, D\u00eda Naranja, y con el objetivo de hacer visible la sororidad entre servidoras y servidores p\u00fablicos municipales y estatales en pro de la igualdad y la no discriminaci\u00f3n hacia una vida libre de violencia, la Secretar\u00eda de la [&hellip;]<\/p>\n","protected":false},"author":3,"featured_media":51313,"comment_status":"open","ping_status":"open","sticky":false,"template":"","format":"standard","meta":{"footnotes":""},"categories":[9157,16],"tags":[23514,23513,23515],"class_list":{"0":"post-51311","1":"post","2":"type-post","3":"status-publish","4":"format-standard","5":"has-post-thumbnail","7":"category-edomex","8":"category-foto","9":"tag-contra-la-violencia-hacia-mujeres","10":"tag-gran-mono-del-dia-naranja","11":"tag-plaza-civica-de-toluca"},"wps_subtitle":"Destacan importancia de crear conciencia para poner fin a la violencia contra ni\u00f1as, mujeres y adolescentes.","_links":{"self":[{"href":"https:\/\/www.porlalibreedomex.com\/index.php?rest_route=\/wp\/v2\/posts\/51311","targetHints":{"allow":["GET"]}}],"collection":[{"href":"https:\/\/www.porlalibreedomex.com\/index.php?rest_route=\/wp\/v2\/posts"}],"about":[{"href":"https:\/\/www.porlalibreedomex.com\/index.php?rest_route=\/wp\/v2\/types\/post"}],"author":[{"embeddable":true,"href":"https:\/\/www.porlalibreedomex.com\/index.php?rest_route=\/wp\/v2\/users\/3"}],"replies":[{"embeddable":true,"href":"https:\/\/www.porlalibreedomex.com\/index.php?rest_route=%2Fwp%2Fv2%2Fcomments&post=51311"}],"version-history":[{"count":3,"href":"https:\/\/www.porlalibreedomex.com\/index.php?rest_route=\/wp\/v2\/posts\/51311\/revisions"}],"predecessor-version":[{"id":51318,"href":"https:\/\/www.porlalibreedomex.com\/index.php?rest_route=\/wp\/v2\/posts\/51311\/revisions\/51318"}],"wp:featuredmedia":[{"embeddable":true,"href":"https:\/\/www.porlalibreedomex.com\/index.php?rest_route=\/wp\/v2\/media\/51313"}],"wp:attachment":[{"href":"https:\/\/www.porlalibreedomex.com\/index.php?rest_route=%2Fwp%2Fv2%2Fmedia&parent=51311"}],"wp:term":[{"taxonomy":"category","embeddable":true,"href":"https:\/\/www.porlalibreedomex.com\/index.php?rest_route=%2Fwp%2Fv2%2Fcategories&post=51311"},{"taxonomy":"post_tag","embeddable":true,"href":"https:\/\/www.porlalibreedomex.com\/index.php?rest_route=%2Fwp%2Fv2%2Ftags&post=51311"}],"curies":[{"name":"wp","href":"https:\/\/api.w.org\/{rel}","templated":true}]}}