{"id":51186,"date":"2021-06-21T16:34:11","date_gmt":"2021-06-21T21:34:11","guid":{"rendered":"https:\/\/www.porlalibreedomex.com\/?p=51186"},"modified":"2021-06-21T16:34:11","modified_gmt":"2021-06-21T21:34:11","slug":"participan-egresados-de-la-uaem-en-elaboracion-de-documental-cientifico","status":"publish","type":"post","link":"https:\/\/www.porlalibreedomex.com\/?p=51186","title":{"rendered":"Participan egresados de la UAEM en elaboraci\u00f3n de documental cient\u00edfico\u00a0  \u00a0"},"content":{"rendered":"<p style=\"font-weight: 400;\"><strong>\u00a0<\/strong><\/p>\n<p style=\"font-weight: 400;\">\n<ul style=\"font-weight: 400;\">\n<li><strong><em>Proyectado en la Cineteca Mexiquense, recopila la experiencia de estudiantes de M\u00e9xico, Chile y Per\u00fa, que unieron esfuerzos para la fabricaci\u00f3n de cabinas de radiaci\u00f3n ultravioleta con la variante C, financiadas por The Optical Society (OSA).<\/em><em>\u00a0<\/em><\/strong><\/li>\n<\/ul>\n<p style=\"font-weight: 400;\"><strong>\u00a0<\/strong><\/p>\n<p style=\"font-weight: 400;\"><strong>Toluca, M\u00e9xico, 21 de junio de 2021<\/strong>.- La colaboraci\u00f3n entre academia y organismos internacionales para el desarrollo cient\u00edfico permiti\u00f3 superar los retos impuestos por la emergencia sanitaria mundial como lo muestra el documental \u201cUna luz al final de la cabina: radiaci\u00f3n UV-C vs Covid-19\u201d, resultado del trabajo conjunto entre egresados de la Universidad Aut\u00f3noma del Estado de M\u00e9xico (UAEM) y la Red Mexicana de Periodistas de Ciencia (RedMPC).<\/p>\n<p style=\"font-weight: 400;\">El video, proyectado en la\u00a0<em>Cineteca Mexiquense<\/em>, recopila la experiencia de estudiantes de M\u00e9xico, Chile y Per\u00fa, que unieron esfuerzos para la fabricaci\u00f3n de cabinas de radiaci\u00f3n ultravioleta con la variante C, financiadas por\u00a0<em>The Optical Society (OSA)<\/em>\u00a0y que fueron donadas a hospitales p\u00fablicos de dichos pa\u00edses.<\/p>\n<p style=\"font-weight: 400;\"><strong>El objetivo de la innovaci\u00f3n tecnol\u00f3gica fue desinfectar cubrebocas KN95 y reutilizarlos de forma segura<\/strong>, ante el desabasto que enfrent\u00f3 el mundo en el pico de la pandemia de Covid-19, explic\u00f3 Eric Rosas, coordinador de los cap\u00edtulos estudiantiles de la OSA en dichos pa\u00edses y egresado de la Facultad de Ciencias de la UAEM.<\/p>\n<p style=\"font-weight: 400;\">\u00a0\u00a0\u00a0\u00a0\u00a0\u00a0\u00a0\u00a0\u00a0\u00a0\u00a0\u00a0En tanto, el trabajo que document\u00f3 su elaboraci\u00f3n fue realizado por Evelyn Carolina Ayala y Carlos Antonio S\u00e1nchez, de la RedMPC, as\u00ed como por los periodistas de Chile y Per\u00fa, Nadia Politis y Daniel Meza, respectivamente. En la mesa editorial del mismo particip\u00f3 el director de Comunicaci\u00f3n de la UAEM, Carlos Hern\u00e1ndez Zarza.<\/p>\n<p style=\"font-weight: 400;\">Al respecto, Aleida Rueda, presidenta de la RedMPC, reconoci\u00f3 la colaboraci\u00f3n entre los estudiantes y los periodistas especializados para plasmar en video, texto, audio, asi como mediante un ensayo fotogr\u00e1fico, el trabajo realizado por la OSA en el momento m\u00e1s \u00e1lgido de la pandemia. Indic\u00f3 que, con ello, se contribuye a que la sociedad se beneficie con la entrega de las cabinas e informaci\u00f3n oportuna que divulga el conocimiento cient\u00edfico.<\/p>\n<p><a href=\"https:\/\/www.porlalibreedomex.com\/wp-content\/uploads\/2021\/06\/La-Pandemia-por-COVID-ha-estimulado-a-los-universitarios-para-buscar-soluciones-cientificos-a-los-problemas-dijo-Ginarely-Valencia.jpeg\"><img loading=\"lazy\" decoding=\"async\" class=\"aligncenter size-full wp-image-51187\" src=\"https:\/\/www.porlalibreedomex.com\/wp-content\/uploads\/2021\/06\/La-Pandemia-por-COVID-ha-estimulado-a-los-universitarios-para-buscar-soluciones-cientificos-a-los-problemas-dijo-Ginarely-Valencia.jpeg\" alt=\"\" width=\"1280\" height=\"853\" srcset=\"https:\/\/www.porlalibreedomex.com\/wp-content\/uploads\/2021\/06\/La-Pandemia-por-COVID-ha-estimulado-a-los-universitarios-para-buscar-soluciones-cientificos-a-los-problemas-dijo-Ginarely-Valencia.jpeg 1280w, https:\/\/www.porlalibreedomex.com\/wp-content\/uploads\/2021\/06\/La-Pandemia-por-COVID-ha-estimulado-a-los-universitarios-para-buscar-soluciones-cientificos-a-los-problemas-dijo-Ginarely-Valencia-300x200.jpeg 300w, https:\/\/www.porlalibreedomex.com\/wp-content\/uploads\/2021\/06\/La-Pandemia-por-COVID-ha-estimulado-a-los-universitarios-para-buscar-soluciones-cientificos-a-los-problemas-dijo-Ginarely-Valencia-1024x682.jpeg 1024w, https:\/\/www.porlalibreedomex.com\/wp-content\/uploads\/2021\/06\/La-Pandemia-por-COVID-ha-estimulado-a-los-universitarios-para-buscar-soluciones-cientificos-a-los-problemas-dijo-Ginarely-Valencia-768x512.jpeg 768w\" sizes=\"auto, (max-width: 1280px) 100vw, 1280px\" \/><\/a><\/p>\n<p style=\"font-weight: 400;\">Por su parte, la directora general de Comunicaci\u00f3n de la UAEM, Ginarely Valencia Alc\u00e1ntara, expres\u00f3 que uno de los aprendizajes que dej\u00f3 la pandemia de Covid-19 fue haber despertado el inter\u00e9s de la sociedad por la ciencia y saber m\u00e1s sobre el virus con informaci\u00f3n verificada.<\/p>\n<p style=\"font-weight: 400;\">Cabe mencionar que el documental estar\u00e1 disponible al p\u00fablico a partir del lunes en las redes sociales de la Red Mexicana de Periodistas de la Ciencia (RedMPC), as\u00ed como en los medios universitarios de la Aut\u00f3noma mexiquense.<\/p>\n","protected":false},"excerpt":{"rendered":"<p>\u00a0 Proyectado en la Cineteca Mexiquense, recopila la experiencia de estudiantes de M\u00e9xico, Chile y Per\u00fa, que unieron esfuerzos para la fabricaci\u00f3n de cabinas de radiaci\u00f3n ultravioleta con la variante C, financiadas por The Optical Society (OSA).\u00a0 \u00a0 Toluca, M\u00e9xico, 21 de junio de 2021.- La colaboraci\u00f3n entre academia y organismos internacionales para el desarrollo [&hellip;]<\/p>\n","protected":false},"author":3,"featured_media":51188,"comment_status":"open","ping_status":"open","sticky":false,"template":"","format":"standard","meta":{"footnotes":""},"categories":[9148,16],"tags":[23459,23458,23457,23460],"class_list":{"0":"post-51186","1":"post","2":"type-post","3":"status-publish","4":"format-standard","5":"has-post-thumbnail","7":"category-educacion","8":"category-foto","9":"tag-desinfectar-cubrebocas-kn-95","10":"tag-ginarely-valencia","11":"tag-interes-por-la-ciencia-en-la-uaem","12":"tag-uaem-documental-cientifico"},"wps_subtitle":"","_links":{"self":[{"href":"https:\/\/www.porlalibreedomex.com\/index.php?rest_route=\/wp\/v2\/posts\/51186","targetHints":{"allow":["GET"]}}],"collection":[{"href":"https:\/\/www.porlalibreedomex.com\/index.php?rest_route=\/wp\/v2\/posts"}],"about":[{"href":"https:\/\/www.porlalibreedomex.com\/index.php?rest_route=\/wp\/v2\/types\/post"}],"author":[{"embeddable":true,"href":"https:\/\/www.porlalibreedomex.com\/index.php?rest_route=\/wp\/v2\/users\/3"}],"replies":[{"embeddable":true,"href":"https:\/\/www.porlalibreedomex.com\/index.php?rest_route=%2Fwp%2Fv2%2Fcomments&post=51186"}],"version-history":[{"count":1,"href":"https:\/\/www.porlalibreedomex.com\/index.php?rest_route=\/wp\/v2\/posts\/51186\/revisions"}],"predecessor-version":[{"id":51189,"href":"https:\/\/www.porlalibreedomex.com\/index.php?rest_route=\/wp\/v2\/posts\/51186\/revisions\/51189"}],"wp:featuredmedia":[{"embeddable":true,"href":"https:\/\/www.porlalibreedomex.com\/index.php?rest_route=\/wp\/v2\/media\/51188"}],"wp:attachment":[{"href":"https:\/\/www.porlalibreedomex.com\/index.php?rest_route=%2Fwp%2Fv2%2Fmedia&parent=51186"}],"wp:term":[{"taxonomy":"category","embeddable":true,"href":"https:\/\/www.porlalibreedomex.com\/index.php?rest_route=%2Fwp%2Fv2%2Fcategories&post=51186"},{"taxonomy":"post_tag","embeddable":true,"href":"https:\/\/www.porlalibreedomex.com\/index.php?rest_route=%2Fwp%2Fv2%2Ftags&post=51186"}],"curies":[{"name":"wp","href":"https:\/\/api.w.org\/{rel}","templated":true}]}}