{"id":51070,"date":"2021-06-15T23:59:57","date_gmt":"2021-06-16T04:59:57","guid":{"rendered":"https:\/\/www.porlalibreedomex.com\/?p=51070"},"modified":"2021-06-15T23:59:57","modified_gmt":"2021-06-16T04:59:57","slug":"instituciones-de-educacion-superior-llamadas-a-atender-nuevas-necesidades-sociales","status":"publish","type":"post","link":"https:\/\/www.porlalibreedomex.com\/?p=51070","title":{"rendered":"Instituciones de Educaci\u00f3n Superior, llamadas a atender nuevas necesidades sociales\u00a0"},"content":{"rendered":"<p style=\"font-weight: 400;\">\n<p style=\"font-weight: 400;\"><strong>\u00a0<\/strong><\/p>\n<ul style=\"font-weight: 400;\">\n<li><em>El director general de Planeaci\u00f3n y Desarrollo de la ANUIES, Jos\u00e9 Aguirre V\u00e1zquez, dict\u00f3 la conferencia magistral \u00abPresente y futuro de la educaci\u00f3n superior en M\u00e9xico\u201d, en la Universidad Aut\u00f3noma del Estado de M\u00e9xico.<\/em><em>\u00a0<\/em><\/li>\n<li><em>Enfatiz\u00f3 que las instituciones de educaci\u00f3n superior deben modificar sus modelos educativos y transitar hacia la aceptaci\u00f3n de la r\u00e1pida obsolescencia de ideas, enfoques flexibles e interdisciplinarios, as\u00ed como a la creatividad y a la innovaci\u00f3n.<\/em><em>\u00a0<\/em><\/li>\n<\/ul>\n<p style=\"font-weight: 400;\"><strong><em>\u00a0<\/em><\/strong><\/p>\n<p style=\"font-weight: 400;\"><strong>Toluca, M\u00e9xico, 15 de junio de 2021. <\/strong>Para que las universidades superen los retos actuales y aseguren su vigencia deber\u00e1n convertirse en organizaciones que estudien cuidadosamente la realidad y atiendan oportunamente las nuevas necesidades y expectativas de la sociedad, asegur\u00f3 el director general de Planeaci\u00f3n y Desarrollo de la Asociaci\u00f3n Nacional de Universidades e Instituciones de Educaci\u00f3n Superior (ANUIES), Jos\u00e9 Aguirre V\u00e1zquez, en la Universidad Aut\u00f3noma del Estado de M\u00e9xico.<\/p>\n<p style=\"font-weight: 400;\">Al dictar la conferencia magistral \u00abPresente y futuro de la educaci\u00f3n superior en M\u00e9xico\u201d, enfatiz\u00f3 que las instituciones de educaci\u00f3n superior deben modificar sus modelos educativos y transitar hacia la aceptaci\u00f3n de la r\u00e1pida obsolescencia de ideas, enfoques flexibles e interdisciplinarios, as\u00ed como a la creatividad y a la innovaci\u00f3n.<\/p>\n<p style=\"font-weight: 400;\">Tambi\u00e9n, dijo, es fundamental ofrecer una oferta educativa para atender problemas emergentes. \u201cLas organizaciones que tienen baja capacidad de actuaci\u00f3n y limitada flexibilidad, sin duda, experimentar\u00e1n mayores dificultades que aquellas que se ajustan paulatinamente al cambio\u201d.<\/p>\n<p style=\"font-weight: 400;\">En el marco de los trabajos para la integraci\u00f3n del Plan Rector de Desarrollo Institucional 2021-2025 y del Plan General de Desarrollo 2021-2033, asever\u00f3 que las universidades tienen la necesidad de migrar de un enfoque local a uno global, ya que las instituciones educativas se desenvuelven en ambientes con incertidumbre que inciden en las condiciones y disponibilidad de los recursos para su operaci\u00f3n.<\/p>\n<p style=\"font-weight: 400;\">Expres\u00f3 que, de manera corresponsable, los distintos \u00f3rdenes de gobierno deber\u00e1n actualizar sus pol\u00edticas, estrategias y modelos de financiamiento para apoyar a las instituciones educativas y coordinar esfuerzos para la transformaci\u00f3n social.<\/p>\n<p style=\"font-weight: 400;\">Adem\u00e1s, afirm\u00f3 que la pandemia demostr\u00f3 \u201cla responsabilidad social, la resiliencia y capacidad de la UAEM para adaptarse con rapidez a las nuevas circunstancias y, en poco tiempo, desplegar toda su capacidad para transitar de un modelo predominantemente presencial a otro a distancia\u201d.<\/p>\n<p style=\"font-weight: 400;\">Asimismo, indic\u00f3 que la responsabilidad que han mostrado las universidades durante esta crisis sanitaria es una oportunidad para fortalecer su pertinencia y ampliar su presencia social. La gravedad de la pandemia, finaliz\u00f3 Jos\u00e9 Aguirre V\u00e1zquez, nos ense\u00f1\u00f3 la importancia de tomar decisiones de manera proactiva, responsable y r\u00e1pida.<\/p>\n","protected":false},"excerpt":{"rendered":"<p>\u00a0 El director general de Planeaci\u00f3n y Desarrollo de la ANUIES, Jos\u00e9 Aguirre V\u00e1zquez, dict\u00f3 la conferencia magistral \u00abPresente y futuro de la educaci\u00f3n superior en M\u00e9xico\u201d, en la Universidad Aut\u00f3noma del Estado de M\u00e9xico.\u00a0 Enfatiz\u00f3 que las instituciones de educaci\u00f3n superior deben modificar sus modelos educativos y transitar hacia la aceptaci\u00f3n de la r\u00e1pida [&hellip;]<\/p>\n","protected":false},"author":3,"featured_media":51071,"comment_status":"open","ping_status":"open","sticky":false,"template":"","format":"standard","meta":{"footnotes":""},"categories":[9148,16],"tags":[23413,23412],"class_list":{"0":"post-51070","1":"post","2":"type-post","3":"status-publish","4":"format-standard","5":"has-post-thumbnail","7":"category-educacion","8":"category-foto","9":"tag-anuies-uaem","10":"tag-llamadl-a-la-educacion-superior"},"wps_subtitle":"","_links":{"self":[{"href":"https:\/\/www.porlalibreedomex.com\/index.php?rest_route=\/wp\/v2\/posts\/51070","targetHints":{"allow":["GET"]}}],"collection":[{"href":"https:\/\/www.porlalibreedomex.com\/index.php?rest_route=\/wp\/v2\/posts"}],"about":[{"href":"https:\/\/www.porlalibreedomex.com\/index.php?rest_route=\/wp\/v2\/types\/post"}],"author":[{"embeddable":true,"href":"https:\/\/www.porlalibreedomex.com\/index.php?rest_route=\/wp\/v2\/users\/3"}],"replies":[{"embeddable":true,"href":"https:\/\/www.porlalibreedomex.com\/index.php?rest_route=%2Fwp%2Fv2%2Fcomments&post=51070"}],"version-history":[{"count":1,"href":"https:\/\/www.porlalibreedomex.com\/index.php?rest_route=\/wp\/v2\/posts\/51070\/revisions"}],"predecessor-version":[{"id":51072,"href":"https:\/\/www.porlalibreedomex.com\/index.php?rest_route=\/wp\/v2\/posts\/51070\/revisions\/51072"}],"wp:featuredmedia":[{"embeddable":true,"href":"https:\/\/www.porlalibreedomex.com\/index.php?rest_route=\/wp\/v2\/media\/51071"}],"wp:attachment":[{"href":"https:\/\/www.porlalibreedomex.com\/index.php?rest_route=%2Fwp%2Fv2%2Fmedia&parent=51070"}],"wp:term":[{"taxonomy":"category","embeddable":true,"href":"https:\/\/www.porlalibreedomex.com\/index.php?rest_route=%2Fwp%2Fv2%2Fcategories&post=51070"},{"taxonomy":"post_tag","embeddable":true,"href":"https:\/\/www.porlalibreedomex.com\/index.php?rest_route=%2Fwp%2Fv2%2Ftags&post=51070"}],"curies":[{"name":"wp","href":"https:\/\/api.w.org\/{rel}","templated":true}]}}