{"id":50920,"date":"2021-06-08T01:15:13","date_gmt":"2021-06-08T06:15:13","guid":{"rendered":"https:\/\/www.porlalibreedomex.com\/?p=50920"},"modified":"2021-06-09T01:16:04","modified_gmt":"2021-06-09T06:16:04","slug":"exhorta-consejo-de-salud-del-edomex-a-la-poblacion-a-continuar-las-medidas-preventivas-ante-covid-19","status":"publish","type":"post","link":"https:\/\/www.porlalibreedomex.com\/?p=50920","title":{"rendered":"EXHORTA CONSEJO DE SALUD DEL EDOM\u00c9X A LA POBLACI\u00d3N A CONTINUAR LAS MEDIDAS PREVENTIVAS ANTE COVID-19"},"content":{"rendered":"<ul>\n<li><em><strong>Reconocimiento p\u00fablico a todo el personal de las diversas instituciones que perdieron la vida a consecuencia de la pandemia.<\/strong><\/em><\/li>\n<li><em><strong>Llaman a no bajar la guardia y reafirma su compromiso para atender a quienes resulten afectados por el nuevo coronavirus.<\/strong><\/em><\/li>\n<\/ul>\n<p>&nbsp;<\/p>\n<p><strong>Toluca, Estado de M\u00e9xico, 8 de junio de 2021.<\/strong> El sector salud del Estado de M\u00e9xico dio muestra de una importante fortaleza ante el COVID-19, basada en el profesionalismo, compromiso y vocaci\u00f3n de servicio del personal m\u00e9dico, de enfermer\u00eda y de apoyo, que desde el inicio de la pandemia dio lo mejor de s\u00ed para luchar contra esta nueva enfermedad.<\/p>\n<p>En el marco de la Sesi\u00f3n Ordinaria LXXIX del Consejo de Salud del Estado de M\u00e9xico, el Secretario de Salud, Francisco Javier Fern\u00e1ndez Clamont, exhort\u00f3 a la poblaci\u00f3n a continuar con las medidas sanitarias preventivas, pues si bien la entidad est\u00e1 en sem\u00e1foro verde, ha disminuido el ritmo de contagio del virus SARS-CoV-2 y se avanza en la vacunaci\u00f3n, es momento de no bajar la guardia ante el nuevo coronavirus.<\/p>\n<p><a href=\"https:\/\/www.porlalibreedomex.com\/wp-content\/uploads\/2021\/06\/No-se-puede-decir-que-el-COVID-ya-no-represente-un-riesgo-por-lo-que-se-debe-serguir-con-las-medidas-preventivas.jpeg\"><img loading=\"lazy\" decoding=\"async\" class=\"aligncenter size-full wp-image-50922\" src=\"https:\/\/www.porlalibreedomex.com\/wp-content\/uploads\/2021\/06\/No-se-puede-decir-que-el-COVID-ya-no-represente-un-riesgo-por-lo-que-se-debe-serguir-con-las-medidas-preventivas.jpeg\" alt=\"\" width=\"1280\" height=\"575\" srcset=\"https:\/\/www.porlalibreedomex.com\/wp-content\/uploads\/2021\/06\/No-se-puede-decir-que-el-COVID-ya-no-represente-un-riesgo-por-lo-que-se-debe-serguir-con-las-medidas-preventivas.jpeg 1280w, https:\/\/www.porlalibreedomex.com\/wp-content\/uploads\/2021\/06\/No-se-puede-decir-que-el-COVID-ya-no-represente-un-riesgo-por-lo-que-se-debe-serguir-con-las-medidas-preventivas-300x135.jpeg 300w, https:\/\/www.porlalibreedomex.com\/wp-content\/uploads\/2021\/06\/No-se-puede-decir-que-el-COVID-ya-no-represente-un-riesgo-por-lo-que-se-debe-serguir-con-las-medidas-preventivas-1024x460.jpeg 1024w, https:\/\/www.porlalibreedomex.com\/wp-content\/uploads\/2021\/06\/No-se-puede-decir-que-el-COVID-ya-no-represente-un-riesgo-por-lo-que-se-debe-serguir-con-las-medidas-preventivas-768x345.jpeg 768w\" sizes=\"auto, (max-width: 1280px) 100vw, 1280px\" \/><\/a><\/p>\n<p>El tambi\u00e9n Director General del Instituto de Salud del Estado de M\u00e9xico (ISEM) y Presidente del Consejo, detall\u00f3 que la Estrategia Nacional de Vacunaci\u00f3n contra COVID-19 se desarrolla con \u00e9xito en la entidad y hasta el momento, se han aplicado m\u00e1s de 5 millones de dosis de los diversos biol\u00f3gicos que han beneficiado a 3.4 millones de mexiquenses.<\/p>\n<p>En la sesi\u00f3n, en la que participaron los representantes de las diversas instituciones de salud federales y estatales, el Instituto de Seguridad Social del Estado de M\u00e9xico y Municipios (ISSEMYM) y el \u00d3rgano de Operaci\u00f3n Administrativa Desconcentrada Regional Estado de M\u00e9xico Poniente del Instituto Mexicano del Seguro Social (IMSS), dieron a conocer sus estrategias para enfrentar el reto de la pandemia y expresaron su reconocimiento a las y los trabajadores que perdieron la vida en el cumplimiento de su deber.<\/p>\n<p>Explicaron que para hacer frente a esta nueva enfermedad, se realiz\u00f3 la conversi\u00f3n de unidades hospitalarias, adecuando espacios y aplicando medidas sanitarias para el desarrollo del trabajo del personal de primera l\u00ednea de atenci\u00f3n, as\u00ed como ajustes administrativos y en materia de prestaciones sociales, que permitieron a sus derechohabientes y trabajadores reducir el riesgo de contagio.<\/p>\n<figure id=\"attachment_50923\" aria-describedby=\"caption-attachment-50923\" style=\"width: 1280px\" class=\"wp-caption aligncenter\"><a href=\"https:\/\/www.porlalibreedomex.com\/wp-content\/uploads\/2021\/06\/Representantes-de-las-diversas-instituciones-hicieron-un-reconocimiento-a-todo-el-personal-medico-que-ha-perdido-la-vida-contagiado-popr-COVID2021-06-08-at-3.44.50-PM.jpeg\"><img loading=\"lazy\" decoding=\"async\" class=\"size-full wp-image-50923\" src=\"https:\/\/www.porlalibreedomex.com\/wp-content\/uploads\/2021\/06\/Representantes-de-las-diversas-instituciones-hicieron-un-reconocimiento-a-todo-el-personal-medico-que-ha-perdido-la-vida-contagiado-popr-COVID2021-06-08-at-3.44.50-PM.jpeg\" alt=\"\" width=\"1280\" height=\"853\" srcset=\"https:\/\/www.porlalibreedomex.com\/wp-content\/uploads\/2021\/06\/Representantes-de-las-diversas-instituciones-hicieron-un-reconocimiento-a-todo-el-personal-medico-que-ha-perdido-la-vida-contagiado-popr-COVID2021-06-08-at-3.44.50-PM.jpeg 1280w, https:\/\/www.porlalibreedomex.com\/wp-content\/uploads\/2021\/06\/Representantes-de-las-diversas-instituciones-hicieron-un-reconocimiento-a-todo-el-personal-medico-que-ha-perdido-la-vida-contagiado-popr-COVID2021-06-08-at-3.44.50-PM-300x200.jpeg 300w, https:\/\/www.porlalibreedomex.com\/wp-content\/uploads\/2021\/06\/Representantes-de-las-diversas-instituciones-hicieron-un-reconocimiento-a-todo-el-personal-medico-que-ha-perdido-la-vida-contagiado-popr-COVID2021-06-08-at-3.44.50-PM-1024x682.jpeg 1024w, https:\/\/www.porlalibreedomex.com\/wp-content\/uploads\/2021\/06\/Representantes-de-las-diversas-instituciones-hicieron-un-reconocimiento-a-todo-el-personal-medico-que-ha-perdido-la-vida-contagiado-popr-COVID2021-06-08-at-3.44.50-PM-768x512.jpeg 768w\" sizes=\"auto, (max-width: 1280px) 100vw, 1280px\" \/><\/a><figcaption id=\"caption-attachment-50923\" class=\"wp-caption-text\">Todas las Instituciones de Salud est\u00e1n representadas en el Consejo.<\/figcaption><\/figure>\n<p>Los integrantes del Consejo de Salud reiteraron que a\u00fan queda camino por recorrer e hicieron un llamado a la poblaci\u00f3n mexiquense para apoyar con su participaci\u00f3n responsable, pues el sector sigue atento para mantener la atenci\u00f3n a pacientes COVID y con otros padecimientos.<\/p>\n<p>En dicha sesi\u00f3n ordinaria se cont\u00f3 con la presencia de Bianca Vargas Escamilla, Directora de Salud Materna y Perinatal del Centro Nacional de Equidad de G\u00e9nero y Salud Reproductiva (CNEGSR) de la Secretar\u00eda de Salud federal; Samuel Guti\u00e9rrez Mac\u00edas, Coordinador general de Protecci\u00f3n Civil del Estado de M\u00e9xico, y Salvador L\u00f3pez Rodr\u00edguez, Director de la Facultad de Medicina de la Universidad Aut\u00f3noma del Estado de M\u00e9xico (UAEM).<\/p>\n<p>Tambi\u00e9n asistieron Bertha Alicia Casado Medina, Directora general del ISSEMYM, Miranda Aguilar Patraca, representante del IMSS en la zona poniente de la entidad, as\u00ed como autoridades de las secretar\u00edas de Educaci\u00f3n, General de Gobierno, Medio Ambiente y Salud; del Sistema para el Desarrollo Integral de la Familia del Estado de M\u00e9xico (DIFEM), del Instituto de Seguridad y Servicios Sociales de los Trabajadores del Estado (ISSSTE), as\u00ed como del Consejo Estatal de Poblaci\u00f3n (COESPO).<\/p>\n","protected":false},"excerpt":{"rendered":"<p>Reconocimiento p\u00fablico a todo el personal de las diversas instituciones que perdieron la vida a consecuencia de la pandemia. Llaman a no bajar la guardia y reafirma su compromiso para atender a quienes resulten afectados por el nuevo coronavirus. &nbsp; Toluca, Estado de M\u00e9xico, 8 de junio de 2021. El sector salud del Estado de [&hellip;]<\/p>\n","protected":false},"author":3,"featured_media":50921,"comment_status":"open","ping_status":"open","sticky":false,"template":"","format":"standard","meta":{"footnotes":""},"categories":[9157,16,9209],"tags":[13839,23350,23352,23353,23351],"class_list":{"0":"post-50920","1":"post","2":"type-post","3":"status-publish","4":"format-standard","5":"has-post-thumbnail","7":"category-edomex","8":"category-foto","9":"category-salud","10":"tag-bertha-alicia-casado-medina","11":"tag-consejo-de-salud-edomex","12":"tag-conservar-precaucion-ante-covid","13":"tag-homenaje-a-victimas-del-covid","14":"tag-miranda-aguilar-patraca-imss"},"wps_subtitle":"","_links":{"self":[{"href":"https:\/\/www.porlalibreedomex.com\/index.php?rest_route=\/wp\/v2\/posts\/50920","targetHints":{"allow":["GET"]}}],"collection":[{"href":"https:\/\/www.porlalibreedomex.com\/index.php?rest_route=\/wp\/v2\/posts"}],"about":[{"href":"https:\/\/www.porlalibreedomex.com\/index.php?rest_route=\/wp\/v2\/types\/post"}],"author":[{"embeddable":true,"href":"https:\/\/www.porlalibreedomex.com\/index.php?rest_route=\/wp\/v2\/users\/3"}],"replies":[{"embeddable":true,"href":"https:\/\/www.porlalibreedomex.com\/index.php?rest_route=%2Fwp%2Fv2%2Fcomments&post=50920"}],"version-history":[{"count":1,"href":"https:\/\/www.porlalibreedomex.com\/index.php?rest_route=\/wp\/v2\/posts\/50920\/revisions"}],"predecessor-version":[{"id":50924,"href":"https:\/\/www.porlalibreedomex.com\/index.php?rest_route=\/wp\/v2\/posts\/50920\/revisions\/50924"}],"wp:featuredmedia":[{"embeddable":true,"href":"https:\/\/www.porlalibreedomex.com\/index.php?rest_route=\/wp\/v2\/media\/50921"}],"wp:attachment":[{"href":"https:\/\/www.porlalibreedomex.com\/index.php?rest_route=%2Fwp%2Fv2%2Fmedia&parent=50920"}],"wp:term":[{"taxonomy":"category","embeddable":true,"href":"https:\/\/www.porlalibreedomex.com\/index.php?rest_route=%2Fwp%2Fv2%2Fcategories&post=50920"},{"taxonomy":"post_tag","embeddable":true,"href":"https:\/\/www.porlalibreedomex.com\/index.php?rest_route=%2Fwp%2Fv2%2Ftags&post=50920"}],"curies":[{"name":"wp","href":"https:\/\/api.w.org\/{rel}","templated":true}]}}