{"id":50392,"date":"2021-05-20T03:12:16","date_gmt":"2021-05-20T08:12:16","guid":{"rendered":"https:\/\/www.porlalibreedomex.com\/?p=50392"},"modified":"2021-05-21T03:12:39","modified_gmt":"2021-05-21T08:12:39","slug":"maullidos-urbanos-tamaulipas-conflicto-preelectoral","status":"publish","type":"post","link":"https:\/\/www.porlalibreedomex.com\/?p=50392","title":{"rendered":"Maullidos Urbanos \/ Tamaulipas, conflicto preelectoral"},"content":{"rendered":"<p>&nbsp;<\/p>\n<p><strong>Gato de Barrio<\/strong><\/p>\n<p><strong><i><a href=\"mailto:gatodebarrio@yahoo.com.mx\" target=\"_blank\" rel=\"nofollow noopener\">gatodebarrio@yahoo.com.mx<\/a><\/i><i><\/i><\/strong><\/p>\n<p>&nbsp;<\/p>\n<p>En el caso de la persecuci\u00f3n del panista Francisco Garc\u00eda Cabeza de Vaca, gobernador de Tamaulipas, sobre quien ya pesa una orden de aprehensi\u00f3n, no es solamente un presunto intento de justicia sino<strong> es todo un montaje desarrollado por el gobierno federal con el prop\u00f3sito de sacar el m\u00e1ximo beneficio en su favor en la actual temporada electoral.<\/strong><\/p>\n<p>Muy probablemente el mandatario estatal no es una blanca palomita y sea responsable de los cargos de lavado de dinero y delincuencia organizada, pero no es motivo suficiente para que desde el presidente de la rep\u00fablica, pasando por la Unidad de Inteligencia Financiera, los coordinadores legislativos de Morena hasta la Fiscal\u00eda General de la Rep\u00fablica, se involucren en todo un tinglado para quedar bien ante el electorado y buscar \u201cexhibir\u201d a la oposici\u00f3n.<\/p>\n<p>Sin importar que Garc\u00eda Cabeza de Vaca no podr\u00eda ser detenido debido al criterio establecido por un ministro de la Suprema Corte, para no aplicar el desafuero ordenado por la C\u00e1mara de Diputados, ya que el congreso local tamaulipeco no lo aval\u00f3, la FGR logr\u00f3 que un juez emitiera la orden, aunque de acuerdo con abogados a\u00fan podr\u00eda solicitar un amparo y obtener una fianza para impedir su aprehensi\u00f3n.<\/p>\n<p>Pero ya con esa orden intervinieron otras autoridades para \u201ccolaborar\u201d en el caso, como la Unidad de Inteligencia Financiera, quien orden\u00f3 congelar doce cuentas de personas f\u00edsicas y 25 de personas jur\u00eddicas vinculadas a Garc\u00eda Cabeza de Vaca, bajo el argumento de ser investigadas para \u201cpara determinar si de la red de Francisco G. o del gobierno de Tamaulipas se financiaron de forma il\u00edcita campa\u00f1as electorales\u201d.<\/p>\n<p>Tambi\u00e9n colabor\u00f3 el Instituto Nacional de Migraci\u00f3n al emitir una alerta para verificar, registrar e informar a la FGR sobre los presuntos ingresos y salidas del pa\u00eds, v\u00eda a\u00e9rea, mar\u00edtima o terrestre, del gobernador, con el fin de lograr su aprehensi\u00f3n.<\/p>\n<p>En fin, aunque desde hace dos a\u00f1os el actual gobierno federal pudo haber iniciado el proceso legal en contra de Garc\u00eda Cabeza de Vaca, esper\u00f3 el momento m\u00e1s oportuno para actuar, considerando que es el actual, a menos de tres semanas de las elecciones.<\/p>\n<p>No se puede asegurar que el gobierno federal podr\u00e1 detener y encarcelar al gobernador, ya que tambi\u00e9n \u00e9l, su legislatura, el PAN as\u00ed como sus colaboradores y seguidores responder\u00e1n a estas agresiones. Lo que s\u00ed es seguro es que este asunto ser\u00e1 un nuevo punto de conflicto pol\u00edtico cuyas consecuencias no pueden anticiparse pero no habr\u00e1 una r\u00e1pida ni f\u00e1cil soluci\u00f3n.<\/p>\n","protected":false},"excerpt":{"rendered":"<p>&nbsp; Gato de Barrio gatodebarrio@yahoo.com.mx &nbsp; En el caso de la persecuci\u00f3n del panista Francisco Garc\u00eda Cabeza de Vaca, gobernador de Tamaulipas, sobre quien ya pesa una orden de aprehensi\u00f3n, no es solamente un presunto intento de justicia sino es todo un montaje desarrollado por el gobierno federal con el prop\u00f3sito de sacar el m\u00e1ximo [&hellip;]<\/p>\n","protected":false},"author":3,"featured_media":50393,"comment_status":"open","ping_status":"open","sticky":false,"template":"","format":"standard","meta":{"footnotes":""},"categories":[23,16],"tags":[23114,23113,3383,23112],"class_list":{"0":"post-50392","1":"post","2":"type-post","3":"status-publish","4":"format-standard","5":"has-post-thumbnail","7":"category-columna","8":"category-foto","9":"tag-fines-electoreros-de-persecucion","10":"tag-francisco-garcia-cabeza-de-vaca","11":"tag-lopez-obrador","12":"tag-todo-el-aparato-contra-gobernador"},"wps_subtitle":"","_links":{"self":[{"href":"https:\/\/www.porlalibreedomex.com\/index.php?rest_route=\/wp\/v2\/posts\/50392","targetHints":{"allow":["GET"]}}],"collection":[{"href":"https:\/\/www.porlalibreedomex.com\/index.php?rest_route=\/wp\/v2\/posts"}],"about":[{"href":"https:\/\/www.porlalibreedomex.com\/index.php?rest_route=\/wp\/v2\/types\/post"}],"author":[{"embeddable":true,"href":"https:\/\/www.porlalibreedomex.com\/index.php?rest_route=\/wp\/v2\/users\/3"}],"replies":[{"embeddable":true,"href":"https:\/\/www.porlalibreedomex.com\/index.php?rest_route=%2Fwp%2Fv2%2Fcomments&post=50392"}],"version-history":[{"count":1,"href":"https:\/\/www.porlalibreedomex.com\/index.php?rest_route=\/wp\/v2\/posts\/50392\/revisions"}],"predecessor-version":[{"id":50395,"href":"https:\/\/www.porlalibreedomex.com\/index.php?rest_route=\/wp\/v2\/posts\/50392\/revisions\/50395"}],"wp:featuredmedia":[{"embeddable":true,"href":"https:\/\/www.porlalibreedomex.com\/index.php?rest_route=\/wp\/v2\/media\/50393"}],"wp:attachment":[{"href":"https:\/\/www.porlalibreedomex.com\/index.php?rest_route=%2Fwp%2Fv2%2Fmedia&parent=50392"}],"wp:term":[{"taxonomy":"category","embeddable":true,"href":"https:\/\/www.porlalibreedomex.com\/index.php?rest_route=%2Fwp%2Fv2%2Fcategories&post=50392"},{"taxonomy":"post_tag","embeddable":true,"href":"https:\/\/www.porlalibreedomex.com\/index.php?rest_route=%2Fwp%2Fv2%2Ftags&post=50392"}],"curies":[{"name":"wp","href":"https:\/\/api.w.org\/{rel}","templated":true}]}}