{"id":50364,"date":"2021-05-20T14:35:23","date_gmt":"2021-05-20T19:35:23","guid":{"rendered":"https:\/\/www.porlalibreedomex.com\/?p=50364"},"modified":"2021-05-20T14:37:57","modified_gmt":"2021-05-20T19:37:57","slug":"amplian-a-hoy-jueves-y-manana-viernes-la-vacunacion-contra-covid-para-personal-educativo-de-edomex","status":"publish","type":"post","link":"https:\/\/www.porlalibreedomex.com\/?p=50364","title":{"rendered":"AMPL\u00cdAN A HOY JUEVES Y MA\u00d1ANA VIERNES, LA VACUNACI\u00d3N CONTRA COVID PARA PERSONAL EDUCATIVO DE EDOM\u00c9X"},"content":{"rendered":"<ul>\n<li>\n<h3><strong>Podr\u00e1n acudir los trabajadores de la educaci\u00f3n de cualquiera de las 13 regiones.<\/strong><\/h3>\n<\/li>\n<li>\n<h3><strong>Reiteran autoridades que la vacuna es gratuita, segura y est\u00e1 garantizada.<\/strong><\/h3>\n<\/li>\n<\/ul>\n<h3><strong>\u00a0<\/strong><\/h3>\n<p><strong>Toluca, Estado de M\u00e9xico, 20 de mayo de 2021.<\/strong> La estrategia conjunta para vacunar al personal educativo de escuelas p\u00fablicas y privadas del Estado de M\u00e9xico avanza de manera favorable, a la fecha, m\u00e1s de 311 mil trabajadores de la educaci\u00f3n en la entidad han sido inmunizados contra COVID-19.<\/p>\n<p>El pasado 19 de mayo concluy\u00f3 formalmente el programa de vacunaci\u00f3n a este sector, sin embargo, para apoyar a maestras y maestros que por diversas razones no pudieron acudir a aplicarse el biol\u00f3gico, autoridades de los gobiernos de M\u00e9xico y del Estado de M\u00e9xico dieron a conocer que mantendr\u00e1n abiertos dos m\u00f3dulos regionales hasta el viernes 21 de mayo; uno en el Valle de M\u00e9xico y otro en el Valle de Toluca.<\/p>\n<p>En estas sedes, localizadas en el Centro de Convenciones y Exposiciones de Toluca (Boulevard Miguel Alem\u00e1n Vald\u00e9s, n\u00famero 175, San Pedro Totoltepec, en la capital mexiquense) y el Tecnol\u00f3gico de Estudios Superiores de Ecatepec (Avenida Tecnol\u00f3gico s\/n, 55210, Valle de An\u00e1huac), puede acudir el \u00a0personal educativo de cualquiera de las 13 regiones que no ha sido vacunado.<\/p>\n<p>Para agilizar el proceso se encuentra abierta la plataforma del sitio electr\u00f3nico http:\/\/miges.edugem.gob.mx\/vacunacion\/ a trav\u00e9s de la cual, con la Clave \u00danica de Registro de Poblaci\u00f3n -CURP- y la Clave del Centro de Trabajo -CCT-, se registran para obtener los formatos requeridos, as\u00ed como un c\u00f3digo QR que facilita el acceso y salida del m\u00f3dulo.<\/p>\n<p>Quienes no han podido realizar su registro deben enviar un correo electr\u00f3nico a vacunacionedomex@edugem.gob.mx para dar seguimiento a su caso.<\/p>\n<p>Es importante destacar que en apego al Plan Nacional de Vacunaci\u00f3n, para todo el personal educativo del Estado de M\u00e9xico est\u00e1 garantizada la aplicaci\u00f3n del biol\u00f3gico de CanSino, el cual es gratuito, seguro y su esquema requiere de una sola aplicaci\u00f3n.<\/p>\n<p>Se recomienda a todos los asistentes llegar desayunados o comidos, en caso de estar en tratamiento por alguna enfermedad, tomar puntualmente sus medicamentos, y acatar las medidas preventivas como son: uso obligatorio de cubrebocas y\/o goggles o careta, lavado de manos, uso de gel antibacterial y respetar la sana distancia.<\/p>\n","protected":false},"excerpt":{"rendered":"<p>Podr\u00e1n acudir los trabajadores de la educaci\u00f3n de cualquiera de las 13 regiones. Reiteran autoridades que la vacuna es gratuita, segura y est\u00e1 garantizada. \u00a0 Toluca, Estado de M\u00e9xico, 20 de mayo de 2021. La estrategia conjunta para vacunar al personal educativo de escuelas p\u00fablicas y privadas del Estado de M\u00e9xico avanza de manera favorable, [&hellip;]<\/p>\n","protected":false},"author":3,"featured_media":49527,"comment_status":"open","ping_status":"open","sticky":false,"template":"","format":"standard","meta":{"footnotes":""},"categories":[16,9150,9209],"tags":[],"class_list":{"0":"post-50364","1":"post","2":"type-post","3":"status-publish","4":"format-standard","5":"has-post-thumbnail","7":"category-foto","8":"category-politica","9":"category-salud"},"wps_subtitle":"INFORMA LA SECRETAR\u00cdA DE SALUD DEL ESTADO DE M\u00c9XICO QUE PERMANECER\u00c1N ABIERTOS LOS M\u00d3DULOS REGIONALES","_links":{"self":[{"href":"https:\/\/www.porlalibreedomex.com\/index.php?rest_route=\/wp\/v2\/posts\/50364","targetHints":{"allow":["GET"]}}],"collection":[{"href":"https:\/\/www.porlalibreedomex.com\/index.php?rest_route=\/wp\/v2\/posts"}],"about":[{"href":"https:\/\/www.porlalibreedomex.com\/index.php?rest_route=\/wp\/v2\/types\/post"}],"author":[{"embeddable":true,"href":"https:\/\/www.porlalibreedomex.com\/index.php?rest_route=\/wp\/v2\/users\/3"}],"replies":[{"embeddable":true,"href":"https:\/\/www.porlalibreedomex.com\/index.php?rest_route=%2Fwp%2Fv2%2Fcomments&post=50364"}],"version-history":[{"count":1,"href":"https:\/\/www.porlalibreedomex.com\/index.php?rest_route=\/wp\/v2\/posts\/50364\/revisions"}],"predecessor-version":[{"id":50365,"href":"https:\/\/www.porlalibreedomex.com\/index.php?rest_route=\/wp\/v2\/posts\/50364\/revisions\/50365"}],"wp:featuredmedia":[{"embeddable":true,"href":"https:\/\/www.porlalibreedomex.com\/index.php?rest_route=\/wp\/v2\/media\/49527"}],"wp:attachment":[{"href":"https:\/\/www.porlalibreedomex.com\/index.php?rest_route=%2Fwp%2Fv2%2Fmedia&parent=50364"}],"wp:term":[{"taxonomy":"category","embeddable":true,"href":"https:\/\/www.porlalibreedomex.com\/index.php?rest_route=%2Fwp%2Fv2%2Fcategories&post=50364"},{"taxonomy":"post_tag","embeddable":true,"href":"https:\/\/www.porlalibreedomex.com\/index.php?rest_route=%2Fwp%2Fv2%2Ftags&post=50364"}],"curies":[{"name":"wp","href":"https:\/\/api.w.org\/{rel}","templated":true}]}}