{"id":50361,"date":"2021-05-19T02:57:07","date_gmt":"2021-05-19T07:57:07","guid":{"rendered":"https:\/\/www.porlalibreedomex.com\/?p=50361"},"modified":"2021-05-20T02:57:40","modified_gmt":"2021-05-20T07:57:40","slug":"maullidos-urbanos-aumenta-la-pobreza-laboral","status":"publish","type":"post","link":"https:\/\/www.porlalibreedomex.com\/?p=50361","title":{"rendered":"Maullidos Urbanos \/ Aumenta la pobreza laboral"},"content":{"rendered":"<p>&nbsp;<\/p>\n<p><strong>Gato de Barrio<\/strong><\/p>\n<p align=\"right\"><strong><i><a href=\"mailto:gatodebarrio@yahoo.com.mx\" target=\"_blank\" rel=\"nofollow noopener\">gatodebarrio@yahoo.com.mx<\/a><\/i><i><\/i><\/strong><\/p>\n<p><strong>E<\/strong>n su conferencia de prensa ma\u00f1anera el presidente Andr\u00e9s Manuel L\u00f3pez Obrador aseguro que a pesar de no haberse superado la pandemia por covid-19, las condiciones econ\u00f3micas nacionales van por buen camino: se calcula un crecimiento de entre 5% y 6%, se generan empleos, llega inversi\u00f3n extranjera, no hay devaluaci\u00f3n.<\/p>\n<p>Sin embargo la terca realidad no arroja otras condiciones. Aunque se lograra el crecimiento del PIB del 6%, no se superar\u00eda la ca\u00edda registrada en el 2020, que fue del 8.5%. Es decir, la econom\u00eda tendr\u00eda m\u00e1s de dos puntos porcentuales de diferencia negativa, por lo que para llegar al menos los \u00edndices anteriores a la pandemia se deber crecer m\u00e1s el pr\u00f3ximo a\u00f1o.<\/p>\n<p>Pero tambi\u00e9n existe otro \u00edndice nada positivo: el Consejo Nacional de Evaluaci\u00f3n de la Pol\u00edtica de Desarrollo Social (Coneval)\u00b8 inform\u00f3 que la pobreza laboral aument\u00f3 3.8% a nivel nacional, al incrementarse de 35.6% a 39.4%, entre el primer trimestre de 2020 y el primer trimestre 2021.<\/p>\n<p>\u00bfEn qu\u00e9 consiste la pobreza laboral? Es el porcentaje de la poblaci\u00f3n con un ingreso laboral inferior al valor de la canasta alimentaria, es decir que el salario percibido resulta insuficiente para adquirir los suficiente art\u00edculos para poder comer digna y lo necesario para nutrirse y no pasar hambre.<\/p>\n<p>Para explicar el incremento anual de la pobreza laboral se deben considerar, entre otros factores, la disminuci\u00f3n anual de 4.8% en el ingreso laboral real y el aumento de las l\u00edneas de pobreza extrema por ingresos, es decir el valor monetario de la canasta alimentaria, de 3.7% en zonas urbanas y de 4.0% en las rurales.<\/p>\n<p>De esta forma la pobreza laboral aument\u00f3 en 26 de las 32 entidades federativas, donde destacan la Ciudad de M\u00e9xico con un incremento de 14.9%, Quintana Roo con 10.1% y Baja California Sur con 8.3%.<\/p>\n<p>La disminuci\u00f3n del ingreso laboral real promedio se concentra en el primer y segundo quintil de ingreso, con reducciones del 40.8% y 11.5%, respectivamente, mientras en el 20.0% de la poblaci\u00f3n con mayores ingresos (quinto quintil) la baja es de 1.5%. Por ello aument\u00f3 la desigualdad del ingreso laboral.<\/p>\n<p>Entonces las frases de optimismo generadas desde Palacio Nacional quedan huecas, cuando a las personas en condici\u00f3n cr\u00edtica les resulta dif\u00edcil poder adquirir alimentos b\u00e1sicos cuando su ingreso econ\u00f3mico no le es suficiente.<\/p>\n","protected":false},"excerpt":{"rendered":"<p>&nbsp; Gato de Barrio gatodebarrio@yahoo.com.mx En su conferencia de prensa ma\u00f1anera el presidente Andr\u00e9s Manuel L\u00f3pez Obrador aseguro que a pesar de no haberse superado la pandemia por covid-19, las condiciones econ\u00f3micas nacionales van por buen camino: se calcula un crecimiento de entre 5% y 6%, se generan empleos, llega inversi\u00f3n extranjera, no hay devaluaci\u00f3n. [&hellip;]<\/p>\n","protected":false},"author":3,"featured_media":50362,"comment_status":"open","ping_status":"open","sticky":false,"template":"","format":"standard","meta":{"footnotes":""},"categories":[23,16],"tags":[23095,3383,11389],"class_list":{"0":"post-50361","1":"post","2":"type-post","3":"status-publish","4":"format-standard","5":"has-post-thumbnail","7":"category-columna","8":"category-foto","9":"tag-aumenta-la-pobreza-laboral","10":"tag-lopez-obrador","11":"tag-maullidos-urbanos"},"wps_subtitle":"","_links":{"self":[{"href":"https:\/\/www.porlalibreedomex.com\/index.php?rest_route=\/wp\/v2\/posts\/50361","targetHints":{"allow":["GET"]}}],"collection":[{"href":"https:\/\/www.porlalibreedomex.com\/index.php?rest_route=\/wp\/v2\/posts"}],"about":[{"href":"https:\/\/www.porlalibreedomex.com\/index.php?rest_route=\/wp\/v2\/types\/post"}],"author":[{"embeddable":true,"href":"https:\/\/www.porlalibreedomex.com\/index.php?rest_route=\/wp\/v2\/users\/3"}],"replies":[{"embeddable":true,"href":"https:\/\/www.porlalibreedomex.com\/index.php?rest_route=%2Fwp%2Fv2%2Fcomments&post=50361"}],"version-history":[{"count":1,"href":"https:\/\/www.porlalibreedomex.com\/index.php?rest_route=\/wp\/v2\/posts\/50361\/revisions"}],"predecessor-version":[{"id":50363,"href":"https:\/\/www.porlalibreedomex.com\/index.php?rest_route=\/wp\/v2\/posts\/50361\/revisions\/50363"}],"wp:featuredmedia":[{"embeddable":true,"href":"https:\/\/www.porlalibreedomex.com\/index.php?rest_route=\/wp\/v2\/media\/50362"}],"wp:attachment":[{"href":"https:\/\/www.porlalibreedomex.com\/index.php?rest_route=%2Fwp%2Fv2%2Fmedia&parent=50361"}],"wp:term":[{"taxonomy":"category","embeddable":true,"href":"https:\/\/www.porlalibreedomex.com\/index.php?rest_route=%2Fwp%2Fv2%2Fcategories&post=50361"},{"taxonomy":"post_tag","embeddable":true,"href":"https:\/\/www.porlalibreedomex.com\/index.php?rest_route=%2Fwp%2Fv2%2Ftags&post=50361"}],"curies":[{"name":"wp","href":"https:\/\/api.w.org\/{rel}","templated":true}]}}