{"id":50346,"date":"2021-05-19T02:14:15","date_gmt":"2021-05-19T07:14:15","guid":{"rendered":"https:\/\/www.porlalibreedomex.com\/?p=50346"},"modified":"2021-05-20T02:15:07","modified_gmt":"2021-05-20T07:15:07","slug":"cero-tolerancia-a-la-violencia-de-genero-en-la-uaem-expresa-el-rector-carlos-barrera","status":"publish","type":"post","link":"https:\/\/www.porlalibreedomex.com\/?p=50346","title":{"rendered":"CERO TOLERANCIA A LA VIOLENCIA DE G\u00c9NERO EN LA UAEM, EXPRESA EL RECTOR CARLOS BARRERA"},"content":{"rendered":"<p style=\"font-weight: 400;\"><strong>\u00a0<\/strong><\/p>\n<ul style=\"font-weight: 400;\">\n<li><strong><em>Subray\u00f3 que la Aut\u00f3noma mexiquense trabaja con todas las instancias para resolver de forma expedita los casos de violencia denunciados por la comunidad universitaria.<\/em><em>\u00a0<\/em><\/strong><\/li>\n<li><strong><em>Consider\u00f3 fundamental fortalecer el trabajo de coordinaci\u00f3n con los tres \u00e1mbitos de gobierno, as\u00ed como con la organizaci\u00f3n de la sociedad civil, para erradicar la violencia de g\u00e9nero y construir una vida libre de violencia.<\/em><em>\u00a0<\/em><\/strong><\/li>\n<\/ul>\n<p style=\"font-weight: 400;\"><strong><em>\u00a0<\/em><\/strong><\/p>\n<p style=\"font-weight: 400;\"><strong>Toluca, M\u00e9xico, 19 de mayo de 2021. <\/strong>Bajo la premisa de cero tolerancia, la Universidad Aut\u00f3noma del Estado de M\u00e9xico est\u00e1 determinada a solucionar todos los casos de violencia de g\u00e9nero, sostuvo el rector Carlos Eduardo Barrera D\u00edaz, al presidir la Instalaci\u00f3n del Consejo Consultivo Universitario para la Igualdad de G\u00e9nero y la Erradicaci\u00f3n de la Violencia.<\/p>\n<p style=\"font-weight: 400;\">En la Sala \u201cLic. Benito Ju\u00e1rez Garc\u00eda\u201d del Edificio de Rector\u00eda, donde tom\u00f3 protesta a las y los integrantes de dicho consejo -conformado por especialistas e integrantes de la administraci\u00f3n central-, subray\u00f3 que la UAEM trabaja con todas las instancias para resolver de forma expedita los casos de violencia denunciados por la comunidad universitaria.<\/p>\n<p style=\"font-weight: 400;\">Acompa\u00f1ado por el secretario de Rector\u00eda, Marco Aurelio Cienfuegos Terr\u00f3n, enfatiz\u00f3 que es fundamental fortalecer el trabajo de coordinaci\u00f3n con los tres \u00e1mbitos de gobierno, as\u00ed como con la organizaci\u00f3n de la sociedad civil, para erradicar la violencia de g\u00e9nero y construir una vida libre de violencia.<\/p>\n<p style=\"font-weight: 400;\">Ante la titular de la Defensor\u00eda de los Derechos Universitarios, Mar\u00eda Jos\u00e9 Bern\u00e1ldez Aguilar, destac\u00f3 que la instalaci\u00f3n de este consejo demuestra que la instituci\u00f3n est\u00e1 llamada a \u201cutilizar el conocimiento cient\u00edfico, human\u00edstico y art\u00edstico como gu\u00eda e instrumento de pacificaci\u00f3n\u201d.<\/p>\n<p><a href=\"https:\/\/www.porlalibreedomex.com\/wp-content\/uploads\/2021\/05\/El-Rector-Carlos-Barrera-muestra-el-documento-de-creacion-del-Consejo-Consultivo-de-la-Equidad-de-Genero-y-no-Violencia..jpeg\"><img loading=\"lazy\" decoding=\"async\" class=\"aligncenter size-full wp-image-50348\" src=\"https:\/\/www.porlalibreedomex.com\/wp-content\/uploads\/2021\/05\/El-Rector-Carlos-Barrera-muestra-el-documento-de-creacion-del-Consejo-Consultivo-de-la-Equidad-de-Genero-y-no-Violencia..jpeg\" alt=\"\" width=\"853\" height=\"1280\" srcset=\"https:\/\/www.porlalibreedomex.com\/wp-content\/uploads\/2021\/05\/El-Rector-Carlos-Barrera-muestra-el-documento-de-creacion-del-Consejo-Consultivo-de-la-Equidad-de-Genero-y-no-Violencia..jpeg 853w, https:\/\/www.porlalibreedomex.com\/wp-content\/uploads\/2021\/05\/El-Rector-Carlos-Barrera-muestra-el-documento-de-creacion-del-Consejo-Consultivo-de-la-Equidad-de-Genero-y-no-Violencia.-200x300.jpeg 200w, https:\/\/www.porlalibreedomex.com\/wp-content\/uploads\/2021\/05\/El-Rector-Carlos-Barrera-muestra-el-documento-de-creacion-del-Consejo-Consultivo-de-la-Equidad-de-Genero-y-no-Violencia.-682x1024.jpeg 682w, https:\/\/www.porlalibreedomex.com\/wp-content\/uploads\/2021\/05\/El-Rector-Carlos-Barrera-muestra-el-documento-de-creacion-del-Consejo-Consultivo-de-la-Equidad-de-Genero-y-no-Violencia.-768x1152.jpeg 768w\" sizes=\"auto, (max-width: 853px) 100vw, 853px\" \/><\/a><\/p>\n<p style=\"font-weight: 400;\"><strong>Carlos Eduardo Barrera D\u00edaz expuso que es necesario materializar la propuesta de impartir una asignatura obligatoria en la que se promueva la equidad de g\u00e9nero y modelos de vida sanos y pac\u00edficos.<\/strong><\/p>\n<p style=\"font-weight: 400;\">Por su parte, la titular de la Coordinaci\u00f3n Institucional de Equidad de G\u00e9nero (CIEG), Roc\u00edo \u00c1lvarez Miranda, manifest\u00f3 que las instituciones de educaci\u00f3n superior han avanzado en materia de g\u00e9nero, al institucionalizar normas y reglamentos internos, as\u00ed como con la integraci\u00f3n de la perspectiva de g\u00e9nero.<\/p>\n<p><a href=\"https:\/\/www.porlalibreedomex.com\/wp-content\/uploads\/2021\/05\/Propuso-el-Rector-materializar-la-propuesta-de-una-asignatura-obligatoria-que-promueva-la-equidad-de-genero-y-modelos-de-vida-sanos-y-pacificos..jpeg\"><img loading=\"lazy\" decoding=\"async\" class=\"aligncenter size-full wp-image-50349\" src=\"https:\/\/www.porlalibreedomex.com\/wp-content\/uploads\/2021\/05\/Propuso-el-Rector-materializar-la-propuesta-de-una-asignatura-obligatoria-que-promueva-la-equidad-de-genero-y-modelos-de-vida-sanos-y-pacificos..jpeg\" alt=\"\" width=\"1280\" height=\"853\" srcset=\"https:\/\/www.porlalibreedomex.com\/wp-content\/uploads\/2021\/05\/Propuso-el-Rector-materializar-la-propuesta-de-una-asignatura-obligatoria-que-promueva-la-equidad-de-genero-y-modelos-de-vida-sanos-y-pacificos..jpeg 1280w, https:\/\/www.porlalibreedomex.com\/wp-content\/uploads\/2021\/05\/Propuso-el-Rector-materializar-la-propuesta-de-una-asignatura-obligatoria-que-promueva-la-equidad-de-genero-y-modelos-de-vida-sanos-y-pacificos.-300x200.jpeg 300w, https:\/\/www.porlalibreedomex.com\/wp-content\/uploads\/2021\/05\/Propuso-el-Rector-materializar-la-propuesta-de-una-asignatura-obligatoria-que-promueva-la-equidad-de-genero-y-modelos-de-vida-sanos-y-pacificos.-1024x682.jpeg 1024w, https:\/\/www.porlalibreedomex.com\/wp-content\/uploads\/2021\/05\/Propuso-el-Rector-materializar-la-propuesta-de-una-asignatura-obligatoria-que-promueva-la-equidad-de-genero-y-modelos-de-vida-sanos-y-pacificos.-768x512.jpeg 768w\" sizes=\"auto, (max-width: 1280px) 100vw, 1280px\" \/><\/a><\/p>\n<p style=\"font-weight: 400;\">Se pronunci\u00f3 por aprender de los conflictos sociales que ocurren dentro de las universidades, rescatar la capacidad de interlocuci\u00f3n, de escucha asertiva y la participaci\u00f3n activa en la resoluci\u00f3n de problemas.<\/p>\n<p style=\"font-weight: 400;\">En tanto, la Abogada General, Luz Mar\u00eda Consuelo Jaimes Legorreta, detall\u00f3 que la UAEM ha tenido importantes avances en materia de g\u00e9nero como la creaci\u00f3n de la CIEG, la instauraci\u00f3n de la Direcci\u00f3n de Responsabilidad Universitaria y la implementaci\u00f3n del Protocolo para Prevenir, Atender y Sancionar la Violencia de G\u00e9nero.<\/p>\n","protected":false},"excerpt":{"rendered":"<p>\u00a0 Subray\u00f3 que la Aut\u00f3noma mexiquense trabaja con todas las instancias para resolver de forma expedita los casos de violencia denunciados por la comunidad universitaria.\u00a0 Consider\u00f3 fundamental fortalecer el trabajo de coordinaci\u00f3n con los tres \u00e1mbitos de gobierno, as\u00ed como con la organizaci\u00f3n de la sociedad civil, para erradicar la violencia de g\u00e9nero y construir [&hellip;]<\/p>\n","protected":false},"author":3,"featured_media":50347,"comment_status":"open","ping_status":"open","sticky":false,"template":"","format":"standard","meta":{"footnotes":""},"categories":[9148,16],"tags":[23089,23090,23021],"class_list":{"0":"post-50346","1":"post","2":"type-post","3":"status-publish","4":"format-standard","5":"has-post-thumbnail","7":"category-educacion","8":"category-foto","9":"tag-consejo-consultivo-universitario","10":"tag-igualdad-de-genero-y-erradicacion-de-la-violencia","11":"tag-rector-carlos-barrera-diaz"},"wps_subtitle":"Presidi\u00f3 la Instalaci\u00f3n del Consejo Consultivo Universitario para la Igualdad de G\u00e9nero y Erradicaci\u00f3n de la Violencia","_links":{"self":[{"href":"https:\/\/www.porlalibreedomex.com\/index.php?rest_route=\/wp\/v2\/posts\/50346","targetHints":{"allow":["GET"]}}],"collection":[{"href":"https:\/\/www.porlalibreedomex.com\/index.php?rest_route=\/wp\/v2\/posts"}],"about":[{"href":"https:\/\/www.porlalibreedomex.com\/index.php?rest_route=\/wp\/v2\/types\/post"}],"author":[{"embeddable":true,"href":"https:\/\/www.porlalibreedomex.com\/index.php?rest_route=\/wp\/v2\/users\/3"}],"replies":[{"embeddable":true,"href":"https:\/\/www.porlalibreedomex.com\/index.php?rest_route=%2Fwp%2Fv2%2Fcomments&post=50346"}],"version-history":[{"count":2,"href":"https:\/\/www.porlalibreedomex.com\/index.php?rest_route=\/wp\/v2\/posts\/50346\/revisions"}],"predecessor-version":[{"id":50351,"href":"https:\/\/www.porlalibreedomex.com\/index.php?rest_route=\/wp\/v2\/posts\/50346\/revisions\/50351"}],"wp:featuredmedia":[{"embeddable":true,"href":"https:\/\/www.porlalibreedomex.com\/index.php?rest_route=\/wp\/v2\/media\/50347"}],"wp:attachment":[{"href":"https:\/\/www.porlalibreedomex.com\/index.php?rest_route=%2Fwp%2Fv2%2Fmedia&parent=50346"}],"wp:term":[{"taxonomy":"category","embeddable":true,"href":"https:\/\/www.porlalibreedomex.com\/index.php?rest_route=%2Fwp%2Fv2%2Fcategories&post=50346"},{"taxonomy":"post_tag","embeddable":true,"href":"https:\/\/www.porlalibreedomex.com\/index.php?rest_route=%2Fwp%2Fv2%2Ftags&post=50346"}],"curies":[{"name":"wp","href":"https:\/\/api.w.org\/{rel}","templated":true}]}}