{"id":50197,"date":"2021-05-14T04:22:08","date_gmt":"2021-05-14T09:22:08","guid":{"rendered":"https:\/\/www.porlalibreedomex.com\/?p=50197"},"modified":"2021-05-15T05:06:42","modified_gmt":"2021-05-15T10:06:42","slug":"se-cumplio-un-ciclo-mas-99len-la-uaem-rinde-protesta-carlos-barrera-como-nuevo-rector","status":"publish","type":"post","link":"https:\/\/www.porlalibreedomex.com\/?p=50197","title":{"rendered":"SE CUMPLI\u00d3 UN CICLO M\u00c1S  EN LA UAEM; RINDE PROTESTA CARLOS BARRERA COMO NUEVO RECTOR"},"content":{"rendered":"<p>&nbsp;<\/p>\n<ul>\n<li><strong><em>El H. Consejo Universitario le otorg\u00f3 al Dr. Carlos barrera 93 votos a favor, y hubo cinco abstenciones.<\/em><\/strong><\/li>\n<li><strong><em>Hizo un llamado respetuoso a los tres poderes de la entidad para, en un marco permanente de di\u00e1logo y respeto mutuo, consolidar a la m\u00e1xima casa de estudios mexiquense como \u201cuna gran universidad\u201d.\u00a0<\/em><\/strong><\/li>\n<li><strong><em>Rindi\u00f3 protesta y present\u00f3 ante los medios de comunicaci\u00f3n a su equipo de trabajo, que por primera vez en la historia de la instituci\u00f3n, incluye m\u00e1s mujeres que hombres.<\/em><\/strong><\/li>\n<li><strong><em>Inform\u00f3 que en el marco de la pol\u00edtica de austeridad que impulsar\u00e1 durante su gesti\u00f3n, desaparecen las secretar\u00edas de Cooperaci\u00f3n Internacional y de Cultura F\u00edsica y Deporte.\u00a0<\/em><\/strong><\/li>\n<\/ul>\n<p><strong><em>\u00a0<\/em><\/strong><\/p>\n<p><strong>Toluca, M\u00e9xico, 14 de mayo de 2021. <\/strong>Por mayor\u00eda, el\u00a0 Consejo Universitario que es la m\u00e1xima autoridad de la Universidad Aut\u00f3noma del Estado de M\u00e9xico,UAEM, eligi\u00f3 como rector para el periodo 2021-2025 al Doctor en Ciencias e Ingenier\u00eda Ambiental, Carlos Eduardo Barrera D\u00edaz, por<\/p>\n<p>En el Aula Magna del Edificio de Rector\u00eda, donde se llev\u00f3 a cabo la votaci\u00f3n, con la que concluy\u00f3 la elecci\u00f3n de rector para este periodo, Barrera D\u00edaz hizo un llamado respetuoso a los tres poderes de la entidad para, en un marco permanente de di\u00e1logo y respeto mutuo, consolidar a la m\u00e1xima casa de estudios mexiquense como \u201cuna gran universidad\u201d.<\/p>\n<p><a href=\"https:\/\/www.porlalibreedomex.com\/wp-content\/uploads\/2021\/05\/UAEM.-Alfredo-Barrera-Baca-entrega-la-Rectoria-a-Carlos-Barrera..jpeg\"><img loading=\"lazy\" decoding=\"async\" class=\"aligncenter size-full wp-image-50203\" src=\"https:\/\/www.porlalibreedomex.com\/wp-content\/uploads\/2021\/05\/UAEM.-Alfredo-Barrera-Baca-entrega-la-Rectoria-a-Carlos-Barrera..jpeg\" alt=\"\" width=\"1076\" height=\"812\" srcset=\"https:\/\/www.porlalibreedomex.com\/wp-content\/uploads\/2021\/05\/UAEM.-Alfredo-Barrera-Baca-entrega-la-Rectoria-a-Carlos-Barrera..jpeg 1076w, https:\/\/www.porlalibreedomex.com\/wp-content\/uploads\/2021\/05\/UAEM.-Alfredo-Barrera-Baca-entrega-la-Rectoria-a-Carlos-Barrera.-300x226.jpeg 300w, https:\/\/www.porlalibreedomex.com\/wp-content\/uploads\/2021\/05\/UAEM.-Alfredo-Barrera-Baca-entrega-la-Rectoria-a-Carlos-Barrera.-1024x773.jpeg 1024w, https:\/\/www.porlalibreedomex.com\/wp-content\/uploads\/2021\/05\/UAEM.-Alfredo-Barrera-Baca-entrega-la-Rectoria-a-Carlos-Barrera.-768x580.jpeg 768w\" sizes=\"auto, (max-width: 1076px) 100vw, 1076px\" \/><\/a><\/p>\n<p>En su primer mensaje dirigido al H. Consejo Universitario y a la comunidad de la instituci\u00f3n, convoc\u00f3 a los y las estudiantes, as\u00ed como personal acad\u00e9mico y administrativo, a construir una nueva historia. \u201cLos errores que se han cometido en el pasado deber\u00e1n ser corregidos, pero no deber\u00e1n ser pretexto para quedarnos ah\u00ed\u201d, dijo.<\/p>\n<p>Expres\u00f3 que durante la Administraci\u00f3n 2021-2025 ser\u00e1 fundamental ratificar la identidad y el compromiso de la instituci\u00f3n con la sociedad. \u201cDebemos avanzar sustancialmente en la equidad de g\u00e9nero, ser la casa de la pluralidad, acreditar nuestro prestigio e incidir en materia de desarrollo sostenible\u201d, asever\u00f3.<\/p>\n<p>Se pronunci\u00f3 por establecer un di\u00e1logo franco y abierto, basado en el respeto, la tolerancia y la justicia para construir una universidad s\u00f3lida, pertinente, \u00edntegra e inclusiva.<\/p>\n<p><strong>Carlos Eduardo Barrera D\u00edaz rindi\u00f3 protesta y present\u00f3 ante los medios de comunicaci\u00f3n a su equipo de trabajo, que por primera vez en la historia de la instituci\u00f3n est\u00e1 conformado por m\u00e1s mujeres que hombres: en la Secretar\u00eda de Docencia, Yolanda Eugenia Ballesteros Sent\u00edes; en la de Investigaci\u00f3n y Estudios Avanzados, Martha Patricia Zarza Delgado; en la de Difusi\u00f3n Cultural, Mar\u00eda de las Mercedes Portilla Luja, y en la de Extensi\u00f3n y Vinculaci\u00f3n, Francisco Zepeda Mondrag\u00f3n.<\/strong><\/p>\n<p><a href=\"https:\/\/www.porlalibreedomex.com\/wp-content\/uploads\/2021\/05\/El-Rector-saliente-impone-Toga-Birrete-y-Venera-al-nuevo-Rector-de-la-UIAEM-Carlos-Eduardo-Barrera-Diaz..jpeg\"><img loading=\"lazy\" decoding=\"async\" class=\"aligncenter size-full wp-image-50204\" src=\"https:\/\/www.porlalibreedomex.com\/wp-content\/uploads\/2021\/05\/El-Rector-saliente-impone-Toga-Birrete-y-Venera-al-nuevo-Rector-de-la-UIAEM-Carlos-Eduardo-Barrera-Diaz..jpeg\" alt=\"\" width=\"1024\" height=\"683\" srcset=\"https:\/\/www.porlalibreedomex.com\/wp-content\/uploads\/2021\/05\/El-Rector-saliente-impone-Toga-Birrete-y-Venera-al-nuevo-Rector-de-la-UIAEM-Carlos-Eduardo-Barrera-Diaz..jpeg 1024w, https:\/\/www.porlalibreedomex.com\/wp-content\/uploads\/2021\/05\/El-Rector-saliente-impone-Toga-Birrete-y-Venera-al-nuevo-Rector-de-la-UIAEM-Carlos-Eduardo-Barrera-Diaz.-300x200.jpeg 300w, https:\/\/www.porlalibreedomex.com\/wp-content\/uploads\/2021\/05\/El-Rector-saliente-impone-Toga-Birrete-y-Venera-al-nuevo-Rector-de-la-UIAEM-Carlos-Eduardo-Barrera-Diaz.-768x512.jpeg 768w\" sizes=\"auto, (max-width: 1024px) 100vw, 1024px\" \/><\/a><\/p>\n<p>Asimismo, en la Secretar\u00eda de Rector\u00eda, Marco Aurelio Cienfuegos Terr\u00f3n; en la de Administraci\u00f3n, Er\u00e9ndira Fierro Moreno; en la de Finanzas, Octavio Cris\u00f3foro Bernal Ramos, y en la de Planeaci\u00f3n y Desarrollo Institucional, Raymundo Marcial Romero.<\/p>\n<p>En la Secretar\u00eda T\u00e9cnica, Luis Ra\u00fal Ortiz Ram\u00edrez; en la Oficina de la Abogada General, Luz Mar\u00eda Consuelo Jaimes Legorreta; en la Direcci\u00f3n general de Comunicaci\u00f3n Universitaria, Ginarely Valencia Alc\u00e1ntara; en la Direcci\u00f3n General de Centros Universitarios y Unidades Acad\u00e9micas Profesionales, Sandra Ch\u00e1vez Mar\u00edn, y en la Direcci\u00f3n General de Evaluaci\u00f3n y Control de la Gesti\u00f3n Universitaria, Jorge Rogelio Zenteno Dom\u00ednguez.<\/p>\n<p>Carlos Eduardo Barrera D\u00edaz inform\u00f3 que en el marco de la pol\u00edtica de austeridad que impulsar\u00e1 durante su gesti\u00f3n, se suprimieron las secretar\u00edas de Cooperaci\u00f3n Internacional, que ser\u00e1 integrada a las de Docencia e Investigaci\u00f3n y Estudios Avanzados, y de Cultura F\u00edsica y Deporte, que se reintegrar\u00e1 a la Secretar\u00eda de Rector\u00eda.<\/p>\n<p>De esta manera, destac\u00f3, se tendr\u00e1 una estructura m\u00e1s delgada y cercana a los universitarios, \u201cque nos permitir\u00e1 ahorrar recursos para destinarlos a los estudiantes con mayores necesidades\u201d SE CUMPLI\u00d3<\/p>\n","protected":false},"excerpt":{"rendered":"<p>&nbsp; El H. Consejo Universitario le otorg\u00f3 al Dr. Carlos barrera 93 votos a favor, y hubo cinco abstenciones. Hizo un llamado respetuoso a los tres poderes de la entidad para, en un marco permanente de di\u00e1logo y respeto mutuo, consolidar a la m\u00e1xima casa de estudios mexiquense como \u201cuna gran universidad\u201d.\u00a0 Rindi\u00f3 protesta y [&hellip;]<\/p>\n","protected":false},"author":3,"featured_media":50202,"comment_status":"open","ping_status":"open","sticky":false,"template":"","format":"standard","meta":{"footnotes":""},"categories":[16,9150],"tags":[23023,23021,23022],"class_list":{"0":"post-50197","1":"post","2":"type-post","3":"status-publish","4":"format-standard","5":"has-post-thumbnail","7":"category-foto","8":"category-politica","9":"tag-alfredo-barrera","10":"tag-rector-carlos-barrera-diaz","11":"tag-uaem-nuevo-rector"},"wps_subtitle":"","_links":{"self":[{"href":"https:\/\/www.porlalibreedomex.com\/index.php?rest_route=\/wp\/v2\/posts\/50197","targetHints":{"allow":["GET"]}}],"collection":[{"href":"https:\/\/www.porlalibreedomex.com\/index.php?rest_route=\/wp\/v2\/posts"}],"about":[{"href":"https:\/\/www.porlalibreedomex.com\/index.php?rest_route=\/wp\/v2\/types\/post"}],"author":[{"embeddable":true,"href":"https:\/\/www.porlalibreedomex.com\/index.php?rest_route=\/wp\/v2\/users\/3"}],"replies":[{"embeddable":true,"href":"https:\/\/www.porlalibreedomex.com\/index.php?rest_route=%2Fwp%2Fv2%2Fcomments&post=50197"}],"version-history":[{"count":3,"href":"https:\/\/www.porlalibreedomex.com\/index.php?rest_route=\/wp\/v2\/posts\/50197\/revisions"}],"predecessor-version":[{"id":50205,"href":"https:\/\/www.porlalibreedomex.com\/index.php?rest_route=\/wp\/v2\/posts\/50197\/revisions\/50205"}],"wp:featuredmedia":[{"embeddable":true,"href":"https:\/\/www.porlalibreedomex.com\/index.php?rest_route=\/wp\/v2\/media\/50202"}],"wp:attachment":[{"href":"https:\/\/www.porlalibreedomex.com\/index.php?rest_route=%2Fwp%2Fv2%2Fmedia&parent=50197"}],"wp:term":[{"taxonomy":"category","embeddable":true,"href":"https:\/\/www.porlalibreedomex.com\/index.php?rest_route=%2Fwp%2Fv2%2Fcategories&post=50197"},{"taxonomy":"post_tag","embeddable":true,"href":"https:\/\/www.porlalibreedomex.com\/index.php?rest_route=%2Fwp%2Fv2%2Ftags&post=50197"}],"curies":[{"name":"wp","href":"https:\/\/api.w.org\/{rel}","templated":true}]}}