{"id":49943,"date":"2021-05-04T02:02:33","date_gmt":"2021-05-04T07:02:33","guid":{"rendered":"https:\/\/www.porlalibreedomex.com\/?p=49943"},"modified":"2021-05-05T02:03:10","modified_gmt":"2021-05-05T07:03:10","slug":"maullidos-urbanos-aumenta-la-disidencia-en-morena","status":"publish","type":"post","link":"https:\/\/www.porlalibreedomex.com\/?p=49943","title":{"rendered":"MAULLIDOS URBANOS \/   Aumenta la disidencia en Morena"},"content":{"rendered":"<p>&nbsp;<\/p>\n<p><strong>Gato de Barrio<\/strong><\/p>\n<p align=\"right\"><strong><i><a href=\"mailto:gatodebarrio@yahoo.com.mx\" target=\"_blank\" rel=\"nofollow noopener\">gatodebarrio@yahoo.com.mx<\/a><\/i><i><\/i><\/strong><\/p>\n<p><strong>A<\/strong> Porfirio Mu\u00f1oz Ledo se le puede se\u00f1alar de ser muchas cosas, pero de ninguna forma se le puede rebatir es que siempre expresa lo que siente. Probablemente no se podr\u00e1 estar de acuerdo con \u00e9l, pero siempre ha defendido su punto de vista.<\/p>\n<p>As\u00ed ha sucedido desde que siendo un destacado miembro del PRI, se uni\u00f3 a la Corriente Democr\u00e1tica para despu\u00e9s renunciar e integrar el Frente Democr\u00e1tico Nacional y dar paso a la fundaci\u00f3n del PRD, y proseguir su carrera pol\u00edtica desde la disidencia hasta llegar a Morena.<\/p>\n<p>En el actual partido pol\u00edtico mayoritario result\u00f3 ser una pieza fundamental para la victoria presidencial de Andr\u00e9s Manuel L\u00f3pez Obrador, al grado de que cuando el tabasque\u00f1o asumi\u00f3 el Poder Ejecutivo a Mu\u00f1oz Ledo, como presidente de la mesa directiva de la C\u00e1mara de Diputados, le correspondi\u00f3 el privilegio de colocarle la banda presidencial.<\/p>\n<p>Sin embargo otros morenistas han hecho todo lo posible por marginar al pol\u00edtico de 87 a\u00f1os de edad, cuya aspiraci\u00f3n en estos momentos es ser reelecto como diputado federal, para as\u00ed poner fin a su ya larga trayectoria en el servicio p\u00fablico, pero no fue incluido en las listas del partido para ser considerado para ese proceso, lo cual le molest\u00f3.<\/p>\n<p>Por ello interpuso una controversia ante el Tribunal Electoral del Poder Judicial de la Federaci\u00f3n contra la decisi\u00f3n de Morena de marginarlo, \u201cde una manera artera\u201d, de sus listas de candidatos a la reelecci\u00f3n, bajo el argumento de no haberse inscrito en el respectivo proceso. En la sentencia se estableci\u00f3 que nadie se inscribi\u00f3, incluyendo al propio coordinador de la bancada; por ello, dijo, \u201cya gan\u00e9, no tengo contendiente, ser\u00e9 diputado federal\u201d.<\/p>\n<p>Advirti\u00f3 que si la Comisi\u00f3n partidista, a la que en estos momentos calific\u00f3 de Deshonor e Injusticia, se atreve a desacatar la sentencia, entonces se presentar\u00e1 otro problema mayor, por lo que se tendr\u00e1 que seguir el procedimiento para restablecer su derecho a ser reelecto, \u201cporque en este mundo que vivimos pueden darme palo otra vez, pero no s\u00e9 por d\u00f3nde\u201d.<\/p>\n<p>Lamentablemente Morena se parece cada vez m\u00e1s al a\u00f1ejo PRI, aquel que respond\u00eda las \u00f3rdenes presidenciales sin la menor objeci\u00f3n, pero que tambi\u00e9n impon\u00eda una estricta disciplina partidista donde se sancionaba cualquier tipo de insubordinaci\u00f3n.<\/p>\n<p>\u00bfC\u00f3mo calificar la decisi\u00f3n de no darle a Mu\u00f1oz Ledo la oportunidad de aspirar a la reelecci\u00f3n como diputado federal?, \u00bfacaso no ser\u00eda traici\u00f3n? De ser as\u00ed entonces se faltar\u00eda a uno de sus principios. Recu\u00e9rdese que el lema presidencial y, por lo tanto de Morena, es \u201cno mentir, no robar, no traicionar\u201d. \u00bfEntonces c\u00f3mo considerar esta actitud partidista?<\/p>\n","protected":false},"excerpt":{"rendered":"<p>&nbsp; Gato de Barrio gatodebarrio@yahoo.com.mx A Porfirio Mu\u00f1oz Ledo se le puede se\u00f1alar de ser muchas cosas, pero de ninguna forma se le puede rebatir es que siempre expresa lo que siente. Probablemente no se podr\u00e1 estar de acuerdo con \u00e9l, pero siempre ha defendido su punto de vista. As\u00ed ha sucedido desde que siendo [&hellip;]<\/p>\n","protected":false},"author":3,"featured_media":49944,"comment_status":"open","ping_status":"open","sticky":false,"template":"","format":"standard","meta":{"footnotes":""},"categories":[23,16],"tags":[6315,11389,22892,22891],"class_list":{"0":"post-49943","1":"post","2":"type-post","3":"status-publish","4":"format-standard","5":"has-post-thumbnail","7":"category-columna","8":"category-foto","9":"tag-gato-de-barrio","10":"tag-maullidos-urbanos","11":"tag-morena-se-cuartea","12":"tag-porfirio-munoz-ledo"},"wps_subtitle":"","_links":{"self":[{"href":"https:\/\/www.porlalibreedomex.com\/index.php?rest_route=\/wp\/v2\/posts\/49943","targetHints":{"allow":["GET"]}}],"collection":[{"href":"https:\/\/www.porlalibreedomex.com\/index.php?rest_route=\/wp\/v2\/posts"}],"about":[{"href":"https:\/\/www.porlalibreedomex.com\/index.php?rest_route=\/wp\/v2\/types\/post"}],"author":[{"embeddable":true,"href":"https:\/\/www.porlalibreedomex.com\/index.php?rest_route=\/wp\/v2\/users\/3"}],"replies":[{"embeddable":true,"href":"https:\/\/www.porlalibreedomex.com\/index.php?rest_route=%2Fwp%2Fv2%2Fcomments&post=49943"}],"version-history":[{"count":1,"href":"https:\/\/www.porlalibreedomex.com\/index.php?rest_route=\/wp\/v2\/posts\/49943\/revisions"}],"predecessor-version":[{"id":49945,"href":"https:\/\/www.porlalibreedomex.com\/index.php?rest_route=\/wp\/v2\/posts\/49943\/revisions\/49945"}],"wp:featuredmedia":[{"embeddable":true,"href":"https:\/\/www.porlalibreedomex.com\/index.php?rest_route=\/wp\/v2\/media\/49944"}],"wp:attachment":[{"href":"https:\/\/www.porlalibreedomex.com\/index.php?rest_route=%2Fwp%2Fv2%2Fmedia&parent=49943"}],"wp:term":[{"taxonomy":"category","embeddable":true,"href":"https:\/\/www.porlalibreedomex.com\/index.php?rest_route=%2Fwp%2Fv2%2Fcategories&post=49943"},{"taxonomy":"post_tag","embeddable":true,"href":"https:\/\/www.porlalibreedomex.com\/index.php?rest_route=%2Fwp%2Fv2%2Ftags&post=49943"}],"curies":[{"name":"wp","href":"https:\/\/api.w.org\/{rel}","templated":true}]}}