{"id":49882,"date":"2021-04-30T01:18:47","date_gmt":"2021-04-30T06:18:47","guid":{"rendered":"https:\/\/www.porlalibreedomex.com\/?p=49882"},"modified":"2021-05-03T01:20:01","modified_gmt":"2021-05-03T06:20:01","slug":"ir-unidos-en-coalicion-para-no-tener-proximamente-un-dictador-en-la-presidencia-de-la-republica-alejandra-del-moral","status":"publish","type":"post","link":"https:\/\/www.porlalibreedomex.com\/?p=49882","title":{"rendered":"IR UNIDOS EN COALICI\u00d3N, PARA NO TENER PR\u00d3XIMAMENTE UN DICTADOR EN LA PRESIDENCIA DE LA REP\u00daBLICA: ALEJANDRA DEL MORAL"},"content":{"rendered":"<ul>\n<li><strong>Tenemos un gobierno federal empe\u00f1ado en destruir al pa\u00eds: Cristian<\/strong><br \/>\n<strong>Campuzano, presidente del PRD Edom\u00e9x.<\/strong><\/li>\n<li><strong>M\u00e9xico est\u00e1 en crisis y la caracter\u00edstica principal del gobierno federal es<\/strong><br \/>\n<strong>que no da resultados, Jorge Inzunza, presidente del PAN Edom\u00e9x.<\/strong><\/li>\n<li><strong>\u00a0Arrancan campa\u00f1a los candidatos de la alianza Va por el Estado de<\/strong><br \/>\n<strong>M\u00e9xico encabezados por sus dirigencias estatales.<\/strong><\/li>\n<li><strong>En el primer minuto de este viernes 30 de abril, los candidatos a diputaciones locales y <\/strong><strong>ayuntamientos del Partido Revolucionario Institucional (PRI), y de la coalici\u00f3n Va por el <\/strong><strong>Estado de M\u00e9xico (PRI, PAN y PRD) iniciaron actividades proselitistas rumbo a los <\/strong><strong>comicios del 6 de junio.<\/strong><\/li>\n<li><strong>Del Moral Vela detall\u00f3 que son 73 municipios en los que el Partido Revolucionario<\/strong><br \/>\n<strong>Institucional va en coalici\u00f3n: 31 los encabeza el PRI, 21 Acci\u00f3n Nacional y 21 el Partido <\/strong><strong>de la Revoluci\u00f3n Democr\u00e1tica. En cuanto a distritos locales, la coalici\u00f3n va en alianza en <\/strong><strong>28; 15 los encabeza el PRI, 7 el PAN y 6 el PRD.<\/strong><\/li>\n<\/ul>\n<p>&nbsp;<\/p>\n<p><strong>\u201cHoy iniciamos una campa\u00f1a sin precedentes, la elecci\u00f3n m\u00e1s grande en la historia del<\/strong><br \/>\n<strong>pa\u00eds. Es sentar el precedente del futuro de la democracia mexicana. Los integrantes de<\/strong><br \/>\n<strong>esta coalici\u00f3n queremos estar del lado correcto de la historia. Esta, si no nos ponemos<\/strong><br \/>\n<strong>las pilas, pudiera ser la \u00faltima elecci\u00f3n democr\u00e1tica del pa\u00eds\u201d, destac\u00f3.<\/strong><br \/>\nEn conferencia de prensa conjunta con los dirigentes de los partidos Acci\u00f3n Nacional,<br \/>\nJorge Inzunza, y de la Revoluci\u00f3n Democr\u00e1tica, Cristian Campuzano, Alejandra Del<br \/>\nMoral expuso que Va por el Estado de M\u00e9xico es una coalici\u00f3n que tiene que dar<br \/>\ndirecci\u00f3n, acci\u00f3n y resultados.<br \/>\nPuntualiz\u00f3 que la situaci\u00f3n que vive el pa\u00eds es cr\u00edtica y requiere de acciones puntuales<br \/>\npor parte de la coalici\u00f3n para poder llegar a conquistar la confianza ciudadana.<br \/>\nMencion\u00f3 que \u201cen primer lugar, queremos un gobierno conjunto y coordinado\u201d; en<br \/>\nsegundo lugar, apoyo social para las familias mexiquenses garantizando mejor<br \/>\npresupuesto para los municipios; en tercer lugar, una mejor coordinaci\u00f3n entre<br \/>\nautoridades estatales, municipales y legislativas. En cuarto, apoyar la econom\u00eda y el<br \/>\nautoempleo, y quinto, contar con un programa responsable del manejo de la pandemia.<br \/>\nCristian Campuzano destac\u00f3 que la coalici\u00f3n inicia campa\u00f1as en un ambiente de<br \/>\narmon\u00eda para convocar a la ciudadan\u00eda mexiquense a que escuche las propuestas de los<br \/>\ncandidatos. Asegur\u00f3 que la alianza entre los tres partidos tiene una ruta com\u00fan de<br \/>\ncoincidencias y de manera clara contra la improvisaci\u00f3n en las pol\u00edticas p\u00fablicas y en<br \/>\ncontra de un gobierno federal empe\u00f1ado en destruir al pa\u00eds.<\/p>\n<p><a href=\"https:\/\/www.porlalibreedomex.com\/wp-content\/uploads\/2021\/05\/Con-Raymundo-Martinez-Carbajal-candidato-a-Presidente-Municipal-de-Toluca.-2021-04-30-at-6.57.40-PM.jpeg\"><img loading=\"lazy\" decoding=\"async\" class=\"aligncenter size-full wp-image-49884\" src=\"https:\/\/www.porlalibreedomex.com\/wp-content\/uploads\/2021\/05\/Con-Raymundo-Martinez-Carbajal-candidato-a-Presidente-Municipal-de-Toluca.-2021-04-30-at-6.57.40-PM.jpeg\" alt=\"\" width=\"1024\" height=\"682\" srcset=\"https:\/\/www.porlalibreedomex.com\/wp-content\/uploads\/2021\/05\/Con-Raymundo-Martinez-Carbajal-candidato-a-Presidente-Municipal-de-Toluca.-2021-04-30-at-6.57.40-PM.jpeg 1024w, https:\/\/www.porlalibreedomex.com\/wp-content\/uploads\/2021\/05\/Con-Raymundo-Martinez-Carbajal-candidato-a-Presidente-Municipal-de-Toluca.-2021-04-30-at-6.57.40-PM-300x200.jpeg 300w, https:\/\/www.porlalibreedomex.com\/wp-content\/uploads\/2021\/05\/Con-Raymundo-Martinez-Carbajal-candidato-a-Presidente-Municipal-de-Toluca.-2021-04-30-at-6.57.40-PM-768x512.jpeg 768w\" sizes=\"auto, (max-width: 1024px) 100vw, 1024px\" \/><\/a><br \/>\nJorge Inzunza Armas, indic\u00f3 que M\u00e9xico est\u00e1 en crisis y la caracter\u00edstica principal del<br \/>\ngobierno federal es que no da resultados. Tenemos un l\u00edder nacional que miente para<br \/>\nseguir controlando el poder, agreg\u00f3. Estamos en un esfuerzo donde hacemos a un lado<br \/>\nel inter\u00e9s partidista en aras de lograr el beneficio del Estado de M\u00e9xico, apunt\u00f3. Estamos<br \/>\nen esta lucha para lograr el triunfo en los municipios donde vamos en coalici\u00f3n.<br \/>\nPosteriormente, en la plaza de los M\u00e1rtires de Toluca, acompa\u00f1ada por el dirigente del<br \/>\nPRD, Cristian Campuzano, y del presidente de la Comisi\u00f3n Pol\u00edtica del PAN, Enrique<br \/>\nVargas del Villar, Alejandra Del Moral Vela afirm\u00f3 que \u201ces un d\u00eda hist\u00f3rico porque es un<br \/>\nnuevo comienzo y no hay nada escrito en piedra. Hoy arrancamos en Toluca nuestra<br \/>\nmarcha hacia el triunfo electoral en todo el Estado de M\u00e9xico por el bienestar y la justicia<br \/>\nsocial de los mexiquenses\u201d.<br \/>\n<strong>Ante Raymundo Mart\u00ednez Carbajal, candidato a la presidencia municipal de Toluca y<\/strong><br \/>\n<strong>Paola Jim\u00e9nez, candidata a diputada local, subray\u00f3 que el objetivo es ganar elecciones<\/strong><br \/>\n<strong>para que a la gente le vaya bien, viva bien y tenga paz, estabilidad, progreso,<\/strong><br \/>\n<strong>oportunidades, crecimiento econ\u00f3mico y, sobre todo, respeto a la mujer.<\/strong><br \/>\nEs momento, dijo, de que la coalici\u00f3n Va por el Estado de M\u00e9xico \u201cencabece los sue\u00f1os<br \/>\ny anhelos de la gente de Toluca, siempre atentos y dispuestos a trabajar. Somos la<br \/>\ncoalici\u00f3n que brinda experiencia pero, sobre todo, que brinda paz y oportunidades\u201d,<br \/>\nabund\u00f3.<\/p>\n<p><a href=\"https:\/\/www.porlalibreedomex.com\/wp-content\/uploads\/2021\/05\/En-la-Plaza-Civica-de-Toluca-Raymundo-Martinez-hizo-un-llamado-a-la-ciudadania-a-votar-por-la-Coalicion-el-6-de-junio.-2021-04-30-at-6.57.41-PM.jpeg\"><img loading=\"lazy\" decoding=\"async\" class=\"aligncenter size-full wp-image-49885\" src=\"https:\/\/www.porlalibreedomex.com\/wp-content\/uploads\/2021\/05\/En-la-Plaza-Civica-de-Toluca-Raymundo-Martinez-hizo-un-llamado-a-la-ciudadania-a-votar-por-la-Coalicion-el-6-de-junio.-2021-04-30-at-6.57.41-PM.jpeg\" alt=\"\" width=\"1024\" height=\"682\" srcset=\"https:\/\/www.porlalibreedomex.com\/wp-content\/uploads\/2021\/05\/En-la-Plaza-Civica-de-Toluca-Raymundo-Martinez-hizo-un-llamado-a-la-ciudadania-a-votar-por-la-Coalicion-el-6-de-junio.-2021-04-30-at-6.57.41-PM.jpeg 1024w, https:\/\/www.porlalibreedomex.com\/wp-content\/uploads\/2021\/05\/En-la-Plaza-Civica-de-Toluca-Raymundo-Martinez-hizo-un-llamado-a-la-ciudadania-a-votar-por-la-Coalicion-el-6-de-junio.-2021-04-30-at-6.57.41-PM-300x200.jpeg 300w, https:\/\/www.porlalibreedomex.com\/wp-content\/uploads\/2021\/05\/En-la-Plaza-Civica-de-Toluca-Raymundo-Martinez-hizo-un-llamado-a-la-ciudadania-a-votar-por-la-Coalicion-el-6-de-junio.-2021-04-30-at-6.57.41-PM-768x512.jpeg 768w\" sizes=\"auto, (max-width: 1024px) 100vw, 1024px\" \/><\/a><br \/>\nRaymundo Mart\u00ednez se\u00f1al\u00f3 que \u201cToluca no quiere m\u00e1s aventuras democr\u00e1ticas, no<br \/>\nquiere m\u00e1s enga\u00f1os ni m\u00e1s ocurrencias. Vamos en coalici\u00f3n porque hemos hallado<br \/>\ncoincidencias y porque podemos garantizar paz y estabilidad. Podemos preservar la<br \/>\nunidad y vamos a reconstruir el tejido social\u201d.<br \/>\n<strong>En Metepec, Alejandra Del Moral acompa\u00f1\u00f3 a la candidata a diputada federal, Ana Lilia<\/strong><br \/>\n<strong>Herrera; al diputado local, Alfredo Quiroz y al candidato a presidente municipal de la<\/strong><br \/>\n<strong>coalici\u00f3n Va por el Estado de M\u00e9xico, Fernando Flores, quien asever\u00f3 que hoy el<\/strong><br \/>\n<strong>municipio est\u00e1 secuestrado por un peque\u00f1o grupo que el 6 de junio se va a ir y regresar\u00e1<\/strong><br \/>\n<strong>la dignidad a los metepequenses.<\/strong><br \/>\nLa dirigente estatal adelant\u00f3 que \u201cla se\u00f1ora que cree que nos va a amedrentar se<br \/>\nequivoca porque nosotros nos debemos al partido, la vamos a sacar de la presidencia<br \/>\nmunicipal porque Metepec se merece mucho m\u00e1s\u201d.<br \/>\nM\u00e1s tarde, en Tenancingo, la presidenta Alejandra Del Moral, acompa\u00f1ada por directivos<br \/>\ndel PAN y del PRD, encabez\u00f3 el arranque de campa\u00f1a de H\u00e9ctor Gordillo S\u00e1nchez,<br \/>\ncandidato de la coalici\u00f3n Va por el Estado de M\u00e9xico a la Presidencia Municipal de<br \/>\nTenancingo.<br \/>\nAh\u00ed refiri\u00f3 que la alianza no es solo para ganar elecciones, \u201casumimos porque sabemos<br \/>\nque podemos ser mucho m\u00e1s competitivos pero, sobre todo, que si no lo hacemos de<br \/>\nesa forma, pr\u00f3ximamente vamos a tener un dictador en la presidencia de la Rep\u00fablica\u201d.<br \/>\nGordillo S\u00e1nchez sostuvo que se debe devolver el rostro humano a la administraci\u00f3n<br \/>\np\u00fablica municipal e incorporar a las responsabilidades a personas con arraigo en el<br \/>\nmunicipio.<br \/>\nEn el evento estuvieron presentes Roberto S\u00e1nchez Pompa, candidato a diputado<br \/>\nfederal por el Distrito 35 y Karla Aguilar Talavera, candidata a diputada local por el Distrito<br \/>\n7.<br \/>\nM\u00e1s tarde, Alejandra Del Moral acudi\u00f3 a los municipios de San Felipe del Progreso y<br \/>\nJilotepec para acompa\u00f1ar a los candidatos de la alianza.<\/p>\n","protected":false},"excerpt":{"rendered":"<p>Tenemos un gobierno federal empe\u00f1ado en destruir al pa\u00eds: Cristian Campuzano, presidente del PRD Edom\u00e9x. M\u00e9xico est\u00e1 en crisis y la caracter\u00edstica principal del gobierno federal es que no da resultados, Jorge Inzunza, presidente del PAN Edom\u00e9x. \u00a0Arrancan campa\u00f1a los candidatos de la alianza Va por el Estado de M\u00e9xico encabezados por sus dirigencias estatales. [&hellip;]<\/p>\n","protected":false},"author":3,"featured_media":49883,"comment_status":"open","ping_status":"open","sticky":false,"template":"","format":"standard","meta":{"footnotes":""},"categories":[16,9150],"tags":[8864,22860,22859,22862,22858,22863,22850,305,6630,22861],"class_list":{"0":"post-49882","1":"post","2":"type-post","3":"status-publish","4":"format-standard","5":"has-post-thumbnail","7":"category-foto","8":"category-politica","9":"tag-alejandra-del-moral-vela","10":"tag-alfredo-quiroz","11":"tag-ana-lilia-herrera","12":"tag-candidato-enrique-vargas-del-villar","13":"tag-coalicion-pri-pan-prd-para-salvar-democracia","14":"tag-cristian-campuzano","15":"tag-jorge-insunza","16":"tag-raymundo-martinez-carbajal","17":"tag-roberto-sanchez-pompa","18":"tag-tenancingo-hector-gordillo-sanchez"},"wps_subtitle":"SER\u00c1 UNA ELECCI\u00d3N HIST\u00d3RICA PORQUE NOS JUGAMOS EL FUTURO DE LA DEMOCRACIA, ADVIERTE PRESIDENTA DEL PRI","_links":{"self":[{"href":"https:\/\/www.porlalibreedomex.com\/index.php?rest_route=\/wp\/v2\/posts\/49882","targetHints":{"allow":["GET"]}}],"collection":[{"href":"https:\/\/www.porlalibreedomex.com\/index.php?rest_route=\/wp\/v2\/posts"}],"about":[{"href":"https:\/\/www.porlalibreedomex.com\/index.php?rest_route=\/wp\/v2\/types\/post"}],"author":[{"embeddable":true,"href":"https:\/\/www.porlalibreedomex.com\/index.php?rest_route=\/wp\/v2\/users\/3"}],"replies":[{"embeddable":true,"href":"https:\/\/www.porlalibreedomex.com\/index.php?rest_route=%2Fwp%2Fv2%2Fcomments&post=49882"}],"version-history":[{"count":1,"href":"https:\/\/www.porlalibreedomex.com\/index.php?rest_route=\/wp\/v2\/posts\/49882\/revisions"}],"predecessor-version":[{"id":49886,"href":"https:\/\/www.porlalibreedomex.com\/index.php?rest_route=\/wp\/v2\/posts\/49882\/revisions\/49886"}],"wp:featuredmedia":[{"embeddable":true,"href":"https:\/\/www.porlalibreedomex.com\/index.php?rest_route=\/wp\/v2\/media\/49883"}],"wp:attachment":[{"href":"https:\/\/www.porlalibreedomex.com\/index.php?rest_route=%2Fwp%2Fv2%2Fmedia&parent=49882"}],"wp:term":[{"taxonomy":"category","embeddable":true,"href":"https:\/\/www.porlalibreedomex.com\/index.php?rest_route=%2Fwp%2Fv2%2Fcategories&post=49882"},{"taxonomy":"post_tag","embeddable":true,"href":"https:\/\/www.porlalibreedomex.com\/index.php?rest_route=%2Fwp%2Fv2%2Ftags&post=49882"}],"curies":[{"name":"wp","href":"https:\/\/api.w.org\/{rel}","templated":true}]}}