{"id":49859,"date":"2021-05-01T00:11:22","date_gmt":"2021-05-01T05:11:22","guid":{"rendered":"https:\/\/www.porlalibreedomex.com\/?p=49859"},"modified":"2021-05-02T00:14:12","modified_gmt":"2021-05-02T05:14:12","slug":"la-coalicion-pan-pri-prd-para-recuperar-el-congreso-local-y-federal","status":"publish","type":"post","link":"https:\/\/www.porlalibreedomex.com\/?p=49859","title":{"rendered":"LA COALICI\u00d3N PAN-PRI-PRD, PARA RECUPERAR EL CONGRESO LOCAL Y FEDERAL"},"content":{"rendered":"<p><strong>\u00a0<\/strong><\/p>\n<p><strong>\u00a0<\/strong><\/p>\n<ul>\n<li><strong>Los tres partidos hacen a un lado el intereses particulares para beneficio del Estado de M\u00e9xico y de las y los mexiquenses.<\/strong><\/li>\n<li>\n<h3><strong>La Uni\u00f3n es \u00abpara evitar que el gobierno actual siga destruyendo al pa\u00eds, que se cae en pedazos con Morena.\u00bb<\/strong><\/h3>\n<\/li>\n<li><strong>La coalici\u00f3n, no s\u00f3lo para ganar elecciones sino para dar resultados: Alejandra del Moral.<\/strong><\/li>\n<li><strong>Se debe acabar con la improvisaci\u00f3n de pol\u00edticas p\u00fablicas: Cristian Campuzano Mart\u00ednez.<\/strong><\/li>\n<\/ul>\n<p><strong>\u00a0<\/strong><\/p>\n<h3><strong>Toluca de Lerdo, M\u00e9xico 30 de abril de 2021. <\/strong>M\u00e9xico enfrenta una situaci\u00f3n de emergencia, es un pa\u00eds en el que de 7 a 9 de la ma\u00f1ana es el bla, bla, bla de todos los d\u00edas, pero de las nueve en adelante el pa\u00eds se est\u00e1 cayendo a pedazos. Con una crisis econ\u00f3mica muy fuerte, con la ca\u00edda de la econom\u00eda que va del 8 al 20 por ciento, una crisis de salud terrible con 217 mil muertos oficialmente (250 mil m\u00e1s los 33 mil que indica el INEGI), expres\u00f3 Jorge Inzunza, presidente del PAN en el Estado de M\u00e9xico, durante la conferencia de prensa que ofreci\u00f3 con la presidenta del Partido Revolucionario Institucional (PRI), Alejandra del Moral y el titular del Partido de la Revoluci\u00f3n Democr\u00e1tica, Cristian Campuzano que integran la coalici\u00f3n Va por el Estado de M\u00e9xico.<\/h3>\n<p><a href=\"https:\/\/www.porlalibreedomex.com\/wp-content\/uploads\/2021\/05\/Jorge-Insunza-presidente-del-PAN-en-el-Estado-de-Mexico.jpg\"><img loading=\"lazy\" decoding=\"async\" class=\"aligncenter size-full wp-image-49862\" src=\"https:\/\/www.porlalibreedomex.com\/wp-content\/uploads\/2021\/05\/Jorge-Insunza-presidente-del-PAN-en-el-Estado-de-Mexico.jpg\" alt=\"\" width=\"1024\" height=\"719\" srcset=\"https:\/\/www.porlalibreedomex.com\/wp-content\/uploads\/2021\/05\/Jorge-Insunza-presidente-del-PAN-en-el-Estado-de-Mexico.jpg 1024w, https:\/\/www.porlalibreedomex.com\/wp-content\/uploads\/2021\/05\/Jorge-Insunza-presidente-del-PAN-en-el-Estado-de-Mexico-300x211.jpg 300w, https:\/\/www.porlalibreedomex.com\/wp-content\/uploads\/2021\/05\/Jorge-Insunza-presidente-del-PAN-en-el-Estado-de-Mexico-768x539.jpg 768w, https:\/\/www.porlalibreedomex.com\/wp-content\/uploads\/2021\/05\/Jorge-Insunza-presidente-del-PAN-en-el-Estado-de-Mexico-130x90.jpg 130w\" sizes=\"auto, (max-width: 1024px) 100vw, 1024px\" \/><\/a><\/p>\n<p>&nbsp;<\/p>\n<p>Dijo que el pa\u00eds enfrenta una crisis de inseguridad terrible, adem\u00e1s se enfrenta a los intentos autoritarios y regresivos, lo que llev\u00f3 a integrar la coalici\u00f3n PAN-PRI-PRD para detener a Morena en la destrucci\u00f3n del pa\u00eds y sus instituciones.<\/p>\n<p>Indic\u00f3 que los ataques al Instituto Nacional Electoral, a la Suprema Corte de Justicia y diversas acciones que ha tomado este gobierno con una gran caracter\u00edstica, no hay resultados.<\/p>\n<p>Expres\u00f3 que hay una gran cantidad de mexicanos que siguen este proyecto porque tienen fe en que haya un cambio; sin embargo, el Presidente miente intencionadamente para seguir controlando el poder y esa es la primera acci\u00f3n que nos une PAN-PRI-PRD como mexicanos para recuperar los congresos.<\/p>\n<p><a href=\"https:\/\/www.porlalibreedomex.com\/wp-content\/uploads\/2021\/05\/Enrique-Vargas-del-Villar-alcalde-de-Huixquilucan-con-licencia-y-candidato-a-diputado-local..jpg\"><img loading=\"lazy\" decoding=\"async\" class=\"aligncenter size-full wp-image-49860\" src=\"https:\/\/www.porlalibreedomex.com\/wp-content\/uploads\/2021\/05\/Enrique-Vargas-del-Villar-alcalde-de-Huixquilucan-con-licencia-y-candidato-a-diputado-local..jpg\" alt=\"\" width=\"1024\" height=\"683\" srcset=\"https:\/\/www.porlalibreedomex.com\/wp-content\/uploads\/2021\/05\/Enrique-Vargas-del-Villar-alcalde-de-Huixquilucan-con-licencia-y-candidato-a-diputado-local..jpg 1024w, https:\/\/www.porlalibreedomex.com\/wp-content\/uploads\/2021\/05\/Enrique-Vargas-del-Villar-alcalde-de-Huixquilucan-con-licencia-y-candidato-a-diputado-local.-300x200.jpg 300w, https:\/\/www.porlalibreedomex.com\/wp-content\/uploads\/2021\/05\/Enrique-Vargas-del-Villar-alcalde-de-Huixquilucan-con-licencia-y-candidato-a-diputado-local.-768x512.jpg 768w\" sizes=\"auto, (max-width: 1024px) 100vw, 1024px\" \/><\/a><\/p>\n<p>\u201cEn el Estado de M\u00e9xico estamos haciendo un esfuerzo en el cual hacemos a un lado el inter\u00e9s partidista en aras de lograr el beneficio de nuestro estado. Por eso estamos unidos para llegar al triunfo en los 72 municipios que vamos en coalici\u00f3n y en los 28 distritos\u201d, dijo el l\u00edder del PAN en el Estado de M\u00e9xico.<\/p>\n<p>Por su parte, Enrique Vargas del Villar, presidente de la Comisi\u00f3n Pol\u00edtica del PAN en el Estado de M\u00e9xico, se\u00f1al\u00f3 que en la pr\u00f3xima legislatura de la C\u00e1mara Federal de Disputados Morena no tendr\u00e1 mayor\u00eda. Lo sucedido en el TRIFE, que es de festejarse y reconocerse, \u00a0ya no habr\u00e1 sobre representaci\u00f3n. En el Edomex, Morena tiene 11 diputados que no le correspond\u00edan.<\/p>\n<p>Indic\u00f3 que la gente ya est\u00e1 cansado de los malos gobiernos el federal, estatales y municipales y son los peores calificados.<\/p>\n<p><strong>\u201cMorena ya no va a tener mayor\u00eda en la c\u00e1mara federal y en la local, va a regresar la vida democr\u00e1tica al Estado M\u00e9xico\u201d, concluy\u00f3 Vargas del Villar.<\/strong><\/p>\n<p>Mientras que Alejandra del Moral, presidenta del PRI, enfatiz\u00f3 que la alianza busca acci\u00f3n, direcci\u00f3n, porque los gobiernos municipales de Morena han padecido la inexperiencia y la incapacidad. No han sabido responder a la crisis de salud que vivimos y necesitamos retomar el camino. Esta Coalici\u00f3n va por el Estado de M\u00e9xico para gobernar y representar juntos a los y las mexiquenses. No es una coalici\u00f3n solo para ganar elecciones sino para dar resultados porque tenemos la experiencia, la capacidad y dar acciones ante una situaci\u00f3n cr\u00edtica.<\/p>\n<p>Por su parte, Cristian dijo que el rumbo que lleva el pa\u00eds no es una ruta adecuada y lo que uni\u00f3 al PAN-PRI y PRD fue una ruta com\u00fan, de coincidencias para enfrentar un proceso distinto legislativo y que la improvisaci\u00f3n no siga operando en el ejercicio de las pol\u00edticas p\u00fablicas.<\/p>\n<p>&nbsp;<\/p>\n","protected":false},"excerpt":{"rendered":"<p>\u00a0 \u00a0 Los tres partidos hacen a un lado el intereses particulares para beneficio del Estado de M\u00e9xico y de las y los mexiquenses. La Uni\u00f3n es \u00abpara evitar que el gobierno actual siga destruyendo al pa\u00eds, que se cae en pedazos con Morena.\u00bb La coalici\u00f3n, no s\u00f3lo para ganar elecciones sino para dar resultados: [&hellip;]<\/p>\n","protected":false},"author":3,"featured_media":49861,"comment_status":"open","ping_status":"open","sticky":false,"template":"","format":"standard","meta":{"footnotes":""},"categories":[16,9150],"tags":[22849,22845,22846,8249,22847,22850,22851,22848],"class_list":{"0":"post-49859","1":"post","2":"type-post","3":"status-publish","4":"format-standard","5":"has-post-thumbnail","7":"category-foto","8":"category-politica","9":"tag-alejandra-del-villar","10":"tag-cansada-de-malos-gobiernos","11":"tag-coalicion-pan-pri-prd","12":"tag-enrique-vargas-del-villar","13":"tag-impedir-destruccion-del-pais","14":"tag-jorge-insunza","15":"tag-recuperar-el-pais","16":"tag-tal-vez-ultima-oportunidad-de-votar"},"wps_subtitle":"La gente est\u00e1 ya cansada de los malos gobiernos: Enrique Vargas del Villar.","_links":{"self":[{"href":"https:\/\/www.porlalibreedomex.com\/index.php?rest_route=\/wp\/v2\/posts\/49859","targetHints":{"allow":["GET"]}}],"collection":[{"href":"https:\/\/www.porlalibreedomex.com\/index.php?rest_route=\/wp\/v2\/posts"}],"about":[{"href":"https:\/\/www.porlalibreedomex.com\/index.php?rest_route=\/wp\/v2\/types\/post"}],"author":[{"embeddable":true,"href":"https:\/\/www.porlalibreedomex.com\/index.php?rest_route=\/wp\/v2\/users\/3"}],"replies":[{"embeddable":true,"href":"https:\/\/www.porlalibreedomex.com\/index.php?rest_route=%2Fwp%2Fv2%2Fcomments&post=49859"}],"version-history":[{"count":3,"href":"https:\/\/www.porlalibreedomex.com\/index.php?rest_route=\/wp\/v2\/posts\/49859\/revisions"}],"predecessor-version":[{"id":49865,"href":"https:\/\/www.porlalibreedomex.com\/index.php?rest_route=\/wp\/v2\/posts\/49859\/revisions\/49865"}],"wp:featuredmedia":[{"embeddable":true,"href":"https:\/\/www.porlalibreedomex.com\/index.php?rest_route=\/wp\/v2\/media\/49861"}],"wp:attachment":[{"href":"https:\/\/www.porlalibreedomex.com\/index.php?rest_route=%2Fwp%2Fv2%2Fmedia&parent=49859"}],"wp:term":[{"taxonomy":"category","embeddable":true,"href":"https:\/\/www.porlalibreedomex.com\/index.php?rest_route=%2Fwp%2Fv2%2Fcategories&post=49859"},{"taxonomy":"post_tag","embeddable":true,"href":"https:\/\/www.porlalibreedomex.com\/index.php?rest_route=%2Fwp%2Fv2%2Ftags&post=49859"}],"curies":[{"name":"wp","href":"https:\/\/api.w.org\/{rel}","templated":true}]}}