{"id":49855,"date":"2021-04-30T02:21:12","date_gmt":"2021-04-30T07:21:12","guid":{"rendered":"https:\/\/www.porlalibreedomex.com\/?p=49855"},"modified":"2021-05-01T02:23:50","modified_gmt":"2021-05-01T07:23:50","slug":"incluye-la-uaem-a-instituciones-privadas-en-el-marco-juridico","status":"publish","type":"post","link":"https:\/\/www.porlalibreedomex.com\/?p=49855","title":{"rendered":"INCLUYE LA UAEM A INSTITUCIONES PRIVADAS EN EL MARCO JUR\u00cdDICO"},"content":{"rendered":"<ul>\n<li><strong><em>El Rector Alfredo Barera Baca manifest\u00f3 que las instituciones incorporadas contar\u00e1n con un marco jur\u00eddico acorde a las necesidades actuales, entre ellas atender la violencia de g\u00e9nero.\u00a0\u00a0<\/em><\/strong><\/li>\n<\/ul>\n<p style=\"font-weight: 400;\"><strong>Toluca, M\u00e9xico.-\u00a0 30 de abril de 2021.<\/strong> Para que instituciones incorporadas a la Universidad Aut\u00f3noma del Estado de M\u00e9xico cuenten con un marco jur\u00eddico acorde a las necesidades actuales, entre ellas, que adquieran los mecanismos para prevenir, atender y sancionar la violencia de g\u00e9nero, el H. Consejo Universitario aprob\u00f3 por unanimidad la reforma al Reglamento de Incorporaci\u00f3n de Estudios de la UAEM.<\/p>\n<p style=\"font-weight: 400;\">\u00a0\u00a0\u00a0 Durante la sesi\u00f3n ordinaria correspondiente al mes de abril, el rector Alfredo Barrera Baca sostuvo que las instituciones incorporadas contar\u00e1n con mayor certeza jur\u00eddica y administrativa, al tiempo de modernizar, actualizar y armonizar su marco normativo a las exigencias sociales.<\/p>\n<p style=\"font-weight: 400;\">\u00a0\u00a0\u00a0 Asimismo, la reforma al Reglamento posibilitar\u00e1 a los alumnos de instituciones incorporadas a la UAEM realizar movilidad estudiantil y contar con una oferta de estudios avanzados avalada por la Aut\u00f3noma mexiquense.<\/p>\n<p style=\"font-weight: 400;\">\u00a0\u00a0\u00a0 El pleno del m\u00e1ximo \u00f3rgano colegiado de la instituci\u00f3n aprob\u00f3 el dictamen que rindi\u00f3 la Comisi\u00f3n para el Estudio y Evaluaci\u00f3n del 4to Informe Anual de Actividades de la UAEM, el cual resolvi\u00f3 que las acciones y el desarrollo de actividades informadas muestran un cumplimiento satisfactorio en los proyectos establecidos en el Plan General de Desarrollo 2009-2021, as\u00ed como en el Plan Rector de Desarrollo Institucional 2017-2021.<\/p>\n<p style=\"font-weight: 400;\">\u00a0\u00a0\u00a0 En esta sesi\u00f3n tomaron protesta consejeros alumnos de las Facultades de Antropolog\u00eda, Arquitectura y Dise\u00f1o, Ciencias Pol\u00edticas y Sociales, Enfermer\u00eda y Obstetricia, Medicina y Medicina Veterinaria y Zootecnia, as\u00ed como de los planteles\u00a0 \u201cLic. Adolfo L\u00f3pez Mateos\u201d, \u201cDr. \u00c1ngel Ma. Garibay Kintana\u00bb, \u201cSor Juana In\u00e9s de la Cruz\u201d ,\u00bbTexcoco e \u00bbIsidro Fabela Alfaro\u201d de la Escuela Preparatoria de la UAEM.<\/p>\n<p style=\"font-weight: 400;\">Tambi\u00e9n, tomaron protesta consejeros profesores de Antropolog\u00eda, Arquitectura y Dise\u00f1o, Ciencias Agr\u00edcolas, Ciencias de la Conducta, Derecho, Odontolog\u00eda y el representante de los planteles de la Escuela Preparatoria.<\/p>\n<p style=\"font-weight: 400;\">Finalmente, fue aprobado por el H. Consejo Universitario el Reglamento Interno del \u00d3rgano Interno de Control (OIC) en la Universidad Aut\u00f3noma del Estado de M\u00e9xico, a trav\u00e9s del cual se delimitan las atribuciones\u00a0 y competencias del mismo de conformidad con el Decreto 224, emitido por la LX Legislatura del Estado de M\u00e9xico, as\u00ed como en atenci\u00f3n a lo resuelto por la Suprema Corte de Justicia de la Naci\u00f3n.<\/p>\n<p>&nbsp;<\/p>\n","protected":false},"excerpt":{"rendered":"<p>El Rector Alfredo Barera Baca manifest\u00f3 que las instituciones incorporadas contar\u00e1n con un marco jur\u00eddico acorde a las necesidades actuales, entre ellas atender la violencia de g\u00e9nero.\u00a0\u00a0 Toluca, M\u00e9xico.-\u00a0 30 de abril de 2021. Para que instituciones incorporadas a la Universidad Aut\u00f3noma del Estado de M\u00e9xico cuenten con un marco jur\u00eddico acorde a las necesidades [&hellip;]<\/p>\n","protected":false},"author":3,"featured_media":0,"comment_status":"open","ping_status":"open","sticky":false,"template":"","format":"standard","meta":{"footnotes":""},"categories":[9148,16,9150],"tags":[22843,22842,22844,9070],"class_list":{"0":"post-49855","1":"post","2":"type-post","3":"status-publish","4":"format-standard","6":"category-educacion","7":"category-foto","8":"category-politica","9":"tag-incluye-uaem-a-privadas","10":"tag-involucra-uaem-a-incorporadas","11":"tag-legislacion-universitaria","12":"tag-rector-alfredo-barrera-baca"},"wps_subtitle":"\u00c9nfasis en prevenir, atender y sancionar la violencia de g\u00e9nero","_links":{"self":[{"href":"https:\/\/www.porlalibreedomex.com\/index.php?rest_route=\/wp\/v2\/posts\/49855","targetHints":{"allow":["GET"]}}],"collection":[{"href":"https:\/\/www.porlalibreedomex.com\/index.php?rest_route=\/wp\/v2\/posts"}],"about":[{"href":"https:\/\/www.porlalibreedomex.com\/index.php?rest_route=\/wp\/v2\/types\/post"}],"author":[{"embeddable":true,"href":"https:\/\/www.porlalibreedomex.com\/index.php?rest_route=\/wp\/v2\/users\/3"}],"replies":[{"embeddable":true,"href":"https:\/\/www.porlalibreedomex.com\/index.php?rest_route=%2Fwp%2Fv2%2Fcomments&post=49855"}],"version-history":[{"count":2,"href":"https:\/\/www.porlalibreedomex.com\/index.php?rest_route=\/wp\/v2\/posts\/49855\/revisions"}],"predecessor-version":[{"id":49857,"href":"https:\/\/www.porlalibreedomex.com\/index.php?rest_route=\/wp\/v2\/posts\/49855\/revisions\/49857"}],"wp:attachment":[{"href":"https:\/\/www.porlalibreedomex.com\/index.php?rest_route=%2Fwp%2Fv2%2Fmedia&parent=49855"}],"wp:term":[{"taxonomy":"category","embeddable":true,"href":"https:\/\/www.porlalibreedomex.com\/index.php?rest_route=%2Fwp%2Fv2%2Fcategories&post=49855"},{"taxonomy":"post_tag","embeddable":true,"href":"https:\/\/www.porlalibreedomex.com\/index.php?rest_route=%2Fwp%2Fv2%2Ftags&post=49855"}],"curies":[{"name":"wp","href":"https:\/\/api.w.org\/{rel}","templated":true}]}}