{"id":49849,"date":"2021-04-30T01:56:30","date_gmt":"2021-04-30T06:56:30","guid":{"rendered":"https:\/\/www.porlalibreedomex.com\/?p=49849"},"modified":"2021-05-01T01:57:25","modified_gmt":"2021-05-01T06:57:25","slug":"presentacion-de-gala-en-edomex-por-el-dia-internacional-de-la-danza","status":"publish","type":"post","link":"https:\/\/www.porlalibreedomex.com\/?p=49849","title":{"rendered":"PRESENTACI\u00d3N DE GALA EN EDOM\u00c9X POR EL \u00abD\u00cdA INTERNACIONAL DE LA DANZA\u00bb"},"content":{"rendered":"<p>&nbsp;<\/p>\n<ul>\n<li><em><strong>\u00a0Presentan compa\u00f1\u00edas internacionales espect\u00e1culos que hicieron vibrar al p\u00fablico presente en el Teatro Morelos y al cibernauta.<\/strong><\/em><\/li>\n<li><em><strong>AsombrOSA ejecuci\u00f3n de piezas cl\u00e1sicas a cargo de la compa\u00f1\u00eda Men in Tut\u00fas.<\/strong><\/em><\/li>\n<\/ul>\n<p>&nbsp;<\/p>\n<p><strong>Toluca, Estado de M\u00e9xico, 30 de abril de 2021.<\/strong> Para celebrar el D\u00eda Internacional de la Danza, se llev\u00f3 a cabo un programa danc\u00edstico en el Teatro Morelos, de la capital mexiquense, mismo que fue transmitido por las redes sociales de la Secretar\u00eda de Cultura y Turismo.<\/p>\n<p>Con todos los protocolos para salvaguardar la salud del p\u00fablico, las funciones comenzaron con una clase donde los asistentes conocieron el trabajo y esfuerzo diario que realizan los bailarines para perfeccionar su t\u00e9cnica.<\/p>\n<p><a href=\"https:\/\/www.porlalibreedomex.com\/wp-content\/uploads\/2021\/05\/Secretaria-de-Cultura-Ediomex-Dia-Internacional-de-la-Danza-e1619852054513.jpeg\"><img loading=\"lazy\" decoding=\"async\" class=\"aligncenter size-large wp-image-49851\" src=\"https:\/\/www.porlalibreedomex.com\/wp-content\/uploads\/2021\/05\/Secretaria-de-Cultura-Ediomex-Dia-Internacional-de-la-Danza-e1619852054513-1024x585.jpeg\" alt=\"\" width=\"800\" height=\"457\" srcset=\"https:\/\/www.porlalibreedomex.com\/wp-content\/uploads\/2021\/05\/Secretaria-de-Cultura-Ediomex-Dia-Internacional-de-la-Danza-e1619852054513-1024x585.jpeg 1024w, https:\/\/www.porlalibreedomex.com\/wp-content\/uploads\/2021\/05\/Secretaria-de-Cultura-Ediomex-Dia-Internacional-de-la-Danza-e1619852054513-300x171.jpeg 300w, https:\/\/www.porlalibreedomex.com\/wp-content\/uploads\/2021\/05\/Secretaria-de-Cultura-Ediomex-Dia-Internacional-de-la-Danza-e1619852054513-768x439.jpeg 768w, https:\/\/www.porlalibreedomex.com\/wp-content\/uploads\/2021\/05\/Secretaria-de-Cultura-Ediomex-Dia-Internacional-de-la-Danza-e1619852054513.jpeg 1276w\" sizes=\"auto, (max-width: 800px) 100vw, 800px\" \/><\/a><\/p>\n<p>En \u00e9sta compartieron algunos ejercicios de calentamiento y diversos movimientos que tienen que realizar los bailarines antes de entrar al escenario como Pas de Bourr\u00e9e, Pas de Deux, Adagio, Attitude, Echapp\u00e9, Piqu\u00e9 Balance, Demi Pli\u00e9, Developp\u00e9, Fondu, Jet\u00e9 y Pirouette, entre otros.<\/p>\n<p>Posteriormente, la \u201cCartograf\u00eda Especializada\u201d, de la compa\u00f1\u00eda de teatro A Poc A Poc, hizo vibrar los corazones del p\u00fablico con una historia que surge de recrear el concepto de una relaci\u00f3n entre una pareja que se ha distanciado.<\/p>\n<p>Esta obra representa la falta de comunicaci\u00f3n entre estos individuos, su incapacidad e imposibilidad de comunicarse y las consecuencias en su relaci\u00f3n, adem\u00e1s, busca abrir la reflexi\u00f3n a una vida sin violencia, espec\u00edficamente acerca de las relaciones de poder y la desaparici\u00f3n del di\u00e1logo humano.<\/p>\n<p><a href=\"https:\/\/www.porlalibreedomex.com\/wp-content\/uploads\/2021\/05\/Plasticidad-y-drama-en-una-BUENA-ejecucion-de-Danza...Secretaria-de-Cultura-Edomex..jpeg\"><img loading=\"lazy\" decoding=\"async\" class=\"aligncenter size-full wp-image-49853\" src=\"https:\/\/www.porlalibreedomex.com\/wp-content\/uploads\/2021\/05\/Plasticidad-y-drama-en-una-BUENA-ejecucion-de-Danza...Secretaria-de-Cultura-Edomex..jpeg\" alt=\"\" width=\"1071\" height=\"714\" srcset=\"https:\/\/www.porlalibreedomex.com\/wp-content\/uploads\/2021\/05\/Plasticidad-y-drama-en-una-BUENA-ejecucion-de-Danza...Secretaria-de-Cultura-Edomex..jpeg 1071w, https:\/\/www.porlalibreedomex.com\/wp-content\/uploads\/2021\/05\/Plasticidad-y-drama-en-una-BUENA-ejecucion-de-Danza...Secretaria-de-Cultura-Edomex.-300x200.jpeg 300w, https:\/\/www.porlalibreedomex.com\/wp-content\/uploads\/2021\/05\/Plasticidad-y-drama-en-una-BUENA-ejecucion-de-Danza...Secretaria-de-Cultura-Edomex.-1024x683.jpeg 1024w, https:\/\/www.porlalibreedomex.com\/wp-content\/uploads\/2021\/05\/Plasticidad-y-drama-en-una-BUENA-ejecucion-de-Danza...Secretaria-de-Cultura-Edomex.-768x512.jpeg 768w\" sizes=\"auto, (max-width: 1071px) 100vw, 1071px\" \/><\/a><\/p>\n<p>Entrada la tarde, la compa\u00f1\u00eda Men in Tut\u00fas present\u00f3 un programa de ballet cl\u00e1sico y moderno para toda la familia que aborda un discurso sobre la deconstrucci\u00f3n de los estereotipos de g\u00e9nero desde un lenguaje c\u00f3mico, irreverente y absurdo.<\/p>\n<p>Conformado por hombres, este espect\u00e1culo combina el dominio t\u00e9cnico del ballet, ya que lo hacen en puntas, pero con desventuras de la danza y berrinches naturalmente escandalosos por parte de bailarines que interpretan a los personajes masculinos y femeninos: algunos parecen hermosas damas, mientras que otros son indudablemente caballeros con pelo en pecho que visten medias apretadas y tut\u00fas.<\/p>\n<p>Para cerrar con broche de oro, una vez m\u00e1s la Compa\u00f1\u00eda de Danza del Estado de M\u00e9xico demostr\u00f3 su talento cautivando al p\u00fablico con tres piezas que dedicaron al personal de Salud por su hero\u00edsmo.<\/p>\n<p>En su oportunidad, salieron al escenario para bailar \u201cDvorak\u201d, de Yazm\u00edn Barrag\u00e1n, core\u00f3grafa residente de la agrupaci\u00f3n, pieza de ballet cl\u00e1sico que prendi\u00f3 las miradas para dar paso a \u201cSaeta\u201d, obra neocl\u00e1sica que dej\u00f3 ver el dominio del cuerpo que tienen los bailarines de esta Compa\u00f1\u00eda.<\/p>\n<p><a href=\"https:\/\/www.porlalibreedomex.com\/wp-content\/uploads\/2021\/05\/Dia-Internacional-de-la-Danza.-Para-quienes-duden-que-la-Danza-es-belleza...-2021-04-30-at-10.41.07-AM.jpeg\"><img loading=\"lazy\" decoding=\"async\" class=\"aligncenter size-full wp-image-49850\" src=\"https:\/\/www.porlalibreedomex.com\/wp-content\/uploads\/2021\/05\/Dia-Internacional-de-la-Danza.-Para-quienes-duden-que-la-Danza-es-belleza...-2021-04-30-at-10.41.07-AM.jpeg\" alt=\"\" width=\"1280\" height=\"873\" srcset=\"https:\/\/www.porlalibreedomex.com\/wp-content\/uploads\/2021\/05\/Dia-Internacional-de-la-Danza.-Para-quienes-duden-que-la-Danza-es-belleza...-2021-04-30-at-10.41.07-AM.jpeg 1280w, https:\/\/www.porlalibreedomex.com\/wp-content\/uploads\/2021\/05\/Dia-Internacional-de-la-Danza.-Para-quienes-duden-que-la-Danza-es-belleza...-2021-04-30-at-10.41.07-AM-300x205.jpeg 300w, https:\/\/www.porlalibreedomex.com\/wp-content\/uploads\/2021\/05\/Dia-Internacional-de-la-Danza.-Para-quienes-duden-que-la-Danza-es-belleza...-2021-04-30-at-10.41.07-AM-1024x698.jpeg 1024w, https:\/\/www.porlalibreedomex.com\/wp-content\/uploads\/2021\/05\/Dia-Internacional-de-la-Danza.-Para-quienes-duden-que-la-Danza-es-belleza...-2021-04-30-at-10.41.07-AM-768x524.jpeg 768w, https:\/\/www.porlalibreedomex.com\/wp-content\/uploads\/2021\/05\/Dia-Internacional-de-la-Danza.-Para-quienes-duden-que-la-Danza-es-belleza...-2021-04-30-at-10.41.07-AM-130x90.jpeg 130w\" sizes=\"auto, (max-width: 1280px) 100vw, 1280px\" \/><\/a><\/p>\n<p>Al finalizar presentaron \u201cNueve Amores\u201d, de Jaime Camarena, que cont\u00f3 con la participaci\u00f3n de la mayor\u00eda de los integrantes de la Compa\u00f1\u00eda; el escenario luci\u00f3 bellos momentos, que robaron l\u00e1grimas y mucha emoci\u00f3n del p\u00fablico que se dijo agradecido por vivir estos espect\u00e1culos.<\/p>\n<p>Con una sincron\u00eda perfecta, movimientos que parec\u00edan sonidos y mucha fuerza, las y los bailarines mostraron su versatilidad gan\u00e1ndose el cari\u00f1o y respeto del p\u00fablico, gracias al compromiso con la calidad t\u00e9cnica y art\u00edstica en esta pieza completamente contempor\u00e1nea.<\/p>\n<p>Estas actividades se pueden disfrutar en el canal de YouTube de la Secretar\u00eda de Cultura y Turismo, la liga est\u00e1 disponible en Facebook y Twitter @CulturaEdomex.<\/p>\n","protected":false},"excerpt":{"rendered":"<p>&nbsp; \u00a0Presentan compa\u00f1\u00edas internacionales espect\u00e1culos que hicieron vibrar al p\u00fablico presente en el Teatro Morelos y al cibernauta. AsombrOSA ejecuci\u00f3n de piezas cl\u00e1sicas a cargo de la compa\u00f1\u00eda Men in Tut\u00fas. &nbsp; Toluca, Estado de M\u00e9xico, 30 de abril de 2021. Para celebrar el D\u00eda Internacional de la Danza, se llev\u00f3 a cabo un programa [&hellip;]<\/p>\n","protected":false},"author":3,"featured_media":49852,"comment_status":"open","ping_status":"open","sticky":false,"template":"","format":"standard","meta":{"footnotes":""},"categories":[9873,9157,16],"tags":[362,9757,10636],"class_list":{"0":"post-49849","1":"post","2":"type-post","3":"status-publish","4":"format-standard","5":"has-post-thumbnail","7":"category-cultura","8":"category-edomex","9":"category-foto","10":"tag-dia-internacional-de-la-danza","11":"tag-marcela-gonzalez-salas","12":"tag-secretaria-de-cultura-edomex"},"wps_subtitle":"Cautiva Compa\u00f1\u00eda de Danza mexiquense con su interpretaci\u00f3n y energ\u00eda.","_links":{"self":[{"href":"https:\/\/www.porlalibreedomex.com\/index.php?rest_route=\/wp\/v2\/posts\/49849","targetHints":{"allow":["GET"]}}],"collection":[{"href":"https:\/\/www.porlalibreedomex.com\/index.php?rest_route=\/wp\/v2\/posts"}],"about":[{"href":"https:\/\/www.porlalibreedomex.com\/index.php?rest_route=\/wp\/v2\/types\/post"}],"author":[{"embeddable":true,"href":"https:\/\/www.porlalibreedomex.com\/index.php?rest_route=\/wp\/v2\/users\/3"}],"replies":[{"embeddable":true,"href":"https:\/\/www.porlalibreedomex.com\/index.php?rest_route=%2Fwp%2Fv2%2Fcomments&post=49849"}],"version-history":[{"count":1,"href":"https:\/\/www.porlalibreedomex.com\/index.php?rest_route=\/wp\/v2\/posts\/49849\/revisions"}],"predecessor-version":[{"id":49854,"href":"https:\/\/www.porlalibreedomex.com\/index.php?rest_route=\/wp\/v2\/posts\/49849\/revisions\/49854"}],"wp:featuredmedia":[{"embeddable":true,"href":"https:\/\/www.porlalibreedomex.com\/index.php?rest_route=\/wp\/v2\/media\/49852"}],"wp:attachment":[{"href":"https:\/\/www.porlalibreedomex.com\/index.php?rest_route=%2Fwp%2Fv2%2Fmedia&parent=49849"}],"wp:term":[{"taxonomy":"category","embeddable":true,"href":"https:\/\/www.porlalibreedomex.com\/index.php?rest_route=%2Fwp%2Fv2%2Fcategories&post=49849"},{"taxonomy":"post_tag","embeddable":true,"href":"https:\/\/www.porlalibreedomex.com\/index.php?rest_route=%2Fwp%2Fv2%2Ftags&post=49849"}],"curies":[{"name":"wp","href":"https:\/\/api.w.org\/{rel}","templated":true}]}}