{"id":49845,"date":"2021-04-30T01:31:01","date_gmt":"2021-04-30T06:31:01","guid":{"rendered":"https:\/\/www.porlalibreedomex.com\/?p=49845"},"modified":"2021-05-01T01:32:01","modified_gmt":"2021-05-01T06:32:01","slug":"capacita-ieem-a-personal-de-los-organos-desconcentrados","status":"publish","type":"post","link":"https:\/\/www.porlalibreedomex.com\/?p=49845","title":{"rendered":"CAPACITA IEEM A PERSONAL DE LOS \u00d3RGANOS DESCONCENTRADOS  \u00a0"},"content":{"rendered":"<p>&nbsp;<\/p>\n<ul>\n<li><strong><em>Para la impartici\u00f3n del Taller de c\u00f3mputos distritales y municipales, se consideraron las medidas sanitarias para salvaguardar la salud de la ciudadan\u00eda<\/em><\/strong><\/li>\n<li><strong><em>La capacitaci\u00f3n se dividi\u00f3 en 6 sedes: Toluca, Tlalnepantla, Valle de Bravo, Texcoco, Ecatepec y Atlacomulco.<\/em><\/strong><\/li>\n<\/ul>\n<p>&nbsp;<\/p>\n<p>En seguimiento a los trabajos que se desarrollan como parte del proceso electoral 2021, por primera vez, el Instituto Electoral del Estado de M\u00e9xico (IEEM) imparti\u00f3 el \u201cTaller de c\u00f3mputos distritales y municipales\u201d, dirigido a quienes ocupan una vocal\u00eda en alguno de los 170 \u00f3rganos desconcentrados, con el fin de que puedan desempe\u00f1ar de mejor manera su labor y conozcan las herramientas tecnol\u00f3gicas a utilizar en la jornada electoral.<\/p>\n<p>Por lo anterior, personal de la Direcci\u00f3n de Organizaci\u00f3n, en acompa\u00f1amiento de la Unidad T\u00e9cnica para la Administraci\u00f3n de Personal Electoral y de la Unidad de Inform\u00e1tica y Estad\u00edstica, dise\u00f1aron el programa de capacitaci\u00f3n, el cual, para su impartici\u00f3n se consideraron las medidas sanitarias para salvaguardar la salud de la ciudadan\u00eda, y, se dividi\u00f3 en 6 sedes: Toluca, Tlalnepantla, Valle de Bravo, Texcoco, Ecatepec y Atlacomulco, as\u00ed como en dos horarios de 08:00 a 14:00 horas y de 14:00 a 20:00 horas.<\/p>\n<p><a href=\"https:\/\/www.porlalibreedomex.com\/wp-content\/uploads\/2021\/05\/Instituto-Electoral-Capacitacion-de-los-organos-desconcentrados.-30-de-abril-2021-scaled.jpg\"><img loading=\"lazy\" decoding=\"async\" class=\"aligncenter size-large wp-image-49846\" src=\"https:\/\/www.porlalibreedomex.com\/wp-content\/uploads\/2021\/05\/Instituto-Electoral-Capacitacion-de-los-organos-desconcentrados.-30-de-abril-2021-1024x498.jpg\" alt=\"\" width=\"800\" height=\"389\" srcset=\"https:\/\/www.porlalibreedomex.com\/wp-content\/uploads\/2021\/05\/Instituto-Electoral-Capacitacion-de-los-organos-desconcentrados.-30-de-abril-2021-1024x498.jpg 1024w, https:\/\/www.porlalibreedomex.com\/wp-content\/uploads\/2021\/05\/Instituto-Electoral-Capacitacion-de-los-organos-desconcentrados.-30-de-abril-2021-300x146.jpg 300w, https:\/\/www.porlalibreedomex.com\/wp-content\/uploads\/2021\/05\/Instituto-Electoral-Capacitacion-de-los-organos-desconcentrados.-30-de-abril-2021-768x373.jpg 768w, https:\/\/www.porlalibreedomex.com\/wp-content\/uploads\/2021\/05\/Instituto-Electoral-Capacitacion-de-los-organos-desconcentrados.-30-de-abril-2021-1536x746.jpg 1536w, https:\/\/www.porlalibreedomex.com\/wp-content\/uploads\/2021\/05\/Instituto-Electoral-Capacitacion-de-los-organos-desconcentrados.-30-de-abril-2021-2048x995.jpg 2048w\" sizes=\"auto, (max-width: 800px) 100vw, 800px\" \/><\/a><\/p>\n<p>Dentro del taller, se les explic\u00f3 el contenido de los Lineamientos para el Desarrollo de las Sesiones de C\u00f3mputo Distritales y Municipales para el Proceso Electoral 2021, los cuales fueron aprobados por el Consejo General mediante acuerdo IEEM\/CG\/69\/2021, relacionando las actividades que efectuar\u00e1n los referidos Consejos a la conclusi\u00f3n de la Jornada Electoral, el martes posterior a la misma y las que se har\u00e1n el d\u00eda 9 de junio de 2021, a partir de las 8:00 horas, fecha en la cual se iniciar\u00e1 con los c\u00f3mputos en los 45 Consejos Distritales y los 125 Consejos Municipales electorales del IEEM.<\/p>\n<p>A su vez, se hizo de conocimiento de los asistentes c\u00f3mo funciona el Sistema Inform\u00e1tico de Apoyo a C\u00f3mputos (SIAC) el cual ser\u00e1 operado a la vista de las y los integrantes del Consejo y personal adscrito a las Juntas correspondientes durante el desarrollo de las sesiones de c\u00f3mputo respectivas.<\/p>\n<p>Y es que, este sistema contribuye, a la conclusi\u00f3n de la Jornada Electoral que comprende: el registro de los recibos de la entrega de los paquetes electorales en la sede del consejo correspondiente; el registro de los resultados de las actas de escrutinio y c\u00f3mputo generadas por los funcionarios de las Mesas Directivas de Casilla y que vienen por fuera del paquete electoral, para el c\u00f3mputo preliminar de la elecci\u00f3n; la determinaci\u00f3n de los Puntos de Recuento que, en su caso, se requieran para el desarrollo de los recuentos en la parcialidad o en la totalidad de las casillas.<\/p>\n<p>&nbsp;<\/p>\n<p>Adem\u00e1s, el d\u00eda 9 de junio de 2021 durante el desarrollo de las sesiones de c\u00f3mputo permitir\u00e1 registrar los resultados de las votaciones contenidos en casa una de las actas de escrutinio y c\u00f3mputo generadas en las casillas y, en su caso, en las que por motivo de un nuevo escrutinio y c\u00f3mputo, se generen en el pleno de los Consejos Distritales y Municipales o en los grupos de trabajo que se instalen con motivo de un recuento en la parcialidad o en la totalidad de las casillas.<\/p>\n<p>&nbsp;<\/p>\n<p>Tambi\u00e9n permite generar las actas de c\u00f3mputo distritales y municipales, seg\u00fan sea el caso; la generaci\u00f3n de las constancias de mayor\u00eda a las f\u00f3rmulas de diputaciones locales; la generaci\u00f3n de las constancias de mayor\u00eda a las planillas ganadoras de la elecci\u00f3n de integrantes de los ayuntamientos y de las constancias de representaci\u00f3n proporcional a los candidatos que tengan derecho a una sindicatura o regidur\u00eda por este principio.<\/p>\n","protected":false},"excerpt":{"rendered":"<p>&nbsp; Para la impartici\u00f3n del Taller de c\u00f3mputos distritales y municipales, se consideraron las medidas sanitarias para salvaguardar la salud de la ciudadan\u00eda La capacitaci\u00f3n se dividi\u00f3 en 6 sedes: Toluca, Tlalnepantla, Valle de Bravo, Texcoco, Ecatepec y Atlacomulco. &nbsp; En seguimiento a los trabajos que se desarrollan como parte del proceso electoral 2021, por [&hellip;]<\/p>\n","protected":false},"author":3,"featured_media":49847,"comment_status":"open","ping_status":"open","sticky":false,"template":"","format":"standard","meta":{"footnotes":""},"categories":[16,9150],"tags":[22841,22840],"class_list":{"0":"post-49845","1":"post","2":"type-post","3":"status-publish","4":"format-standard","5":"has-post-thumbnail","7":"category-foto","8":"category-politica","9":"tag-conteo-de-votos-capacitacion-ieem","10":"tag-ieem-capacitacion-a-desconcentrados"},"wps_subtitle":"","_links":{"self":[{"href":"https:\/\/www.porlalibreedomex.com\/index.php?rest_route=\/wp\/v2\/posts\/49845","targetHints":{"allow":["GET"]}}],"collection":[{"href":"https:\/\/www.porlalibreedomex.com\/index.php?rest_route=\/wp\/v2\/posts"}],"about":[{"href":"https:\/\/www.porlalibreedomex.com\/index.php?rest_route=\/wp\/v2\/types\/post"}],"author":[{"embeddable":true,"href":"https:\/\/www.porlalibreedomex.com\/index.php?rest_route=\/wp\/v2\/users\/3"}],"replies":[{"embeddable":true,"href":"https:\/\/www.porlalibreedomex.com\/index.php?rest_route=%2Fwp%2Fv2%2Fcomments&post=49845"}],"version-history":[{"count":1,"href":"https:\/\/www.porlalibreedomex.com\/index.php?rest_route=\/wp\/v2\/posts\/49845\/revisions"}],"predecessor-version":[{"id":49848,"href":"https:\/\/www.porlalibreedomex.com\/index.php?rest_route=\/wp\/v2\/posts\/49845\/revisions\/49848"}],"wp:featuredmedia":[{"embeddable":true,"href":"https:\/\/www.porlalibreedomex.com\/index.php?rest_route=\/wp\/v2\/media\/49847"}],"wp:attachment":[{"href":"https:\/\/www.porlalibreedomex.com\/index.php?rest_route=%2Fwp%2Fv2%2Fmedia&parent=49845"}],"wp:term":[{"taxonomy":"category","embeddable":true,"href":"https:\/\/www.porlalibreedomex.com\/index.php?rest_route=%2Fwp%2Fv2%2Fcategories&post=49845"},{"taxonomy":"post_tag","embeddable":true,"href":"https:\/\/www.porlalibreedomex.com\/index.php?rest_route=%2Fwp%2Fv2%2Ftags&post=49845"}],"curies":[{"name":"wp","href":"https:\/\/api.w.org\/{rel}","templated":true}]}}