{"id":49415,"date":"2021-04-16T02:20:15","date_gmt":"2021-04-16T07:20:15","guid":{"rendered":"https:\/\/www.porlalibreedomex.com\/?p=49415"},"modified":"2021-04-17T02:20:48","modified_gmt":"2021-04-17T07:20:48","slug":"incrementar-presencia-de-la-uaemex-en-ambito-internacional-carlos-eduardo-barrera-diaz","status":"publish","type":"post","link":"https:\/\/www.porlalibreedomex.com\/?p=49415","title":{"rendered":"INCREMENTAR PRESENCIA DE LA UAEM\u00c9X EN \u00c1MBITO  \u00a0INTERNACIONAL: CARLOS EDUARDO BARRERA D\u00cdAZ"},"content":{"rendered":"<p>&nbsp;<\/p>\n<p>&nbsp;<\/p>\n<ul>\n<li><em>Ampliar los convenios de colaboraci\u00f3n e intercambio acad\u00e9mico con diversas instituciones nacionales y extranjeras de educaci\u00f3n media superior y superior.\u00a0<\/em><\/li>\n<li><em>Present\u00f3 su plan de trabajo \u201cInclusi\u00f3n e Integridad Universitarias 2021-2025\u201d a integrantes de la Facultad de Medicina y les reconoci\u00f3 su labor por el bienestar de la poblaci\u00f3n. <\/em><\/li>\n<\/ul>\n<p>&nbsp;<\/p>\n<p>El impulso a la internacionalizaci\u00f3n de la Universidad Aut\u00f3noma del Estado de M\u00e9xico (UAEM\u00e9x) ha sido una de las peticiones m\u00e1s frecuentes durante las Jornadas de Promoci\u00f3n y Comparecencias Institucionales en las que ha participado Carlos Eduardo Barrera D\u00edaz, aspirante a la Rector\u00eda, quien ha se\u00f1alado que su objetivo es incrementar la presencia de la instituci\u00f3n en el \u00e1mbito internacional.<\/p>\n<p>Durante su encuentro con integrantes de la Facultad de Medicina de la UAEM\u00e9x, el acad\u00e9mico e investigador, Hugo Mendieta Zer\u00f3n, propuso impulsar la movilidad internacional y las especialidades m\u00e9dicas con universidades extranjeras; en respuesta, el aspirante asegur\u00f3 que se buscar\u00e1 ampliar los convenios de colaboraci\u00f3n e intercambio acad\u00e9mico con diversas instituciones nacionales y extranjeras de educaci\u00f3n media superior y superior, as\u00ed como con los centros de investigaci\u00f3n de diferentes \u00e1reas de conocimiento.<\/p>\n<p><a href=\"https:\/\/www.porlalibreedomex.com\/wp-content\/uploads\/2021\/04\/El-aspierante-a-Rector-de-la-UAEM-Carlos-Barrera-avanza-en-la-presentacion-de-su-plan-de-trabajo-a-la-Comunidad-Universitaria.IMG_20210416_182701_599.jpg\"><img loading=\"lazy\" decoding=\"async\" class=\"aligncenter size-full wp-image-49417\" src=\"https:\/\/www.porlalibreedomex.com\/wp-content\/uploads\/2021\/04\/El-aspierante-a-Rector-de-la-UAEM-Carlos-Barrera-avanza-en-la-presentacion-de-su-plan-de-trabajo-a-la-Comunidad-Universitaria.IMG_20210416_182701_599.jpg\" alt=\"\" width=\"1280\" height=\"854\" srcset=\"https:\/\/www.porlalibreedomex.com\/wp-content\/uploads\/2021\/04\/El-aspierante-a-Rector-de-la-UAEM-Carlos-Barrera-avanza-en-la-presentacion-de-su-plan-de-trabajo-a-la-Comunidad-Universitaria.IMG_20210416_182701_599.jpg 1280w, https:\/\/www.porlalibreedomex.com\/wp-content\/uploads\/2021\/04\/El-aspierante-a-Rector-de-la-UAEM-Carlos-Barrera-avanza-en-la-presentacion-de-su-plan-de-trabajo-a-la-Comunidad-Universitaria.IMG_20210416_182701_599-300x200.jpg 300w, https:\/\/www.porlalibreedomex.com\/wp-content\/uploads\/2021\/04\/El-aspierante-a-Rector-de-la-UAEM-Carlos-Barrera-avanza-en-la-presentacion-de-su-plan-de-trabajo-a-la-Comunidad-Universitaria.IMG_20210416_182701_599-1024x683.jpg 1024w, https:\/\/www.porlalibreedomex.com\/wp-content\/uploads\/2021\/04\/El-aspierante-a-Rector-de-la-UAEM-Carlos-Barrera-avanza-en-la-presentacion-de-su-plan-de-trabajo-a-la-Comunidad-Universitaria.IMG_20210416_182701_599-768x512.jpg 768w\" sizes=\"auto, (max-width: 1280px) 100vw, 1280px\" \/><\/a><\/p>\n<p>Agreg\u00f3 que a trav\u00e9s del plan de trabajo \u201cIntegridad e Inclusi\u00f3n Universitarias 2021-2025\u201d se propone fortalecer la movilidad internacional en la modalidad a distancia, se promover\u00e1 la\u00a0 colaboraci\u00f3n en redes de investigaci\u00f3n con universidades extranjeras y se incrementar\u00e1n los programas de doble titulaci\u00f3n: uno por la UAEM\u00e9x y otro por una instituci\u00f3n extranjera como estrategia para elevar la calidad educativa.<\/p>\n<p>\u201cLas actividades universitarias buscar\u00e1n la proyecci\u00f3n y el fortalecimiento de la presencia e impacto universitario en el contexto internacional. De contar con el voto favorable del H. Consejo Universitario el pr\u00f3ximo 14 de mayo, fortaleceremos la presencia de la UAEM\u00e9x en el extranjero a trav\u00e9s de distintas estrategias para detonar el talento de quienes integran nuestra universidad\u201d, mencion\u00f3.<\/p>\n<p>Otra de las peticiones de la comunidad de la Facultad de Medicina es que las especialidades m\u00e9dicas sean consideradas como un grado acad\u00e9mico m\u00e1s, al respecto Barrera D\u00edaz indic\u00f3 que se revisar\u00e1 la propuesta, ya que por la duraci\u00f3n -tres o cuatro a\u00f1os- podr\u00eda homologarse y ser considerado como un posgrado. Record\u00f3 que el 50 por ciento de la matr\u00edcula de posgrado corresponde a las especialidades m\u00e9dicas y se ofertan en dependencias como el Instituto Mexicano del Seguro Social (IMSS), el Instituto de Salud del Estado de M\u00e9xico (ISEM) y el Instituto de Seguridad Social del Estado de M\u00e9xico y Municipios (ISSEMYM).<\/p>\n<p>El aspirante a la Rector\u00eda indic\u00f3 que como parte de sus estrategias se retomar\u00e1 el conocimiento y experiencia de especialistas de la Licenciatura de Nutrici\u00f3n para proponer men\u00fas saludables en las cafeter\u00edas universitarias; as\u00ed como la experiencia y calidad del Centro de Medicina de la Actividad F\u00edsica y el Deporte (CEMAFyD) para promover el deporte dentro de la comunidad universitaria.<\/p>\n<p>&nbsp;<\/p>\n<p>&nbsp;<\/p>\n","protected":false},"excerpt":{"rendered":"<p>&nbsp; &nbsp; Ampliar los convenios de colaboraci\u00f3n e intercambio acad\u00e9mico con diversas instituciones nacionales y extranjeras de educaci\u00f3n media superior y superior.\u00a0 Present\u00f3 su plan de trabajo \u201cInclusi\u00f3n e Integridad Universitarias 2021-2025\u201d a integrantes de la Facultad de Medicina y les reconoci\u00f3 su labor por el bienestar de la poblaci\u00f3n. &nbsp; El impulso a la [&hellip;]<\/p>\n","protected":false},"author":3,"featured_media":49416,"comment_status":"open","ping_status":"open","sticky":false,"template":"","format":"standard","meta":{"footnotes":""},"categories":[9148,16,9150],"tags":[],"class_list":{"0":"post-49415","1":"post","2":"type-post","3":"status-publish","4":"format-standard","5":"has-post-thumbnail","7":"category-educacion","8":"category-foto","9":"category-politica"},"wps_subtitle":"   Propone incrementar programas de doble titulaci\u00f3n: uno por la UAEM\u00e9x y otro por una instituci\u00f3n extranjera.","_links":{"self":[{"href":"https:\/\/www.porlalibreedomex.com\/index.php?rest_route=\/wp\/v2\/posts\/49415","targetHints":{"allow":["GET"]}}],"collection":[{"href":"https:\/\/www.porlalibreedomex.com\/index.php?rest_route=\/wp\/v2\/posts"}],"about":[{"href":"https:\/\/www.porlalibreedomex.com\/index.php?rest_route=\/wp\/v2\/types\/post"}],"author":[{"embeddable":true,"href":"https:\/\/www.porlalibreedomex.com\/index.php?rest_route=\/wp\/v2\/users\/3"}],"replies":[{"embeddable":true,"href":"https:\/\/www.porlalibreedomex.com\/index.php?rest_route=%2Fwp%2Fv2%2Fcomments&post=49415"}],"version-history":[{"count":1,"href":"https:\/\/www.porlalibreedomex.com\/index.php?rest_route=\/wp\/v2\/posts\/49415\/revisions"}],"predecessor-version":[{"id":49418,"href":"https:\/\/www.porlalibreedomex.com\/index.php?rest_route=\/wp\/v2\/posts\/49415\/revisions\/49418"}],"wp:featuredmedia":[{"embeddable":true,"href":"https:\/\/www.porlalibreedomex.com\/index.php?rest_route=\/wp\/v2\/media\/49416"}],"wp:attachment":[{"href":"https:\/\/www.porlalibreedomex.com\/index.php?rest_route=%2Fwp%2Fv2%2Fmedia&parent=49415"}],"wp:term":[{"taxonomy":"category","embeddable":true,"href":"https:\/\/www.porlalibreedomex.com\/index.php?rest_route=%2Fwp%2Fv2%2Fcategories&post=49415"},{"taxonomy":"post_tag","embeddable":true,"href":"https:\/\/www.porlalibreedomex.com\/index.php?rest_route=%2Fwp%2Fv2%2Ftags&post=49415"}],"curies":[{"name":"wp","href":"https:\/\/api.w.org\/{rel}","templated":true}]}}