{"id":49299,"date":"2021-04-12T02:19:07","date_gmt":"2021-04-12T07:19:07","guid":{"rendered":"https:\/\/www.porlalibreedomex.com\/?p=49299"},"modified":"2021-04-13T02:19:43","modified_gmt":"2021-04-13T07:19:43","slug":"alebrijes-en-cuadratines-nuevo-periodismo-oficial","status":"publish","type":"post","link":"https:\/\/www.porlalibreedomex.com\/?p=49299","title":{"rendered":"Alebrijes en Cuadratines \/ Nuevo periodismo oficial"},"content":{"rendered":"<h3><\/h3>\n<p><strong>Adri\u00e1n Chavarr\u00eda Espinosa<\/strong><\/p>\n<p align=\"right\"><strong><i><a href=\"mailto:ache57@yahoo.com.mx\" target=\"_blank\" rel=\"noopener\">ache57@yahoo.com.mx<\/a><\/i><i><\/i><\/strong><\/p>\n<p><strong>R<\/strong>egularmente el periodismo cr\u00edtico nunca ha sido bien recibido por las autoridades en turno. En M\u00e9xico existen ejemplos desde el Siglo XIX, cuando el pa\u00eds se debat\u00eda entre conservadores y liberales; posteriormente en el porfiriato y m\u00e1s recientemente en la \u00e9poca fuerte del presidencialismo, se lleg\u00f3 al cierre violento de medios impresos.<\/p>\n<p>Sin embargo las voces cr\u00edticas han persistido. Una de las acciones m\u00e1s recientes en contra de la prensa escrita se registr\u00f3 en 1976, cuando el entonces presidente Luis Echeverr\u00eda \u00c1lvarez promovi\u00f3 un \u201cgolpe de redacci\u00f3n\u201d en el peri\u00f3dico\u00a0<i>Excelsior<\/i>, para expulsar a Julio Scherer Garc\u00eda, quien era el director general, para ser relevado por Regino D\u00edaz Redondo.<\/p>\n<p>Esa acci\u00f3n, en lugar de terminar con un medio inc\u00f3modo, provoc\u00f3 la creaci\u00f3n de otros nuevos. Con la salida de los periodistas de\u00a0<i>Exc\u00e9lsior<\/i>\u00a0se impuls\u00f3 la creaci\u00f3n de nuevos foros como las revistas\u00a0<i>Proceso<\/i>\u00a0y\u00a0<i>Mira<\/i>, los peri\u00f3dicos\u00a0<i>Unom\u00e1suno<\/i>\u00a0\u2013el original, no el actual pasqu\u00edn\u2013,\u00a0<i>El Financiero<\/i>\u00a0y\u00a0<i>La Jornada<\/i>, m\u00e1s la contribuci\u00f3n de diversos periodistas en otros medios.<\/p>\n<p>Durante el\u00a0\u00a0presidencialismo la disidencia informativa era pr\u00e1cticamente inexistente y se manten\u00eda la uniformidad en el terreno informativo, aunque en el de opini\u00f3n se permit\u00edan algunas voces cr\u00edticas a nivel individual, aunque era para que las autoridades aseguraran que exist\u00eda y se garantizaba la libertad de expresi\u00f3n.<\/p>\n<p>Al evolucionar el sistema pol\u00edtico mexicano tambi\u00e9n lo hicieron los medios informativos, no solo<u>\u00a0<\/u>los impresos, tambi\u00e9n en radio y televisi\u00f3n, agreg\u00e1ndose recientemente p\u00e1ginas en internet. Al existir mayor pluralidad de voces tambi\u00e9n surgen nuevos lectores y audiencias que encuentran en toda esta variedad de medios muchos acordes a sus intereses.<\/p>\n<p>Sin embargo para Andr\u00e9s Manuel L\u00f3pez Obrador los medios de informaci\u00f3n que difieren de sus puntos de vista y programas de trabajo, resultan ser adversarios a su administraci\u00f3n, aunque la lectura correcta ser\u00eda que los considera como sus enemigos.<\/p>\n<p>El presidente se ufana de que de lunes a viernes, despu\u00e9s de la reuni\u00f3n de su Gabinete de Seguridad, se presenta ante periodistas para supuestamente ofrecer informaci\u00f3n de sus acciones y programas de trabajo. El problema es que regularmente a quien le da la palabra son reporteros que en lugar de formular preguntas incisivas, se dedican a echarle porras.<\/p>\n<p>Cuando, ocasionalmente, se permite una pregunta sobre un tema problem\u00e1tico o dif\u00edcil, L\u00f3pez Obrador evade una respuesta concreta al afirmar que \u00e9l tiene otras cifras u otros datos, aunque pocas veces los fundamenta y prefiere expresar una larga perorata sin sentido.<\/p>\n<p>Reiteradamente el presidente cita entre sus principales y constantes adversarios a los peri\u00f3dicos\u00a0<i>El Universal<\/i>,\u00a0<i>Reforma<\/i>\u00a0y\u00a0<i>Milenio<\/i>\u00a0as\u00ed como varios periodistas y, en cambio, califica a\u00a0<i>La Jornada<\/i>\u00a0como el mejor diario, pero \u00bfqu\u00e9 tan confiable resulta esta clasificaci\u00f3n?<\/p>\n<p>Es que ahora\u00a0<i>La Jornada<\/i>\u00a0es el mejor vocero oficialista del gobierno federal, mientras la gran mayor\u00eda de los medios serios, responsables y objetivos \u2013no paleros, como los que asisten y preguntan en las ma\u00f1aneras\u2013, son objeto de la denostaci\u00f3n presidencial.<\/p>\n<p>Para ello no se requiere una gran investigaci\u00f3n, resulta suficiente comparar las primeras planas diarias de los peri\u00f3dicos nacionales para ver el tratamiento otorgado a la informaci\u00f3n generada por L\u00f3pez Obrador, donde los medios serios colocan cabezas con cuestionamientos de los temas, mientras\u00a0<i>La Jornada<\/i>\u00a0da la vuelta a la informaci\u00f3n para destacar lo positivo aunque no necesariamente sea lo m\u00e1s relevante o trascendente.<\/p>\n<p>(Para quienes gusten pueden consultar todos los d\u00edas el portal Kiosko.net\u00a0<a href=\"https:\/\/es.kiosko.net\/mx\/geo\/Mexico_DF.html\" target=\"_blank\" rel=\"nofollow noopener\" data-saferedirecturl=\"https:\/\/www.google.com\/url?q=https:\/\/es.kiosko.net\/mx\/geo\/Mexico_DF.html&amp;source=gmail&amp;ust=1618383305047000&amp;usg=AFQjCNFG2TESxl-qq5485sewcTqpWirC2Q\">https:\/\/es.kiosko.net\/mx\/geo\/<wbr \/>Mexico_DF.html<\/a>\u00a0o suscribirse al chat en whatsapp\u00a0<i>Portadas M\u00e9xico 30<\/i>\u00a0en el n\u00famero 844 881 9829, para comparar primeras planas y comparar el manejo informativo de cada medio impreso, as\u00ed cada quien podr\u00e1 establecer sus propias conclusiones).<\/p>\n<p>Por ejemplo, el martes 6 de abril, mientras\u00a0<i>La Jornada<\/i>\u00a0p\u00fablico como nota principal \u201cAMLO: todo listo para terminar con el outsourcing\u201d; otros medios que dieron el mismo espacio fueron\u00a0<i>Cr\u00f3nica<\/i>: \u201cAcuerdo tripartita para acotar el oursourcing\u201d y\u00a0<i>La Raz\u00f3n<\/i>: \u201cGobierno e IP logran un acuerdo: regular outsourcing y mayor pago de utilidades. Es decir, para el primer peri\u00f3dico fue un logro presidencial y para los otros un acuerdo de varias partes.<\/p>\n<p>Para\u00a0<i>Exc\u00e9lsior<\/i>,\u00a0<i>Milenio<\/i>,\u00a0<i>Reforma<\/i>\u00a0y\u00a0<i>El Sol de M\u00e9xico<\/i>\u00a0este tema les mereci\u00f3 una nota secundaria en portada, pero para\u00a0<i>El Universal<\/i>\u00a0solamente una llamada en primera plana, pero todos con un sentido objetivo, sin echar porras al presidente.<\/p>\n<p>Por \u00faltimo, se debe recordar que en una conferencia ma\u00f1anera, al hablar sobre medios L\u00f3pez Obrador acus\u00f3 a la organizaci\u00f3n\u00a0<i>Art\u00edculo 19<\/i>, dedicada a defender a periodistas, de estar financiada por presuntos organismos reaccionarios, conservadores y neoliberales para atacar a su administraci\u00f3n, lo que por supuesto fue desmentido pero no admitido por el presidente.<\/p>\n<p>Igualmente respald\u00f3 a Sanjuana Martinez, directora de la agencia\u00a0<i>Notimex<\/i>, propiedad del gobierno federal, que ya cumpli\u00f3 m\u00e1s de un a\u00f1o en huelga y no se ve inter\u00e9s por resolverla, quien adem\u00e1s de ser denunciada por atacar a reporteros, columnistas y articulistas, el mandatario la calific\u00f3 de ser \u201cuna mujer que tiene todo nuestro respeto, una buena periodista\u201d.<\/p>\n<p>Esa es la forma como en el gobierno federal, en particular desde la presidencia, eval\u00faan a los medios informativos nacionales y a sus integrantes.<\/p>\n<p>&nbsp;<\/p>\n","protected":false},"excerpt":{"rendered":"<p>Adri\u00e1n Chavarr\u00eda Espinosa ache57@yahoo.com.mx Regularmente el periodismo cr\u00edtico nunca ha sido bien recibido por las autoridades en turno. En M\u00e9xico existen ejemplos desde el Siglo XIX, cuando el pa\u00eds se debat\u00eda entre conservadores y liberales; posteriormente en el porfiriato y m\u00e1s recientemente en la \u00e9poca fuerte del presidencialismo, se lleg\u00f3 al cierre violento de medios [&hellip;]<\/p>\n","protected":false},"author":3,"featured_media":49300,"comment_status":"open","ping_status":"open","sticky":false,"template":"","format":"standard","meta":{"footnotes":""},"categories":[23,16],"tags":[260,261,22619],"class_list":{"0":"post-49299","1":"post","2":"type-post","3":"status-publish","4":"format-standard","5":"has-post-thumbnail","7":"category-columna","8":"category-foto","9":"tag-adrian-chavarria-espinosa","10":"tag-alebrijes-en-cuadratines","11":"tag-nuevo-periodismo-oficial"},"wps_subtitle":"","_links":{"self":[{"href":"https:\/\/www.porlalibreedomex.com\/index.php?rest_route=\/wp\/v2\/posts\/49299","targetHints":{"allow":["GET"]}}],"collection":[{"href":"https:\/\/www.porlalibreedomex.com\/index.php?rest_route=\/wp\/v2\/posts"}],"about":[{"href":"https:\/\/www.porlalibreedomex.com\/index.php?rest_route=\/wp\/v2\/types\/post"}],"author":[{"embeddable":true,"href":"https:\/\/www.porlalibreedomex.com\/index.php?rest_route=\/wp\/v2\/users\/3"}],"replies":[{"embeddable":true,"href":"https:\/\/www.porlalibreedomex.com\/index.php?rest_route=%2Fwp%2Fv2%2Fcomments&post=49299"}],"version-history":[{"count":1,"href":"https:\/\/www.porlalibreedomex.com\/index.php?rest_route=\/wp\/v2\/posts\/49299\/revisions"}],"predecessor-version":[{"id":49301,"href":"https:\/\/www.porlalibreedomex.com\/index.php?rest_route=\/wp\/v2\/posts\/49299\/revisions\/49301"}],"wp:featuredmedia":[{"embeddable":true,"href":"https:\/\/www.porlalibreedomex.com\/index.php?rest_route=\/wp\/v2\/media\/49300"}],"wp:attachment":[{"href":"https:\/\/www.porlalibreedomex.com\/index.php?rest_route=%2Fwp%2Fv2%2Fmedia&parent=49299"}],"wp:term":[{"taxonomy":"category","embeddable":true,"href":"https:\/\/www.porlalibreedomex.com\/index.php?rest_route=%2Fwp%2Fv2%2Fcategories&post=49299"},{"taxonomy":"post_tag","embeddable":true,"href":"https:\/\/www.porlalibreedomex.com\/index.php?rest_route=%2Fwp%2Fv2%2Ftags&post=49299"}],"curies":[{"name":"wp","href":"https:\/\/api.w.org\/{rel}","templated":true}]}}