{"id":49291,"date":"2021-04-12T02:02:15","date_gmt":"2021-04-12T07:02:15","guid":{"rendered":"https:\/\/www.porlalibreedomex.com\/?p=49291"},"modified":"2021-04-13T02:02:38","modified_gmt":"2021-04-13T07:02:38","slug":"investiga-la-uaem-posibles-alteraciones-neurologicas-en-recien-nacidos-por-el-covid","status":"publish","type":"post","link":"https:\/\/www.porlalibreedomex.com\/?p=49291","title":{"rendered":"INVESTIGA LA UAEM POSIBLES ALTERACIONES NEUROL\u00d3GICAS EN RECI\u00c9N NACIDOS, POR EL COVID"},"content":{"rendered":"<ul style=\"font-weight: 400;\">\n<li><strong><em>Universitarios proponen un seguimiento prenatal para explorar par\u00e1metros fisiol\u00f3gicos no invasivos, como la variabilidad de la frecuencia cardiaca del feto y de la madre, y tras el alumbramiento, la aplicaci\u00f3n de pruebas de neurodesarrollo a los infantes.\u00a0\u00a0<\/em><\/strong><\/li>\n<\/ul>\n<p style=\"font-weight: 400;\"><strong>Toluca, M\u00e9xico,\u00a0 12 de abril de 2021.<\/strong>\u00a0Acad\u00e9micos de la Universidad Aut\u00f3noma del Estado de M\u00e9xico sientan las bases cient\u00edficas para conocer las posibles alteraciones en el neurodesarrollo que podr\u00edan adquirir reci\u00e9n nacidos si las madres padecieron de COVID-19 durante el embarazo, por lo que los primeros hallazgos se publicaron recientemente en la prestigiosa revista cient\u00edfica de Suiza, \u201cFrontiers in Psychology\u201d.<\/p>\n<p style=\"font-weight: 400;\">\u00a0\u00a0\u00a0 El catedr\u00e1tico de la Facultad de Medicina de la UAEM e investigador del Sistema Nacional de Investigadores (SNI) Nivel 1, Jos\u00e9 Javier Reyes Lagos asever\u00f3 que junto a acad\u00e9micos de la Universidad Aut\u00f3noma Metropolitana y el Hospital Materno Infantil \u201cM\u00f3nica Pretelini Sa\u00e9nz\u201d, describen las consecuencias que produce el contagio del virus SARS-CoV-2, particularmente, la posible inflamaci\u00f3n del vientre materno e incluso del cerebro fetal.<\/p>\n<p style=\"font-weight: 400;\">\u00a0\u00a0\u00a0 La inflamaci\u00f3n producida en la etapa prenatal, indic\u00f3 Reyes Lagos, podr\u00eda tener repercusiones a lo largo de la vida del neonato y los efectos se observar\u00edan durante las etapas de la infancia, adolescencia o adultez, pues investigaciones cient\u00edficas en pa\u00edses n\u00f3rdicos refieren los efectos al neurodesarrollo provocados por el virus de la influenza A H1N1.<\/p>\n<p style=\"font-weight: 400;\">Dichas investigaciones destacan por realizar un monitoreo prenatal, un diagn\u00f3stico del neurodesarrollo a los reci\u00e9n nacidos y un seguimiento hasta la etapa de la preadolescencia.<\/p>\n<p style=\"font-weight: 400;\">\u00a0\u00a0\u00a0 Como parte de la investigaci\u00f3n interdisciplinaria de la UAEM, se propone dar un seguimiento prenatal que permita explorar par\u00e1metros fisiol\u00f3gicos no invasivos, como la variabilidad de la frecuencia cardiaca del feto y de la madre, as\u00ed como pruebas inmunol\u00f3gicas de sangre y tras el alumbramiento, la aplicaci\u00f3n de pruebas de neurodesarrollo a los infantes.<\/p>\n<p style=\"font-weight: 400;\">\u00a0\u00a0\u00a0 Jos\u00e9 Javier Reyes Lagos, quien tambi\u00e9n colabora con investigadores del Centro de Investigaciones Multidisciplinarias en Educaci\u00f3n (CIME) de la UAEM, destac\u00f3 que una labor de monitoreo a largo plazo requiere de un amplio presupuesto; sin embargo, esta investigaci\u00f3n sienta los primeros fundamentos cient\u00edficos que podr\u00edan dar pauta a que m\u00e1s especialistas se interesan por esta problem\u00e1tica actual y promuevan investigaciones en esta \u00e1rea del conocimiento.<\/p>\n<p style=\"font-weight: 400;\">\n","protected":false},"excerpt":{"rendered":"<p>Universitarios proponen un seguimiento prenatal para explorar par\u00e1metros fisiol\u00f3gicos no invasivos, como la variabilidad de la frecuencia cardiaca del feto y de la madre, y tras el alumbramiento, la aplicaci\u00f3n de pruebas de neurodesarrollo a los infantes.\u00a0\u00a0 Toluca, M\u00e9xico,\u00a0 12 de abril de 2021.\u00a0Acad\u00e9micos de la Universidad Aut\u00f3noma del Estado de M\u00e9xico sientan las bases [&hellip;]<\/p>\n","protected":false},"author":3,"featured_media":49292,"comment_status":"open","ping_status":"open","sticky":false,"template":"","format":"standard","meta":{"footnotes":""},"categories":[9157,16,9209],"tags":[22616,620],"class_list":{"0":"post-49291","1":"post","2":"type-post","3":"status-publish","4":"format-standard","5":"has-post-thumbnail","7":"category-edomex","8":"category-foto","9":"category-salud","10":"tag-danos-neurologicos-por-covid","11":"tag-investigador-de-la-uaem"},"wps_subtitle":"","_links":{"self":[{"href":"https:\/\/www.porlalibreedomex.com\/index.php?rest_route=\/wp\/v2\/posts\/49291","targetHints":{"allow":["GET"]}}],"collection":[{"href":"https:\/\/www.porlalibreedomex.com\/index.php?rest_route=\/wp\/v2\/posts"}],"about":[{"href":"https:\/\/www.porlalibreedomex.com\/index.php?rest_route=\/wp\/v2\/types\/post"}],"author":[{"embeddable":true,"href":"https:\/\/www.porlalibreedomex.com\/index.php?rest_route=\/wp\/v2\/users\/3"}],"replies":[{"embeddable":true,"href":"https:\/\/www.porlalibreedomex.com\/index.php?rest_route=%2Fwp%2Fv2%2Fcomments&post=49291"}],"version-history":[{"count":2,"href":"https:\/\/www.porlalibreedomex.com\/index.php?rest_route=\/wp\/v2\/posts\/49291\/revisions"}],"predecessor-version":[{"id":49294,"href":"https:\/\/www.porlalibreedomex.com\/index.php?rest_route=\/wp\/v2\/posts\/49291\/revisions\/49294"}],"wp:featuredmedia":[{"embeddable":true,"href":"https:\/\/www.porlalibreedomex.com\/index.php?rest_route=\/wp\/v2\/media\/49292"}],"wp:attachment":[{"href":"https:\/\/www.porlalibreedomex.com\/index.php?rest_route=%2Fwp%2Fv2%2Fmedia&parent=49291"}],"wp:term":[{"taxonomy":"category","embeddable":true,"href":"https:\/\/www.porlalibreedomex.com\/index.php?rest_route=%2Fwp%2Fv2%2Fcategories&post=49291"},{"taxonomy":"post_tag","embeddable":true,"href":"https:\/\/www.porlalibreedomex.com\/index.php?rest_route=%2Fwp%2Fv2%2Ftags&post=49291"}],"curies":[{"name":"wp","href":"https:\/\/api.w.org\/{rel}","templated":true}]}}