{"id":49284,"date":"2021-04-12T01:49:42","date_gmt":"2021-04-12T06:49:42","guid":{"rendered":"https:\/\/www.porlalibreedomex.com\/?p=49284"},"modified":"2021-04-13T01:52:08","modified_gmt":"2021-04-13T06:52:08","slug":"se-fortalecera-el-programa-de-seguridad-para-proteger-a-la-comunidad-universitaria-carlos-barrera","status":"publish","type":"post","link":"https:\/\/www.porlalibreedomex.com\/?p=49284","title":{"rendered":"SE FORTALECER\u00c1 EL  PROGRAMA DE SEGURIDAD PARA PROTEGER  A LA\u00a0COMUNIDAD UNIVERSITARIA: CARLOS BARRERA"},"content":{"rendered":"<p>&nbsp;<\/p>\n<p><em>\u00a0<\/em><\/p>\n<ul>\n<li><em>El aspirante a Rector de la UAEM, Carlos Eduardo Barrera D\u00edaz, propone implementar estrategias para salvaguardar a la comunidad universitaria, sus bienes y la infraestructura institucional.\u00a0<\/em><\/li>\n<li><em>Para reforzar la seguridad en la periferia de los planteles universitarios, se generar\u00e1n acciones conjuntas con instancias municipales, estatales y federales.<\/em><\/li>\n<li><em>Se analizar\u00e1 la posibilidad de reducir el horario de salida del turno vespertino de todos los espacios de la UAEM\u00e9x para evitar riesgos al estudiantado y al personal docente.<\/em><\/li>\n<\/ul>\n<p>&nbsp;<\/p>\n<p><strong>Nezahualc\u00f3yotl, Estado de M\u00e9xico, 12 de abril 2021.<\/strong> Carlos Eduardo Barrera D\u00edaz, aspirante al cargo de Rector de la Universidad Aut\u00f3noma del Estado de M\u00e9xico (UAEM\u00e9x), asegur\u00f3 que una de las principales propuestas de su plan de trabajo \u201cIntegridad e Inclusi\u00f3n Universitarias\u201d es fortalecer las estrategias de seguridad para proteger a la comunidad, sus bienes y la infraestructura institucional.<\/p>\n<p>Al mantener un di\u00e1logo con integrantes de la Unidad Acad\u00e9mica Profesional Chimalhuac\u00e1n y el Centro Universitario Nezahualc\u00f3yotl, el aspirante reconoci\u00f3 que una de las necesidades m\u00e1s sentidas de la comunidad es mejorar la seguridad, por ello, trabajar\u00e1 para implementar medidas como mejorar la iluminaci\u00f3n, ampliar la red de videovigilancia, revisar y reforzar las condiciones de las bardas perimetrales de los planteles universitarios.<\/p>\n<p><a href=\"https:\/\/www.porlalibreedomex.com\/wp-content\/uploads\/2021\/04\/En-la-UAP_Chimalhuacan-el-aspirante-a-Rector-de-la-UAEM-Carlos-barrera-expuso-su-plan-de-trabajo.jpeg\"><img loading=\"lazy\" decoding=\"async\" class=\"aligncenter size-full wp-image-49286\" src=\"https:\/\/www.porlalibreedomex.com\/wp-content\/uploads\/2021\/04\/En-la-UAP_Chimalhuacan-el-aspirante-a-Rector-de-la-UAEM-Carlos-barrera-expuso-su-plan-de-trabajo.jpeg\" alt=\"\" width=\"1675\" height=\"1117\" srcset=\"https:\/\/www.porlalibreedomex.com\/wp-content\/uploads\/2021\/04\/En-la-UAP_Chimalhuacan-el-aspirante-a-Rector-de-la-UAEM-Carlos-barrera-expuso-su-plan-de-trabajo.jpeg 1675w, https:\/\/www.porlalibreedomex.com\/wp-content\/uploads\/2021\/04\/En-la-UAP_Chimalhuacan-el-aspirante-a-Rector-de-la-UAEM-Carlos-barrera-expuso-su-plan-de-trabajo-300x200.jpeg 300w, https:\/\/www.porlalibreedomex.com\/wp-content\/uploads\/2021\/04\/En-la-UAP_Chimalhuacan-el-aspirante-a-Rector-de-la-UAEM-Carlos-barrera-expuso-su-plan-de-trabajo-1024x683.jpeg 1024w, https:\/\/www.porlalibreedomex.com\/wp-content\/uploads\/2021\/04\/En-la-UAP_Chimalhuacan-el-aspirante-a-Rector-de-la-UAEM-Carlos-barrera-expuso-su-plan-de-trabajo-768x512.jpeg 768w, https:\/\/www.porlalibreedomex.com\/wp-content\/uploads\/2021\/04\/En-la-UAP_Chimalhuacan-el-aspirante-a-Rector-de-la-UAEM-Carlos-barrera-expuso-su-plan-de-trabajo-1536x1024.jpeg 1536w\" sizes=\"auto, (max-width: 1675px) 100vw, 1675px\" \/><\/a><\/p>\n<p>Agreg\u00f3 que -de ser favorecido con el voto del H. Consejo Universitario el pr\u00f3ximo 14 de mayo- <strong>se analizar\u00e1 la posibilidad de reducir el horario de salida del turno vespertino de todos los espacios de la UAEM\u00e9x para evitar riesgos para el estudiantado y el personal docente.\u00a0<\/strong><\/p>\n<p>\u201cDebemos retomar los aprendizajes de la contingencia sanitaria. Revisaremos el plan de estudios de todos los niveles para identificar qu\u00e9 asignaturas se pueden quedar en la modalidad a distancia, para reducir las horas que las y los estudiantes permanecen en los planteles y que la mayor\u00eda de las actividades presenciales se realicen durante el d\u00eda\u201d, consider\u00f3.<\/p>\n<p><a href=\"https:\/\/www.porlalibreedomex.com\/wp-content\/uploads\/2021\/04\/El-aspirante-a-Rector-Carlos-Barrera-Diaz-en-la-UAP_Chimalhuacan4.jpeg\"><img loading=\"lazy\" decoding=\"async\" class=\"aligncenter size-full wp-image-49285\" src=\"https:\/\/www.porlalibreedomex.com\/wp-content\/uploads\/2021\/04\/El-aspirante-a-Rector-Carlos-Barrera-Diaz-en-la-UAP_Chimalhuacan4.jpeg\" alt=\"\" width=\"1416\" height=\"944\" srcset=\"https:\/\/www.porlalibreedomex.com\/wp-content\/uploads\/2021\/04\/El-aspirante-a-Rector-Carlos-Barrera-Diaz-en-la-UAP_Chimalhuacan4.jpeg 1416w, https:\/\/www.porlalibreedomex.com\/wp-content\/uploads\/2021\/04\/El-aspirante-a-Rector-Carlos-Barrera-Diaz-en-la-UAP_Chimalhuacan4-300x200.jpeg 300w, https:\/\/www.porlalibreedomex.com\/wp-content\/uploads\/2021\/04\/El-aspirante-a-Rector-Carlos-Barrera-Diaz-en-la-UAP_Chimalhuacan4-1024x683.jpeg 1024w, https:\/\/www.porlalibreedomex.com\/wp-content\/uploads\/2021\/04\/El-aspirante-a-Rector-Carlos-Barrera-Diaz-en-la-UAP_Chimalhuacan4-768x512.jpeg 768w\" sizes=\"auto, (max-width: 1416px) 100vw, 1416px\" \/><\/a><\/p>\n<p>Ante las diferentes inquietudes que han manifestado integrantes de la comunidad universitaria en las Jornadas de Promoci\u00f3n y Comparecencias Institucionales, Barrera D\u00edaz indic\u00f3 que su estrategia contempla generar v\u00ednculos de colaboraci\u00f3n y di\u00e1logo permanente con instancias municipales, estatales y federales para reforzar la seguridad en la periferia de los planteles y espacios universitarios.<\/p>\n<p>El aspirante destac\u00f3 la experiencia que tiene la UAP Chimalhuac\u00e1n y el CU Nezahualc\u00f3yotl en la formaci\u00f3n de profesiones en la materia, ya que en ambos espacios de oferta la Licenciatura de Seguridad Ciudadana. \u201cDebemos aprovechar el conocimiento y las aportaciones de las y los universitarios para salvaguardar la integridad de nuestra comunidad y reforzar la seguridad de nuestros planteles\u201d, dijo.<\/p>\n<p>Barrera D\u00edaz reconoci\u00f3 el impacto de ambos espacios de la UAEM\u00e9x en el desarrollo en la zona oriente del Estado de M\u00e9xico, ya que la Unidad Acad\u00e9mica Profesional Chimalhuac\u00e1n y el Centro Universitario Nezahualc\u00f3yotl se edificaron en lo que antes eran rellenos sanitarios de la Zona Metropolitana del Valle de M\u00e9xico y ahora representan un espacio de desarrollo educativo y profesional para la juventud mexiquense.<\/p>\n<p>&nbsp;<\/p>\n","protected":false},"excerpt":{"rendered":"<p>&nbsp; \u00a0 El aspirante a Rector de la UAEM, Carlos Eduardo Barrera D\u00edaz, propone implementar estrategias para salvaguardar a la comunidad universitaria, sus bienes y la infraestructura institucional.\u00a0 Para reforzar la seguridad en la periferia de los planteles universitarios, se generar\u00e1n acciones conjuntas con instancias municipales, estatales y federales. Se analizar\u00e1 la posibilidad de reducir [&hellip;]<\/p>\n","protected":false},"author":3,"featured_media":49287,"comment_status":"open","ping_status":"open","sticky":false,"template":"","format":"standard","meta":{"footnotes":""},"categories":[9157,16],"tags":[22615,22614,22613],"class_list":{"0":"post-49284","1":"post","2":"type-post","3":"status-publish","4":"format-standard","5":"has-post-thumbnail","7":"category-edomex","8":"category-foto","9":"tag-aprender-de-la-contingencia-sanitaria","10":"tag-carlos-barrera-visito-uap-chimalhuacan","11":"tag-fortalecer-la-seguridad-en-la-uaem"},"wps_subtitle":"","_links":{"self":[{"href":"https:\/\/www.porlalibreedomex.com\/index.php?rest_route=\/wp\/v2\/posts\/49284","targetHints":{"allow":["GET"]}}],"collection":[{"href":"https:\/\/www.porlalibreedomex.com\/index.php?rest_route=\/wp\/v2\/posts"}],"about":[{"href":"https:\/\/www.porlalibreedomex.com\/index.php?rest_route=\/wp\/v2\/types\/post"}],"author":[{"embeddable":true,"href":"https:\/\/www.porlalibreedomex.com\/index.php?rest_route=\/wp\/v2\/users\/3"}],"replies":[{"embeddable":true,"href":"https:\/\/www.porlalibreedomex.com\/index.php?rest_route=%2Fwp%2Fv2%2Fcomments&post=49284"}],"version-history":[{"count":3,"href":"https:\/\/www.porlalibreedomex.com\/index.php?rest_route=\/wp\/v2\/posts\/49284\/revisions"}],"predecessor-version":[{"id":49290,"href":"https:\/\/www.porlalibreedomex.com\/index.php?rest_route=\/wp\/v2\/posts\/49284\/revisions\/49290"}],"wp:featuredmedia":[{"embeddable":true,"href":"https:\/\/www.porlalibreedomex.com\/index.php?rest_route=\/wp\/v2\/media\/49287"}],"wp:attachment":[{"href":"https:\/\/www.porlalibreedomex.com\/index.php?rest_route=%2Fwp%2Fv2%2Fmedia&parent=49284"}],"wp:term":[{"taxonomy":"category","embeddable":true,"href":"https:\/\/www.porlalibreedomex.com\/index.php?rest_route=%2Fwp%2Fv2%2Fcategories&post=49284"},{"taxonomy":"post_tag","embeddable":true,"href":"https:\/\/www.porlalibreedomex.com\/index.php?rest_route=%2Fwp%2Fv2%2Ftags&post=49284"}],"curies":[{"name":"wp","href":"https:\/\/api.w.org\/{rel}","templated":true}]}}