{"id":49174,"date":"2021-04-08T01:00:15","date_gmt":"2021-04-08T06:00:15","guid":{"rendered":"https:\/\/www.porlalibreedomex.com\/?p=49174"},"modified":"2021-04-09T01:00:58","modified_gmt":"2021-04-09T06:00:58","slug":"llega-festinarte-con-actividades-de-aprendizaje-y-diversion","status":"publish","type":"post","link":"https:\/\/www.porlalibreedomex.com\/?p=49174","title":{"rendered":"LLEGA FESTINARTE CON ACTIVIDADES DE APRENDIZAJE Y DIVERSI\u00d3N"},"content":{"rendered":"<p>&nbsp;<\/p>\n<ul>\n<li><em><strong>Ofrece Pat\u00e9 de Fu\u00e1 piezas para el p\u00fablico infantil.<\/strong><\/em><\/li>\n<li><em><strong>Sorprende talento del peque\u00f1o pianista Leo Miranda, al interpretar a los cl\u00e1sicos.<\/strong><\/em><\/li>\n<li><em><strong>Presentan obras de teatro que enfatizan los valores que caracterizan a los seres humanos.<\/strong><\/em><\/li>\n<\/ul>\n<p>&nbsp;<\/p>\n<p><strong>Toluca, Estado de M\u00e9xico, 8 de abril de 2021.<\/strong> En esta semana de Pascua, el p\u00fablico infantil que disfruta de vacaciones ha ocupado su tiempo en formar parte de Fest\u00ednArte 2021, a trav\u00e9s del cual los d\u00edas se convierten en entretenimiento, conocimiento y diversi\u00f3n.<\/p>\n<p>Con actividades de calidad transmitidas por Facebook y Twitter, en @CulturaEdomex, y pensadas en el fortalecimiento de los valores, as\u00ed como en el acompa\u00f1amiento de las y los peque\u00f1os en esta \u00e9poca de contingencia, Fest\u00ednArte ha estado lleno de m\u00fasica, teatro, talleres y clown.<\/p>\n<p>En esta ocasi\u00f3n presentaron dos conciertos a cargo de Pat\u00e9 de Fu\u00e1 que, con cerca de mil seguidores en vivo, result\u00f3 un \u00e9xito que se vio reflejado en los comentarios de quienes disfrutaron de las canciones de esta banda que fusiona g\u00e9neros como el dixieland, jazz tradicional, tango, pasodoble y musette, entre otros.<\/p>\n<p>Se escucharon piezas de sus producciones discogr\u00e1ficas como El tren de la alegr\u00eda, Vamos a morir, El fantasma enamorado y la canci\u00f3n de Linyera.<\/p>\n<p><a href=\"https:\/\/www.porlalibreedomex.com\/wp-content\/uploads\/2021\/04\/Actividades-culturales-para-el-publico-infantil-en-FestinArte-2021.-2021-04-08.jpeg\"><img loading=\"lazy\" decoding=\"async\" class=\"aligncenter size-full wp-image-49176\" src=\"https:\/\/www.porlalibreedomex.com\/wp-content\/uploads\/2021\/04\/Actividades-culturales-para-el-publico-infantil-en-FestinArte-2021.-2021-04-08.jpeg\" alt=\"\" width=\"1100\" height=\"599\" srcset=\"https:\/\/www.porlalibreedomex.com\/wp-content\/uploads\/2021\/04\/Actividades-culturales-para-el-publico-infantil-en-FestinArte-2021.-2021-04-08.jpeg 1100w, https:\/\/www.porlalibreedomex.com\/wp-content\/uploads\/2021\/04\/Actividades-culturales-para-el-publico-infantil-en-FestinArte-2021.-2021-04-08-300x163.jpeg 300w, https:\/\/www.porlalibreedomex.com\/wp-content\/uploads\/2021\/04\/Actividades-culturales-para-el-publico-infantil-en-FestinArte-2021.-2021-04-08-1024x558.jpeg 1024w, https:\/\/www.porlalibreedomex.com\/wp-content\/uploads\/2021\/04\/Actividades-culturales-para-el-publico-infantil-en-FestinArte-2021.-2021-04-08-768x418.jpeg 768w\" sizes=\"auto, (max-width: 1100px) 100vw, 1100px\" \/><\/a><\/p>\n<p>Tambi\u00e9n interpretaron piezas de Cri-Cri como El rat\u00f3n vaquero y Caminito de la escuela que, a decir de Yayo Gonz\u00e1lez, estuvo dirigida a las maestras y maestros que han hecho un gran esfuerzo para impartir las clases virtuales en esta pandemia.<\/p>\n<p>Asimismo, desde el Centro Cultural Mexiquense Bicentenario, en Texcoco, tuvo lugar el concierto de piano a cargo de Jos\u00e9 Leonardo Miranda, peque\u00f1o pianista que, con 10 a\u00f1os de edad, es un prodigio de la regi\u00f3n de la monta\u00f1a.<\/p>\n<p>Leo Miranda ha realizado cinco arreglos sinf\u00f3nicos que ha estrenado en la Banda Sinf\u00f3nica Municipal de Texcoco y, en esta ocasi\u00f3n, interpret\u00f3 el preludio en Do mayor de Bach, la Sonata 20 de Beethoven, el Vals en La menor de Chopin, el Opus 69 de Shostakovich, el Vals po\u00e9tico de Felipe Villanueva y el paso doble La Carmen de Chamberi, de Agust\u00edn Lara.<\/p>\n<p>En cuanto a teatro se refiere, Blanca Estela Gil y Leonardo Armenta presentaron la obra de teatro \u201cConchita y su amigo imaginario\u201d, que habla de la importancia del amor en la familia, a trav\u00e9s de la imaginaci\u00f3n del personaje principal, una ni\u00f1a llamada Conchita, a quien le toc\u00f3 vivir una serie de conflictos que ten\u00edan sus padres, su desesperaci\u00f3n por ver juntos a sus progenitores la hicieron salir de casa junto con su amigo imaginario, quienes vivieron aventuras para tratar de encontrar el ingrediente que los unir\u00eda nuevamente y era el amor.<\/p>\n<figure id=\"attachment_49177\" aria-describedby=\"caption-attachment-49177\" style=\"width: 1100px\" class=\"wp-caption aligncenter\"><a href=\"https:\/\/www.porlalibreedomex.com\/wp-content\/uploads\/2021\/04\/Sorprendio-el-talento-del-pequeno-pianista-Leo-Miranda-al-interpretar-a-los-clasicos.-2021-04-08-at-10.42.03-AM.jpeg\"><img loading=\"lazy\" decoding=\"async\" class=\"size-full wp-image-49177\" src=\"https:\/\/www.porlalibreedomex.com\/wp-content\/uploads\/2021\/04\/Sorprendio-el-talento-del-pequeno-pianista-Leo-Miranda-al-interpretar-a-los-clasicos.-2021-04-08-at-10.42.03-AM.jpeg\" alt=\"\" width=\"1100\" height=\"605\" srcset=\"https:\/\/www.porlalibreedomex.com\/wp-content\/uploads\/2021\/04\/Sorprendio-el-talento-del-pequeno-pianista-Leo-Miranda-al-interpretar-a-los-clasicos.-2021-04-08-at-10.42.03-AM.jpeg 1100w, https:\/\/www.porlalibreedomex.com\/wp-content\/uploads\/2021\/04\/Sorprendio-el-talento-del-pequeno-pianista-Leo-Miranda-al-interpretar-a-los-clasicos.-2021-04-08-at-10.42.03-AM-300x165.jpeg 300w, https:\/\/www.porlalibreedomex.com\/wp-content\/uploads\/2021\/04\/Sorprendio-el-talento-del-pequeno-pianista-Leo-Miranda-al-interpretar-a-los-clasicos.-2021-04-08-at-10.42.03-AM-1024x563.jpeg 1024w, https:\/\/www.porlalibreedomex.com\/wp-content\/uploads\/2021\/04\/Sorprendio-el-talento-del-pequeno-pianista-Leo-Miranda-al-interpretar-a-los-clasicos.-2021-04-08-at-10.42.03-AM-768x422.jpeg 768w\" sizes=\"auto, (max-width: 1100px) 100vw, 1100px\" \/><\/a><figcaption id=\"caption-attachment-49177\" class=\"wp-caption-text\">Sorprendi\u00f3 el talento del peque\u00f1o pianista Leo Miranda, al interpretar a los cl\u00e1sicos, en el marco de FestinArte 2021.<\/figcaption><\/figure>\n<p>&nbsp;<\/p>\n<p>En este mismo escenario, el p\u00fablico infantil disfrut\u00f3 de la puesta en escena \u201cCamila y Ayer\u201d, la conmovedora, pero divertida historia de una ni\u00f1a que pod\u00eda viajar a lugares locos y extraordinarios, especialmente cuando dorm\u00eda; as\u00ed fue al circo, lugar que amaba visitar, ya que fue el \u00faltimo lugar al que su padre la llev\u00f3 antes de morir.<\/p>\n<p>Por medio de algunos t\u00edteres y m\u00fasica Blanch, la viajera del arte, present\u00f3 \u201cEl elefantito que quer\u00eda tocar el piano\u201d, a cargo de Minotauro espect\u00e1culos, donde contaron la historia de Ernesto, un peque\u00f1o elefante que so\u00f1aba con ser un gran pianista y para ello emprendi\u00f3 un viaje por varios lugares del mundo, acompa\u00f1ado de su amiga la golondrina, quien le ense\u00f1\u00f3 que para cumplir su sue\u00f1o ten\u00eda que perseverar, no tener miedo y siempre tener ganas de querer cumplir lo que le gusta.<\/p>\n<p>Despu\u00e9s de haber roto 444 pianos Ernesto cumpli\u00f3 su sue\u00f1o de ser un gran m\u00fasico, y aprendi\u00f3 que los miedos son un mal elemento que obstaculizan los sue\u00f1os. Adultos y ni\u00f1os pudieron disfrutar de estas maravillosas presentaciones llenas de magia, imaginaci\u00f3n y alegr\u00eda.<\/p>\n<p>Estas actividades se pueden seguir a trav\u00e9s de las redes sociales por Facebook y Twitter en @CulturaEdomex, lugar donde est\u00e1 disponible Fest\u00ednArte, que termina el 10 de abril.<\/p>\n","protected":false},"excerpt":{"rendered":"<p>&nbsp; Ofrece Pat\u00e9 de Fu\u00e1 piezas para el p\u00fablico infantil. Sorprende talento del peque\u00f1o pianista Leo Miranda, al interpretar a los cl\u00e1sicos. Presentan obras de teatro que enfatizan los valores que caracterizan a los seres humanos. &nbsp; Toluca, Estado de M\u00e9xico, 8 de abril de 2021. En esta semana de Pascua, el p\u00fablico infantil que [&hellip;]<\/p>\n","protected":false},"author":3,"featured_media":49175,"comment_status":"open","ping_status":"open","sticky":false,"template":"","format":"standard","meta":{"footnotes":""},"categories":[9873,9157,16],"tags":[22557,22558,10636],"class_list":{"0":"post-49174","1":"post","2":"type-post","3":"status-publish","4":"format-standard","5":"has-post-thumbnail","7":"category-cultura","8":"category-edomex","9":"category-foto","10":"tag-festinarte-2021","11":"tag-presentacion-de-pate-de-fua","12":"tag-secretaria-de-cultura-edomex"},"wps_subtitle":"","_links":{"self":[{"href":"https:\/\/www.porlalibreedomex.com\/index.php?rest_route=\/wp\/v2\/posts\/49174","targetHints":{"allow":["GET"]}}],"collection":[{"href":"https:\/\/www.porlalibreedomex.com\/index.php?rest_route=\/wp\/v2\/posts"}],"about":[{"href":"https:\/\/www.porlalibreedomex.com\/index.php?rest_route=\/wp\/v2\/types\/post"}],"author":[{"embeddable":true,"href":"https:\/\/www.porlalibreedomex.com\/index.php?rest_route=\/wp\/v2\/users\/3"}],"replies":[{"embeddable":true,"href":"https:\/\/www.porlalibreedomex.com\/index.php?rest_route=%2Fwp%2Fv2%2Fcomments&post=49174"}],"version-history":[{"count":2,"href":"https:\/\/www.porlalibreedomex.com\/index.php?rest_route=\/wp\/v2\/posts\/49174\/revisions"}],"predecessor-version":[{"id":49179,"href":"https:\/\/www.porlalibreedomex.com\/index.php?rest_route=\/wp\/v2\/posts\/49174\/revisions\/49179"}],"wp:featuredmedia":[{"embeddable":true,"href":"https:\/\/www.porlalibreedomex.com\/index.php?rest_route=\/wp\/v2\/media\/49175"}],"wp:attachment":[{"href":"https:\/\/www.porlalibreedomex.com\/index.php?rest_route=%2Fwp%2Fv2%2Fmedia&parent=49174"}],"wp:term":[{"taxonomy":"category","embeddable":true,"href":"https:\/\/www.porlalibreedomex.com\/index.php?rest_route=%2Fwp%2Fv2%2Fcategories&post=49174"},{"taxonomy":"post_tag","embeddable":true,"href":"https:\/\/www.porlalibreedomex.com\/index.php?rest_route=%2Fwp%2Fv2%2Ftags&post=49174"}],"curies":[{"name":"wp","href":"https:\/\/api.w.org\/{rel}","templated":true}]}}