{"id":49170,"date":"2021-04-08T00:30:40","date_gmt":"2021-04-08T05:30:40","guid":{"rendered":"https:\/\/www.porlalibreedomex.com\/?p=49170"},"modified":"2021-04-09T00:31:31","modified_gmt":"2021-04-09T05:31:31","slug":"propone-el-pri-crear-consejo-ciudadano-de-la-juventud-en-el-estado-de-mexico","status":"publish","type":"post","link":"https:\/\/www.porlalibreedomex.com\/?p=49170","title":{"rendered":"PROPONE EL PRI CREAR CONSEJO CIUDADANO DE LA JUVENTUD EN EL ESTADO DE M\u00c9XICO"},"content":{"rendered":"<div class=\"gE iv gt\"><\/div>\n<div class=\"\">\n<div class=\"aHl\"><\/div>\n<div id=\":2r\" tabindex=\"-1\"><\/div>\n<div id=\":43\" class=\"ii gt\">\n<div id=\":3y\" class=\"a3s aiL \">\n<p><strong>Bettina Falc\u00f3n Valerdi<\/strong><\/p>\n<\/div>\n<div><\/div>\n<div class=\"a3s aiL \"><strong>Toluca, Estado de M\u00e9xico, 8 de abril de 2021.-<\/strong> Con la finalidad de que el Instituto M\u00e9xiquense de la Juventud (IMEJ), cuente con un \u00f3rgano de opini\u00f3n y consulta en materia de programas y acciones orientadas a los j\u00f3venes, la diputada del PRI, Grithzel Fuentes L\u00f3pez present\u00f3 ante el pleno de la LX Legislatura, una iniciativa para crear un Consejo Ciudadano de la Juventud, el cual propiciar\u00e1 la participaci\u00f3n del sector juvenil en la construcci\u00f3n de pol\u00edticas p\u00fablicas.<br \/>\nFuentes Flores consider\u00f3 que a trav\u00e9s de este Consejo se brindar\u00e1 una atenci\u00f3n m\u00e1s integral a los j\u00f3venes acorde a los desaf\u00edos que hoy en d\u00eda enfrentan.<br \/>\nRefiri\u00f3 que en el a\u00f1o 2010 se expidi\u00f3 la Ley de la Juventud del Estado de M\u00e9xico, y que ello represent\u00f3 un importante esfuerzo normativo para favorecer el desarrollo de los j\u00f3venes; sin embargo, dijo \u201ces oportuno fortalecer dicho ordenamiento mediante reformas que se ajusten a las nuevas realidades sociales\u201d.<br \/>\nLa legisladora proponente destac\u00f3 que los j\u00f3venes son agentes de cambio social y que en unidad y a trav\u00e9s de la participaci\u00f3n activa heredar\u00e1n a las futuras generaciones una sociedad m\u00e1s justa y con instituciones m\u00e1s s\u00f3lidas.<br \/>\nLa iniciativa que busca adicionar una fracci\u00f3n Bis al art\u00edculo 3 y los art\u00edculos 15 Bis y 15 Ter a la Ley de la Juventud del Estado de M\u00e9xico,\u00a0 se remiti\u00f3 a la Comisi\u00f3n legislativa de la Juventud y el Deporte para su estudio y dictamen.<\/div>\n<\/div>\n<\/div>\n","protected":false},"excerpt":{"rendered":"<p>Bettina Falc\u00f3n Valerdi Toluca, Estado de M\u00e9xico, 8 de abril de 2021.- Con la finalidad de que el Instituto M\u00e9xiquense de la Juventud (IMEJ), cuente con un \u00f3rgano de opini\u00f3n y consulta en materia de programas y acciones orientadas a los j\u00f3venes, la diputada del PRI, Grithzel Fuentes L\u00f3pez present\u00f3 ante el pleno de la [&hellip;]<\/p>\n","protected":false},"author":3,"featured_media":49171,"comment_status":"open","ping_status":"open","sticky":false,"template":"","format":"standard","meta":{"footnotes":""},"categories":[9157,16],"tags":[22554,22555,22556],"class_list":{"0":"post-49170","1":"post","2":"type-post","3":"status-publish","4":"format-standard","5":"has-post-thumbnail","7":"category-edomex","8":"category-foto","9":"tag-consejo-ciudadano-de-la-juventud","10":"tag-dip-grithzel-fuentes-lopez","11":"tag-ley-de-la-juventud-del-estado-de-mexico"},"wps_subtitle":"La diputada del PRI, Grithzel Fuentes L\u00f3pez present\u00f3 ante el pleno de la LX Legislatura la iniciativa","_links":{"self":[{"href":"https:\/\/www.porlalibreedomex.com\/index.php?rest_route=\/wp\/v2\/posts\/49170","targetHints":{"allow":["GET"]}}],"collection":[{"href":"https:\/\/www.porlalibreedomex.com\/index.php?rest_route=\/wp\/v2\/posts"}],"about":[{"href":"https:\/\/www.porlalibreedomex.com\/index.php?rest_route=\/wp\/v2\/types\/post"}],"author":[{"embeddable":true,"href":"https:\/\/www.porlalibreedomex.com\/index.php?rest_route=\/wp\/v2\/users\/3"}],"replies":[{"embeddable":true,"href":"https:\/\/www.porlalibreedomex.com\/index.php?rest_route=%2Fwp%2Fv2%2Fcomments&post=49170"}],"version-history":[{"count":2,"href":"https:\/\/www.porlalibreedomex.com\/index.php?rest_route=\/wp\/v2\/posts\/49170\/revisions"}],"predecessor-version":[{"id":49173,"href":"https:\/\/www.porlalibreedomex.com\/index.php?rest_route=\/wp\/v2\/posts\/49170\/revisions\/49173"}],"wp:featuredmedia":[{"embeddable":true,"href":"https:\/\/www.porlalibreedomex.com\/index.php?rest_route=\/wp\/v2\/media\/49171"}],"wp:attachment":[{"href":"https:\/\/www.porlalibreedomex.com\/index.php?rest_route=%2Fwp%2Fv2%2Fmedia&parent=49170"}],"wp:term":[{"taxonomy":"category","embeddable":true,"href":"https:\/\/www.porlalibreedomex.com\/index.php?rest_route=%2Fwp%2Fv2%2Fcategories&post=49170"},{"taxonomy":"post_tag","embeddable":true,"href":"https:\/\/www.porlalibreedomex.com\/index.php?rest_route=%2Fwp%2Fv2%2Ftags&post=49170"}],"curies":[{"name":"wp","href":"https:\/\/api.w.org\/{rel}","templated":true}]}}