{"id":49080,"date":"2021-04-04T03:53:48","date_gmt":"2021-04-04T08:53:48","guid":{"rendered":"https:\/\/www.porlalibreedomex.com\/?p=49080"},"modified":"2021-04-05T02:56:53","modified_gmt":"2021-04-05T07:56:53","slug":"dialogo-productivo-en-primera-etapa-de-comparecencias-carlos-eduardo-barrera-diaz","status":"publish","type":"post","link":"https:\/\/www.porlalibreedomex.com\/?p=49080","title":{"rendered":"\u00a0DI\u00c1LOGO PRODUCTIVO EN PRIMERA ETAPA  \u00a0DE COMPARECENCIAS: CARLOS EDUARDO BARRERA D\u00cdAZ"},"content":{"rendered":"<p>&nbsp;<\/p>\n<p><em>\u00a0<\/em><\/p>\n<ul>\n<li><strong><em>El aspirante de la Rector\u00eda de la UAEM ha recibido m\u00e1s de 700 preguntas durante la primera etapa de las Jornadas de Promoci\u00f3n y Comparecencias Institucionales.<\/em><\/strong><\/li>\n<li><em>Suman m\u00e1s de 60 horas de di\u00e1logo directo con integrantes de 30 espacios universitarios.\u00a0<\/em><\/li>\n<li><em>Destaca que las aportaciones de la comunidad universitaria enriquecen el proyecto \u201cIntegridad e Inclusi\u00f3n Universitarias 2021-2025\u201d. <\/em><\/li>\n<\/ul>\n<p><strong><em> Toluca, Estado de M\u00e9xico, 4 de abril 2021. <\/em><\/strong>Carlos Eduardo Barrera D\u00edaz, aspirante a Rector de la Universidad Aut\u00f3noma del Estado de M\u00e9xico (UAEM), consider\u00f3 que la primera parte de las Jornadas de Promoci\u00f3n y Comparecencias Institucionales -que se desarrollaron 4 al 26 de marzo- le han permitido establecer un di\u00e1logo productivo con la comunidad universitaria para conocer sus necesidades m\u00e1s apremiantes y sus propuestas para mejorar la instituci\u00f3n.<\/p>\n<p>Agreg\u00f3 que <strong>los encuentros presenciales y virtuales con estudiantes, docentes y personal administrativo de 30 espacios universitarios han favorecido\u00a0 el intercambio de ideas y permitir\u00e1 construir una universidad que responda a los retos actuales en los \u00e1mbitos social, econ\u00f3mico y cultural. \u201cNuestro objetivo es consolidar a la UAEM como una instituci\u00f3n \u00edntegra, incluyente y con visi\u00f3n de futuro<\/strong>\u201d, dijo.<a href=\"https:\/\/www.porlalibreedomex.com\/wp-content\/uploads\/2021\/04\/Dr.-Carlos-Eduardo-Barrera-para-Rector-de-la-UAEM.-20210404_102602_165.jpg\"><img loading=\"lazy\" decoding=\"async\" class=\"alignleft size-medium wp-image-49081\" src=\"https:\/\/www.porlalibreedomex.com\/wp-content\/uploads\/2021\/04\/Dr.-Carlos-Eduardo-Barrera-para-Rector-de-la-UAEM.-20210404_102602_165-300x230.jpg\" alt=\"\" width=\"300\" height=\"230\" srcset=\"https:\/\/www.porlalibreedomex.com\/wp-content\/uploads\/2021\/04\/Dr.-Carlos-Eduardo-Barrera-para-Rector-de-la-UAEM.-20210404_102602_165-300x230.jpg 300w, https:\/\/www.porlalibreedomex.com\/wp-content\/uploads\/2021\/04\/Dr.-Carlos-Eduardo-Barrera-para-Rector-de-la-UAEM.-20210404_102602_165-1024x784.jpg 1024w, https:\/\/www.porlalibreedomex.com\/wp-content\/uploads\/2021\/04\/Dr.-Carlos-Eduardo-Barrera-para-Rector-de-la-UAEM.-20210404_102602_165-768x588.jpg 768w, https:\/\/www.porlalibreedomex.com\/wp-content\/uploads\/2021\/04\/Dr.-Carlos-Eduardo-Barrera-para-Rector-de-la-UAEM.-20210404_102602_165.jpg 1280w\" sizes=\"auto, (max-width: 300px) 100vw, 300px\" \/><\/a><\/p>\n<p><strong>En lo que va del proceso de sucesi\u00f3n de la Rector\u00eda de la Instituci\u00f3n, Barrera D\u00edaz ha recibido 733 preguntas, &#8211; las cuales ha respondido- de las cuales, 379 han sido planteadas por personal acad\u00e9mico, 241 por el estudiantado y 113 por personal administrativo.<\/strong> Es este ejercicio, suman m\u00e1s de 60 horas de di\u00e1logo directo y abierto con integrantes de ocho facultades, ocho centros universitarios, siete escuelas preparatorias, cuatro unidades acad\u00e9micas, dos institutos de investigaci\u00f3n y una escuela.<\/p>\n<p>Entre las principales inquietudes, preocupaciones y propuestas est\u00e1 mejorar la infraestructura, equipamiento para aulas y laboratorios, entregar un mayor n\u00famero de becas, elevar la calidad educativa, realizar nuevas contrataciones, implementar medidas ante la violencia de g\u00e9nero, transparentar las finanzas universitarias, emprender acciones para el cuidado del medio ambiente, impulsar el deporte, ateder la salud f\u00edsica y mental.<\/p>\n<p>\u201cEstos encuentros nos marcar\u00e1n la pauta y nos gustar\u00eda que, de ser favorecidos con el voto de H. Consejo Universitario, la comunidad universitaria nos permita estar con ella, para que conozcamos sus necesidades m\u00e1s sensibles y trabajar de manera conjunta. Mi compromiso es construir un di\u00e1logo permanente sin importar en qu\u00e9 plantel se encuentran\u201d, asever\u00f3.<\/p>\n<p><a href=\"https:\/\/www.porlalibreedomex.com\/wp-content\/uploads\/2021\/04\/Dialogo-enriquecedor-con-la-comunidad-Universitaria-UAEM.-Dr.-Carlos-Barrera.-_20210404_102556_642.jpg\"><img loading=\"lazy\" decoding=\"async\" class=\"aligncenter size-large wp-image-49082\" src=\"https:\/\/www.porlalibreedomex.com\/wp-content\/uploads\/2021\/04\/Dialogo-enriquecedor-con-la-comunidad-Universitaria-UAEM.-Dr.-Carlos-Barrera.-_20210404_102556_642-1024x682.jpg\" alt=\"\" width=\"800\" height=\"533\" srcset=\"https:\/\/www.porlalibreedomex.com\/wp-content\/uploads\/2021\/04\/Dialogo-enriquecedor-con-la-comunidad-Universitaria-UAEM.-Dr.-Carlos-Barrera.-_20210404_102556_642-1024x682.jpg 1024w, https:\/\/www.porlalibreedomex.com\/wp-content\/uploads\/2021\/04\/Dialogo-enriquecedor-con-la-comunidad-Universitaria-UAEM.-Dr.-Carlos-Barrera.-_20210404_102556_642-300x200.jpg 300w, https:\/\/www.porlalibreedomex.com\/wp-content\/uploads\/2021\/04\/Dialogo-enriquecedor-con-la-comunidad-Universitaria-UAEM.-Dr.-Carlos-Barrera.-_20210404_102556_642-768x512.jpg 768w, https:\/\/www.porlalibreedomex.com\/wp-content\/uploads\/2021\/04\/Dialogo-enriquecedor-con-la-comunidad-Universitaria-UAEM.-Dr.-Carlos-Barrera.-_20210404_102556_642.jpg 1280w\" sizes=\"auto, (max-width: 800px) 100vw, 800px\" \/><\/a><\/p>\n<p>&nbsp;<\/p>\n<p>Durante 16 d\u00edas de actividades se han recorrido mil 214 kil\u00f3metros del Estado de M\u00e9xico para visitar planteles de la UAEM\u00e9x ubicados en 14 municipios: Toluca, Tenancingo, Tejupilco, Temascaltepec, Huehuetoca, Zumpango, Almoloya de Alquisiras, Atizap\u00e1n de Zaragoza, Cuautitl\u00e1n Izcalli, Axapusco, Acolman, Ecatepec, Texcoco y Atlacomulco.<\/p>\n<p>Despu\u00e9s del receso de una semana por el periodo vacacional, este lunes 5 abril se retomar\u00e1n las actividades del proceso de sucesi\u00f3n de la Rector\u00eda de la UAEM\u00e9x -que como lo marca la convocatoria- hasta el 30 de abril se desarrollar\u00e1n las Jornadas de Promoci\u00f3n y Comparecencias Institucionales para que la comunidad universitaria conozca y opine sobre las propuestas para los siguientes cuatro a\u00f1os.<\/p>\n","protected":false},"excerpt":{"rendered":"<p>&nbsp; \u00a0 El aspirante de la Rector\u00eda de la UAEM ha recibido m\u00e1s de 700 preguntas durante la primera etapa de las Jornadas de Promoci\u00f3n y Comparecencias Institucionales. Suman m\u00e1s de 60 horas de di\u00e1logo directo con integrantes de 30 espacios universitarios.\u00a0 Destaca que las aportaciones de la comunidad universitaria enriquecen el proyecto \u201cIntegridad e [&hellip;]<\/p>\n","protected":false},"author":3,"featured_media":49083,"comment_status":"open","ping_status":"open","sticky":false,"template":"","format":"standard","meta":{"footnotes":""},"categories":[9157,16],"tags":[10271,22514,22515,22516],"class_list":{"0":"post-49080","1":"post","2":"type-post","3":"status-publish","4":"format-standard","5":"has-post-thumbnail","7":"category-edomex","8":"category-foto","9":"tag-carlos-eduardo-barrera-diaz","10":"tag-dialogo-candidato-a-rector-uaem","11":"tag-intercambio-de-ideas-con-universitarios","12":"tag-propuestas-para-mejorar-la-uaem"},"wps_subtitle":"","_links":{"self":[{"href":"https:\/\/www.porlalibreedomex.com\/index.php?rest_route=\/wp\/v2\/posts\/49080","targetHints":{"allow":["GET"]}}],"collection":[{"href":"https:\/\/www.porlalibreedomex.com\/index.php?rest_route=\/wp\/v2\/posts"}],"about":[{"href":"https:\/\/www.porlalibreedomex.com\/index.php?rest_route=\/wp\/v2\/types\/post"}],"author":[{"embeddable":true,"href":"https:\/\/www.porlalibreedomex.com\/index.php?rest_route=\/wp\/v2\/users\/3"}],"replies":[{"embeddable":true,"href":"https:\/\/www.porlalibreedomex.com\/index.php?rest_route=%2Fwp%2Fv2%2Fcomments&post=49080"}],"version-history":[{"count":3,"href":"https:\/\/www.porlalibreedomex.com\/index.php?rest_route=\/wp\/v2\/posts\/49080\/revisions"}],"predecessor-version":[{"id":49086,"href":"https:\/\/www.porlalibreedomex.com\/index.php?rest_route=\/wp\/v2\/posts\/49080\/revisions\/49086"}],"wp:featuredmedia":[{"embeddable":true,"href":"https:\/\/www.porlalibreedomex.com\/index.php?rest_route=\/wp\/v2\/media\/49083"}],"wp:attachment":[{"href":"https:\/\/www.porlalibreedomex.com\/index.php?rest_route=%2Fwp%2Fv2%2Fmedia&parent=49080"}],"wp:term":[{"taxonomy":"category","embeddable":true,"href":"https:\/\/www.porlalibreedomex.com\/index.php?rest_route=%2Fwp%2Fv2%2Fcategories&post=49080"},{"taxonomy":"post_tag","embeddable":true,"href":"https:\/\/www.porlalibreedomex.com\/index.php?rest_route=%2Fwp%2Fv2%2Ftags&post=49080"}],"curies":[{"name":"wp","href":"https:\/\/api.w.org\/{rel}","templated":true}]}}