{"id":48560,"date":"2021-03-17T00:57:11","date_gmt":"2021-03-17T06:57:11","guid":{"rendered":"https:\/\/www.porlalibreedomex.com\/?p=48560"},"modified":"2021-03-18T00:57:36","modified_gmt":"2021-03-18T06:57:36","slug":"el-ieem-crea-un-comite-covid-adscrito-a-la-secretaria-ejecutiva-para-evitar-y-combatir-brotes","status":"publish","type":"post","link":"https:\/\/www.porlalibreedomex.com\/?p=48560","title":{"rendered":"EL IEEM CREA UN \u00abCOMIT\u00c9 COVID\u00bb , ADSCRITO A LA SECRETAR\u00cdA EJECUTIVA, PARA EVITAR Y COMBATIR BROTES"},"content":{"rendered":"<div class=\"aju\">\n<div class=\"aCi\"><\/div>\n<\/div>\n<div class=\"gs\">\n<div class=\"\">\n<div id=\":qb\" tabindex=\"-1\"><\/div>\n<div id=\":px\" class=\"ii gt\">\n<div id=\":pw\" class=\"a3s aiL \">\n<p><strong>Bettina Falc\u00f3n Valerdi<\/strong><\/p>\n<\/div>\n<div><\/div>\n<div class=\"a3s aiL \"><strong>Toluca, Estado de M\u00e9xico, 17 de marzo de 2021.-<\/strong> Con la finalidad de garantizar sanidad a lo largo del proceso electoral, el Instituto Electoral del Estado de M\u00e9xico (IEEM), estableci\u00f3 de manera interna un Comit\u00e9 Covid, que est\u00e1 adscrito al \u00e1rea de la Secretar\u00eda Ejecutiva, el cual dar\u00e1 seguimiento del personal que pudiera estar contagiado\u00a0 del SARS CoV-2, y as\u00ed evitar brotes o una cadena de contagios al interior de la instituci\u00f3n, ahora que iniciar\u00e1 el registro de candidaturas, entre actividades presenciales.<br \/>\nLa consejera presidenta interina del IEEM, Laura Daniella Dur\u00e1n Ceja, inform\u00f3 que el seguimiento que llevar\u00e1 a cabo este Comit\u00e9, incluye el acompa\u00f1amiento durante la enfermedad, para ayudar y llevar de la mano e, incluso, canalizar a alguna instituci\u00f3n de salud donde quien presente s\u00edntomas de Covid-19, reciba la atenci\u00f3n adecuada para su caso.<br \/>\nAgreg\u00f3 que la semana pasada este personal de las \u00e1reas de protecci\u00f3n civil, salud y apoyo institucional ya hizo un an\u00e1lisis la semana pasada, de la situaci\u00f3n en la que se encuentran trabajando los \u00f3rganos desconcentrados del IEEM, con la finalidad de contar con un diagn\u00f3stico preventivo.<br \/>\nPor otra parte, en su d\u00e9cimo tercera sesi\u00f3n extraordinaria, el Consejo General del Instituto Electoral del Estado de M\u00e9xico aprob\u00f3 la impresi\u00f3n de los formatos \u00fanicos de la documentaci\u00f3n electoral donde est\u00e1n incluidas las boletas electorales; actas de jornada electoral; actas de escrutinio y c\u00f3mputo; cuadernillos de operaciones; las actas de electores en tr\u00e1nsito.<br \/>\nDuran Ceja precis\u00f3 que como la lista nominal consta de m\u00e1s-menos 12 millones de electores, se imprimir\u00e1n 13 millones de boletas electorales para ayuntamientos y otros 13 millones de boletas para la elecci\u00f3n de diputados; 40 mil juegos de las actas de jornada electoral y la misma cantidad de documentos para escrutinio y c\u00f3mputo para cada una de las elecciones de ayuntamientos y diputados y, documentos sin emblemas se imprimir\u00e1n 130 juegos.<br \/>\nAsimismo aclar\u00f3 que los integrantes del Consejo Electoral no tienen injerencia en la adjudicaci\u00f3n de los contratos para la impresi\u00f3n de estos documentos electorales, porque esta actividad es facultad del Comit\u00e9 de Administraci\u00f3n quien ser\u00e1 el que decida qu\u00e9 empresa o empresas los elaborar\u00e1n.<br \/>\nTambi\u00e9n destac\u00f3 que la Contralor\u00eda vigilar\u00e1 de manera cercana todo este proceso de adquisici\u00f3n y elaboraci\u00f3n, el cual inicia con la emisi\u00f3n de las bases para participar en la adjudicaci\u00f3n y concluye tres semanas despu\u00e9s.<br \/>\nAdem\u00e1s refiri\u00f3 que actualmente las compras no se realizan en combos, donde se adjudicaba todo el material a una sola empresa, lo cual imped\u00eda conocer el costo unitario de los distintos documentos y generaba suspicacias y finalmente confirm\u00f3 que no se modific\u00f3 el formato de los formatos porque el INE as\u00ed lo determin\u00f3.<\/div>\n<\/div>\n<\/div>\n<\/div>\n","protected":false},"excerpt":{"rendered":"<p>Bettina Falc\u00f3n Valerdi Toluca, Estado de M\u00e9xico, 17 de marzo de 2021.- Con la finalidad de garantizar sanidad a lo largo del proceso electoral, el Instituto Electoral del Estado de M\u00e9xico (IEEM), estableci\u00f3 de manera interna un Comit\u00e9 Covid, que est\u00e1 adscrito al \u00e1rea de la Secretar\u00eda Ejecutiva, el cual dar\u00e1 seguimiento del personal que [&hellip;]<\/p>\n","protected":false},"author":3,"featured_media":48561,"comment_status":"open","ping_status":"open","sticky":false,"template":"","format":"standard","meta":{"footnotes":""},"categories":[9157,16,9209],"tags":[22256,22258,22257],"class_list":{"0":"post-48560","1":"post","2":"type-post","3":"status-publish","4":"format-standard","5":"has-post-thumbnail","7":"category-edomex","8":"category-foto","9":"category-salud","10":"tag-comite-covid-en-el-ieem","11":"tag-comite-covid-participara-en-elecciones","12":"tag-previene-el-ieem-el-covid"},"wps_subtitle":"","_links":{"self":[{"href":"https:\/\/www.porlalibreedomex.com\/index.php?rest_route=\/wp\/v2\/posts\/48560","targetHints":{"allow":["GET"]}}],"collection":[{"href":"https:\/\/www.porlalibreedomex.com\/index.php?rest_route=\/wp\/v2\/posts"}],"about":[{"href":"https:\/\/www.porlalibreedomex.com\/index.php?rest_route=\/wp\/v2\/types\/post"}],"author":[{"embeddable":true,"href":"https:\/\/www.porlalibreedomex.com\/index.php?rest_route=\/wp\/v2\/users\/3"}],"replies":[{"embeddable":true,"href":"https:\/\/www.porlalibreedomex.com\/index.php?rest_route=%2Fwp%2Fv2%2Fcomments&post=48560"}],"version-history":[{"count":1,"href":"https:\/\/www.porlalibreedomex.com\/index.php?rest_route=\/wp\/v2\/posts\/48560\/revisions"}],"predecessor-version":[{"id":48563,"href":"https:\/\/www.porlalibreedomex.com\/index.php?rest_route=\/wp\/v2\/posts\/48560\/revisions\/48563"}],"wp:featuredmedia":[{"embeddable":true,"href":"https:\/\/www.porlalibreedomex.com\/index.php?rest_route=\/wp\/v2\/media\/48561"}],"wp:attachment":[{"href":"https:\/\/www.porlalibreedomex.com\/index.php?rest_route=%2Fwp%2Fv2%2Fmedia&parent=48560"}],"wp:term":[{"taxonomy":"category","embeddable":true,"href":"https:\/\/www.porlalibreedomex.com\/index.php?rest_route=%2Fwp%2Fv2%2Fcategories&post=48560"},{"taxonomy":"post_tag","embeddable":true,"href":"https:\/\/www.porlalibreedomex.com\/index.php?rest_route=%2Fwp%2Fv2%2Ftags&post=48560"}],"curies":[{"name":"wp","href":"https:\/\/api.w.org\/{rel}","templated":true}]}}